{"id":48436,"date":"2014-07-03T09:36:33","date_gmt":"2014-07-03T13:36:33","guid":{"rendered":"http:\/\/www.eltrabajo.cl\/portal\/?p=48436"},"modified":"2014-07-03T09:36:33","modified_gmt":"2014-07-03T13:36:33","slug":"capturados-cuando-robaban-bicicleta-de-1-200-000","status":"publish","type":"post","link":"https:\/\/eltrabajo.cl\/portal\/capturados-cuando-robaban-bicicleta-de-1-200-000\/","title":{"rendered":"Capturados cuando robaban bicicleta de $1.200.000"},"content":{"rendered":"<figure id=\"attachment_48437\" aria-describedby=\"caption-attachment-48437\" style=\"width: 529px\" class=\"wp-caption alignnone\"><a href=\"https:\/\/i0.wp.com\/www.eltrabajo.cl\/portal\/wp-content\/uploads\/2014\/07\/Detenidos-robo.jpg\"><img data-recalc-dims=\"1\" loading=\"lazy\" decoding=\"async\" class=\"size-full wp-image-48437\" alt=\"Los adolescentes fueron detenidos por Carabineros la ma\u00f1ana de ayer mi\u00e9rcoles cuando pretend\u00edan robar una costosa bicicleta, por lo cual ser\u00e1n formalizados por la Fiscal\u00eda de San Felipe el d\u00eda de hoy.\" src=\"https:\/\/i0.wp.com\/www.eltrabajo.cl\/portal\/wp-content\/uploads\/2014\/07\/Detenidos-robo.jpg?resize=529%2C407\" width=\"529\" height=\"407\" srcset=\"https:\/\/i0.wp.com\/eltrabajo.cl\/portal\/wp-content\/uploads\/2014\/07\/Detenidos-robo.jpg?w=529&amp;ssl=1 529w, https:\/\/i0.wp.com\/eltrabajo.cl\/portal\/wp-content\/uploads\/2014\/07\/Detenidos-robo.jpg?resize=194%2C150&amp;ssl=1 194w, https:\/\/i0.wp.com\/eltrabajo.cl\/portal\/wp-content\/uploads\/2014\/07\/Detenidos-robo.jpg?resize=300%2C230&amp;ssl=1 300w, https:\/\/i0.wp.com\/eltrabajo.cl\/portal\/wp-content\/uploads\/2014\/07\/Detenidos-robo.jpg?resize=150%2C115&amp;ssl=1 150w, https:\/\/i0.wp.com\/eltrabajo.cl\/portal\/wp-content\/uploads\/2014\/07\/Detenidos-robo.jpg?resize=400%2C307&amp;ssl=1 400w\" sizes=\"auto, (max-width: 529px) 100vw, 529px\" \/><\/a><figcaption id=\"caption-attachment-48437\" class=\"wp-caption-text\">Los adolescentes fueron detenidos por Carabineros la ma\u00f1ana de ayer mi\u00e9rcoles cuando pretend\u00edan robar una costosa bicicleta, por lo cual ser\u00e1n formalizados por la Fiscal\u00eda de San Felipe el d\u00eda de hoy.<\/figcaption><\/figure>\n<p>Un nuevo robo se registr\u00f3 a eso de las 10:20 horas de la ma\u00f1ana de ayer mi\u00e9rcoles, al interior de una vivienda de Villa El Carmen, donde dos sujetos fueron detenidos cuando intentaban apoderarse de una costosa bicicleta de descenso avaluada en $1.200.000.<\/p>\n<p>De acuerdo al relato de testigos de los hechos que lograron describir a los delincuentes por medio de sus vestimentas, observaron el momento que los adolescentes ingresaron hasta la vivienda que a esas horas se encontraba sin moradores, ubicada en la intersecci\u00f3n de las calles Joaquina Vedruna con Guillermo Ortega de San Felipe, para escalar la reja.<\/p>\n<p>En breves minutos los efectivos de Carabineros se dirigieron hasta el lugar de los hechos, observando a uno de los hampones que se encontraba al interior de la vivienda y al advertir la presencia policial, huyeron junto al otro individuo cuando se dispon\u00edan a sustraer una bicicleta marca BMX aro 24 de color verde que se encontraba en el borde de la reja, lista para ser levantada para apoderarse de ella.<\/p>\n<p>Sin embargo, sus intenciones fueron frustradas por los oficiales de la polic\u00eda uniformada, quienes capturaron a los sujetos identificados como Maximiliano Andr\u00e9s T.G. de 18 a\u00f1os de edad y M.F.O.M. de 16 a\u00f1os, quienes no registran hasta ahora antecedentes penales.<\/p>\n<p>En tanto, el personal policial tom\u00f3 contacto con el propietario de la vivienda que se encontraba en su lugar de trabajo, quien indic\u00f3 ser el due\u00f1o de la bicicleta que la manten\u00eda en otro sector de su propiedad. No obstante los imputados ser\u00e1n sometidos a control de detenci\u00f3n en el Juzgado de Garant\u00eda de San Felipe para ser formalizados por el Ministerio P\u00fablico por el delito de Robo en lugar habitado frustrado el d\u00eda de hoy.<\/p>\n<p>Pablo Salinas Sald\u00edas<\/p>\n","protected":false},"excerpt":{"rendered":"<p>Un nuevo robo se registr\u00f3 a eso de las 10:20 horas de la ma\u00f1ana de ayer mi\u00e9rcoles, al interior de una vivienda de Villa El Carmen, donde dos sujetos fueron detenidos cuando&#8230;<\/p>\n","protected":false},"author":482,"featured_media":48437,"comment_status":"open","ping_status":"closed","sticky":false,"template":"","format":"standard","meta":{"advanced_seo_description":"","jetpack_seo_html_title":"","jetpack_seo_noindex":false,"_jetpack_memberships_contains_paid_content":false,"footnotes":""},"categories":[21],"tags":[],"class_list":["post-48436","post","type-post","status-publish","format-standard","has-post-thumbnail","hentry","category-policial"],"jetpack_featured_media_url":"https:\/\/i0.wp.com\/eltrabajo.cl\/portal\/wp-content\/uploads\/2014\/07\/Detenidos-robo.jpg?fit=529%2C407&ssl=1","jetpack_sharing_enabled":true,"jetpack_likes_enabled":true,"jetpack-related-posts":[],"_links":{"self":[{"href":"https:\/\/eltrabajo.cl\/portal\/wp-json\/wp\/v2\/posts\/48436","targetHints":{"allow":["GET"]}}],"collection":[{"href":"https:\/\/eltrabajo.cl\/portal\/wp-json\/wp\/v2\/posts"}],"about":[{"href":"https:\/\/eltrabajo.cl\/portal\/wp-json\/wp\/v2\/types\/post"}],"author":[{"embeddable":true,"href":"https:\/\/eltrabajo.cl\/portal\/wp-json\/wp\/v2\/users\/482"}],"replies":[{"embeddable":true,"href":"https:\/\/eltrabajo.cl\/portal\/wp-json\/wp\/v2\/comments?post=48436"}],"version-history":[{"count":0,"href":"https:\/\/eltrabajo.cl\/portal\/wp-json\/wp\/v2\/posts\/48436\/revisions"}],"wp:featuredmedia":[{"embeddable":true,"href":"https:\/\/eltrabajo.cl\/portal\/wp-json\/wp\/v2\/media\/48437"}],"wp:attachment":[{"href":"https:\/\/eltrabajo.cl\/portal\/wp-json\/wp\/v2\/media?parent=48436"}],"wp:term":[{"taxonomy":"category","embeddable":true,"href":"https:\/\/eltrabajo.cl\/portal\/wp-json\/wp\/v2\/categories?post=48436"},{"taxonomy":"post_tag","embeddable":true,"href":"https:\/\/eltrabajo.cl\/portal\/wp-json\/wp\/v2\/tags?post=48436"}],"curies":[{"name":"wp","href":"https:\/\/api.w.org\/{rel}","templated":true}]}}