{"id":48465,"date":"2014-07-04T09:19:54","date_gmt":"2014-07-04T13:19:54","guid":{"rendered":"http:\/\/www.eltrabajo.cl\/portal\/?p=48465"},"modified":"2014-07-04T09:19:54","modified_gmt":"2014-07-04T13:19:54","slug":"masiva-convocatoria-tuvo-torneo-de-voleibol-infantil","status":"publish","type":"post","link":"https:\/\/eltrabajo.cl\/portal\/masiva-convocatoria-tuvo-torneo-de-voleibol-infantil\/","title":{"rendered":"Masiva convocatoria tuvo torneo de voleibol infantil"},"content":{"rendered":"<figure id=\"attachment_48466\" aria-describedby=\"caption-attachment-48466\" style=\"width: 528px\" class=\"wp-caption alignnone\"><a href=\"https:\/\/i0.wp.com\/www.eltrabajo.cl\/portal\/wp-content\/uploads\/2014\/07\/Nenitas1.jpg\"><img data-recalc-dims=\"1\" loading=\"lazy\" decoding=\"async\" class=\"size-full wp-image-48466\" alt=\"ENTUSIASMO PURO.- En todo un \u00e9xito se traLnsform\u00f3 el campeonato infantil femenino de v\u00f3leibol, organizado por el Departamento de Deportes del Liceo Bicentenario Cordillera.\" src=\"https:\/\/i0.wp.com\/www.eltrabajo.cl\/portal\/wp-content\/uploads\/2014\/07\/Nenitas1.jpg?resize=528%2C296\" width=\"528\" height=\"296\" srcset=\"https:\/\/i0.wp.com\/eltrabajo.cl\/portal\/wp-content\/uploads\/2014\/07\/Nenitas1.jpg?w=528&amp;ssl=1 528w, https:\/\/i0.wp.com\/eltrabajo.cl\/portal\/wp-content\/uploads\/2014\/07\/Nenitas1.jpg?resize=200%2C112&amp;ssl=1 200w, https:\/\/i0.wp.com\/eltrabajo.cl\/portal\/wp-content\/uploads\/2014\/07\/Nenitas1.jpg?resize=300%2C168&amp;ssl=1 300w, https:\/\/i0.wp.com\/eltrabajo.cl\/portal\/wp-content\/uploads\/2014\/07\/Nenitas1.jpg?resize=150%2C84&amp;ssl=1 150w, https:\/\/i0.wp.com\/eltrabajo.cl\/portal\/wp-content\/uploads\/2014\/07\/Nenitas1.jpg?resize=400%2C224&amp;ssl=1 400w\" sizes=\"auto, (max-width: 528px) 100vw, 528px\" \/><\/a><figcaption id=\"caption-attachment-48466\" class=\"wp-caption-text\">ENTUSIASMO PURO.- En todo un \u00e9xito se traLnsform\u00f3 el campeonato infantil femenino de v\u00f3leibol, organizado por el Departamento de Deportes del Liceo Bicentenario Cordillera.<\/figcaption><\/figure>\n<p>En todo un \u00e9xito se transform\u00f3 el campeonato infantil femenino de v\u00f3leibol, organizado por el Departamento de Deportes del Liceo Bicentenario Cordillera. La actividad, que se realiz\u00f3 en el gimnasio de la Escuela Manuel Rodr\u00edguez, cont\u00f3 con la colaboraci\u00f3n del Instituto Nacional del Deporte, entidad que adem\u00e1s entreg\u00f3 las medallas de reconocimiento para las participantes de todas las delegaciones provenientes de los diferentes establecimientos educacionales de la comuna de San Felipe.<\/p>\n<figure id=\"attachment_48467\" aria-describedby=\"caption-attachment-48467\" style=\"width: 317px\" class=\"wp-caption alignright\"><a href=\"https:\/\/i0.wp.com\/www.eltrabajo.cl\/portal\/wp-content\/uploads\/2014\/07\/Eduardo-Ch%C3%A1vez.jpg\"><img data-recalc-dims=\"1\" loading=\"lazy\" decoding=\"async\" class=\" wp-image-48467 \" alt=\"Eduardo Ch\u00e1vez, encargado del Departamento de Deportes del Liceo Bicentenario Cordillera.\" src=\"https:\/\/i0.wp.com\/www.eltrabajo.cl\/portal\/wp-content\/uploads\/2014\/07\/Eduardo-Ch%C3%A1vez.jpg?resize=317%2C308\" width=\"317\" height=\"308\" srcset=\"https:\/\/i0.wp.com\/eltrabajo.cl\/portal\/wp-content\/uploads\/2014\/07\/Eduardo-Ch%C3%A1vez.jpg?w=529&amp;ssl=1 529w, https:\/\/i0.wp.com\/eltrabajo.cl\/portal\/wp-content\/uploads\/2014\/07\/Eduardo-Ch%C3%A1vez.jpg?resize=154%2C150&amp;ssl=1 154w, https:\/\/i0.wp.com\/eltrabajo.cl\/portal\/wp-content\/uploads\/2014\/07\/Eduardo-Ch%C3%A1vez.jpg?resize=300%2C291&amp;ssl=1 300w, https:\/\/i0.wp.com\/eltrabajo.cl\/portal\/wp-content\/uploads\/2014\/07\/Eduardo-Ch%C3%A1vez.jpg?resize=150%2C145&amp;ssl=1 150w, https:\/\/i0.wp.com\/eltrabajo.cl\/portal\/wp-content\/uploads\/2014\/07\/Eduardo-Ch%C3%A1vez.jpg?resize=400%2C388&amp;ssl=1 400w\" sizes=\"auto, (max-width: 317px) 100vw, 317px\" \/><\/a><figcaption id=\"caption-attachment-48467\" class=\"wp-caption-text\">Eduardo Ch\u00e1vez, encargado del Departamento de Deportes del Liceo Bicentenario Cordillera.<\/figcaption><\/figure>\n<p>La actividad fue encabezada por el Director de la Daem Iv\u00e1n Silva Padilla; el Director del Liceo Bicentenario Cordillera Jorge Sep\u00falveda; la Directora de la Escuela Manuel Rodr\u00edguez Paula Cabello, profesores, padres de las peque\u00f1itas; apoderados y una amplia gama de alumnas que representaban a sus respectivos establecimientos.<\/p>\n<p>Las categor\u00edas que participaron durante esta jornada correspond\u00edan a los a\u00f1os 2004-2005 y 2002-2003 y los establecimientos fueron Colegio Vedruna; Instituto Abd\u00f3n Cifuentes; Colegio Sunnyland; Escuela Bucalemu; Colegio Portaliano; Liceo Corina Urbina y el due\u00f1o de casa, el Liceo Bicentenario Cordillera.<\/p>\n<p>Eduardo Ch\u00e1vez, encargado del Departamento de Deportes del Liceo Bicentenario Cordillera, destac\u00f3 la convocatoria lograda con el campeonato, la participaci\u00f3n de los padres y apoderados y el apoyo de la autoridad comunal y de la Daem, que colaboraron con el transporte de las deportistas, lo que ayud\u00f3 a que la competencia fuera todo un \u00e9xito.<\/p>\n<p>En la oportunidad Carlos Iriarte, Coordinador de actividades deportivas escolares del IND, cont\u00f3 que \u00abestos son encuentros que se realizan en todas las comunas de la regi\u00f3n y en esta oportunidad este evento ha sido uno de los mejores organizados y con mayor convocatoria de la V regi\u00f3n\u00bb.<\/p>\n<p>\u00abCon el Liceo Bicentenario tenemos ganas de hacer cosas importantes, con encuentros de esta naturaleza de nivel escolar. Estamos pensando en una liga nacional escolar de voleibol que esperamos se pueda cristalizar para los meses de septiembre a noviembre y hay muchas ideas que se pueden llevar a cabo con estas ni\u00f1itas\u00bb, concluy\u00f3 Eduardo Ch\u00e1vez.<\/p>\n<p>En un emotivo discurso, Iv\u00e1n Silva dio la bienvenida a las diferentes delegaciones y les entreg\u00f3 el afectuoso saludo del Alcalde Patricio Freire, agregando que \u00aben esta gesti\u00f3n estamos preocupados del desarrollo de nuestros alumnos, y es nuestro deber, entregar los espacios para que as\u00ed sea, y hoy esto es una fiesta, con un marco impresionante de apoderados, quienes comparten la pasi\u00f3n del deporte con sus hijas\u00bb, manifest\u00f3 el directivo.<\/p>\n<p>&nbsp;<\/p>\n","protected":false},"excerpt":{"rendered":"<p>En todo un \u00e9xito se transform\u00f3 el campeonato infantil femenino de v\u00f3leibol, organizado por el Departamento de Deportes del Liceo Bicentenario Cordillera. La actividad, que se realiz\u00f3 en el gimnasio de la&#8230;<\/p>\n","protected":false},"author":482,"featured_media":48466,"comment_status":"open","ping_status":"closed","sticky":false,"template":"","format":"standard","meta":{"advanced_seo_description":"","jetpack_seo_html_title":"","jetpack_seo_noindex":false,"_jetpack_memberships_contains_paid_content":false,"footnotes":""},"categories":[15],"tags":[],"class_list":["post-48465","post","type-post","status-publish","format-standard","has-post-thumbnail","hentry","category-comunidad"],"jetpack_featured_media_url":"https:\/\/i0.wp.com\/eltrabajo.cl\/portal\/wp-content\/uploads\/2014\/07\/Nenitas1.jpg?fit=528%2C296&ssl=1","jetpack_sharing_enabled":true,"jetpack_likes_enabled":true,"jetpack-related-posts":[],"_links":{"self":[{"href":"https:\/\/eltrabajo.cl\/portal\/wp-json\/wp\/v2\/posts\/48465","targetHints":{"allow":["GET"]}}],"collection":[{"href":"https:\/\/eltrabajo.cl\/portal\/wp-json\/wp\/v2\/posts"}],"about":[{"href":"https:\/\/eltrabajo.cl\/portal\/wp-json\/wp\/v2\/types\/post"}],"author":[{"embeddable":true,"href":"https:\/\/eltrabajo.cl\/portal\/wp-json\/wp\/v2\/users\/482"}],"replies":[{"embeddable":true,"href":"https:\/\/eltrabajo.cl\/portal\/wp-json\/wp\/v2\/comments?post=48465"}],"version-history":[{"count":0,"href":"https:\/\/eltrabajo.cl\/portal\/wp-json\/wp\/v2\/posts\/48465\/revisions"}],"wp:featuredmedia":[{"embeddable":true,"href":"https:\/\/eltrabajo.cl\/portal\/wp-json\/wp\/v2\/media\/48466"}],"wp:attachment":[{"href":"https:\/\/eltrabajo.cl\/portal\/wp-json\/wp\/v2\/media?parent=48465"}],"wp:term":[{"taxonomy":"category","embeddable":true,"href":"https:\/\/eltrabajo.cl\/portal\/wp-json\/wp\/v2\/categories?post=48465"},{"taxonomy":"post_tag","embeddable":true,"href":"https:\/\/eltrabajo.cl\/portal\/wp-json\/wp\/v2\/tags?post=48465"}],"curies":[{"name":"wp","href":"https:\/\/api.w.org\/{rel}","templated":true}]}}