{"id":48470,"date":"2014-07-04T09:21:38","date_gmt":"2014-07-04T13:21:38","guid":{"rendered":"http:\/\/www.eltrabajo.cl\/portal\/?p=48470"},"modified":"2014-07-04T09:21:38","modified_gmt":"2014-07-04T13:21:38","slug":"jovenes-de-la-maria-espinola-conquistan-el-mejor-simce-de-la-comuna","status":"publish","type":"post","link":"https:\/\/eltrabajo.cl\/portal\/jovenes-de-la-maria-espinola-conquistan-el-mejor-simce-de-la-comuna\/","title":{"rendered":"J\u00f3venes de la Mar\u00eda Esp\u00ednola conquistan el mejor Simce de la comuna"},"content":{"rendered":"<figure id=\"attachment_48471\" aria-describedby=\"caption-attachment-48471\" style=\"width: 529px\" class=\"wp-caption alignnone\"><a href=\"https:\/\/i0.wp.com\/www.eltrabajo.cl\/portal\/wp-content\/uploads\/2014\/07\/Becados1.jpg\"><img data-recalc-dims=\"1\" loading=\"lazy\" decoding=\"async\" class=\"size-full wp-image-48471\" alt=\"MEJOR SIMCE COMUNAL.- Posan para nuestras c\u00e1maras: Ex-alumnos de 8\u00aa de la Escuela Mar\u00eda Esp\u00ednola Espinoza de San Fernando con sus respectivas madres: Soledad Chinch\u00f3n, hoy en Liceo Dar\u00edo Salas, participan en la orquesta juvenil y su madre Gema Fredes; William Jeg\u00f3, hoy en Colegio Pumanque, pertenece al taller de Guitarra avanzada  y su madre Rosa Lobo.\" src=\"https:\/\/i0.wp.com\/www.eltrabajo.cl\/portal\/wp-content\/uploads\/2014\/07\/Becados1.jpg?resize=529%2C369\" width=\"529\" height=\"369\" srcset=\"https:\/\/i0.wp.com\/eltrabajo.cl\/portal\/wp-content\/uploads\/2014\/07\/Becados1.jpg?w=529&amp;ssl=1 529w, https:\/\/i0.wp.com\/eltrabajo.cl\/portal\/wp-content\/uploads\/2014\/07\/Becados1.jpg?resize=200%2C139&amp;ssl=1 200w, https:\/\/i0.wp.com\/eltrabajo.cl\/portal\/wp-content\/uploads\/2014\/07\/Becados1.jpg?resize=300%2C209&amp;ssl=1 300w, https:\/\/i0.wp.com\/eltrabajo.cl\/portal\/wp-content\/uploads\/2014\/07\/Becados1.jpg?resize=150%2C104&amp;ssl=1 150w, https:\/\/i0.wp.com\/eltrabajo.cl\/portal\/wp-content\/uploads\/2014\/07\/Becados1.jpg?resize=400%2C279&amp;ssl=1 400w\" sizes=\"auto, (max-width: 529px) 100vw, 529px\" \/><\/a><figcaption id=\"caption-attachment-48471\" class=\"wp-caption-text\">MEJOR SIMCE COMUNAL.- Posan para nuestras c\u00e1maras: Ex-alumnos de 8\u00aa de la Escuela Mar\u00eda Esp\u00ednola Espinoza de San Fernando con sus respectivas madres: Soledad Chinch\u00f3n, hoy en Liceo Dar\u00edo Salas, participan en la orquesta juvenil y su madre Gema Fredes; William Jeg\u00f3, hoy en Colegio Pumanque, pertenece al taller de Guitarra avanzada y su madre Rosa Lobo.<\/figcaption><\/figure>\n<p><strong>SANTA MAR\u00cdA<\/strong>.- Con la asistencia de un teatro municipal repleto, se hizo entrega de las nuevas becas Presidente de la Rep\u00fablica 2014 e Ind\u00edgena en la comuna de Santa Mar\u00eda. Hoy por hoy, esta ciudad registra a la fecha un total de 250 becas, quiz\u00e1s la mayor cantidad, en relaci\u00f3n a otros lugares de Chile. Esta beca apoya econ\u00f3micamente a estudiantes de escasos recursos y de un rendimiento acad\u00e9mico sobresaliente, considerando una situaci\u00f3n socioecon\u00f3mica vulnerable, para que realicen sus estudios de educaci\u00f3n media y superior.<\/p>\n<p><strong>LOS REQUISITOS<\/strong><\/p>\n<p>Los requisitos de postulaci\u00f3n se relacionan con encontrarse matriculado en alg\u00fan establecimiento educacional de Educaci\u00f3n Media reconocido por el Estado; acreditar una situaci\u00f3n socioecon\u00f3mica deficiente que justifique la necesidad del beneficio, conforme a la pauta de evaluaci\u00f3n socioecon\u00f3mica elaborada por Junaeb, que eval\u00faa dimensiones tales como carencia o precariedad del empleo, necesidad de la vivienda y equipamiento de la misma, jefatura mono-parental femenina; embarazo adolescente entre otros; acreditar, por parte de los alumnos que ingresan al nivel de educaci\u00f3n media y los que cursen este nivel educacional, el cumplimiento de un promedio m\u00ednimo de notas 6.0 durante el a\u00f1o lectivo anterior al de postulaci\u00f3n (octavo a\u00f1o).<\/p>\n<p>La cantidad que reciben los alumnos en ense\u00f1anza media es de $25.000.<\/p>\n<p>Beca Ind\u00edgena en Ense\u00f1anza B\u00e1sica $190.000.<\/p>\n<p>Ense\u00f1anza Media $ 180.000; ense\u00f1anza Superior $600.000.<\/p>\n<p>El Alcalde Claudio Zurita, en forma muy emocionada se refiri\u00f3 a esta ceremonia, se\u00f1alando que era un acto al cual le daba mucha prioridad, por cuanto estas becas han estado brindando apoyo a un grupo numeroso de estudiantes con talentos diferentes, y que con constancia, mucho esfuerzo les permitir\u00e1 a cada uno de ellos llegar a estudios superiores. Agreg\u00f3 que la educaci\u00f3n es la \u00fanica herramienta de movilidad social, que \u00e9l fue becado Presidente de la Rep\u00fablica y la mantuvo en la universidad. Es una gran satisfacci\u00f3n personal acceder a este beneficio. Sobre todo para quienes m\u00e1s lo necesiten. Que entre ellos y ellas podr\u00eda haber a futuro un muy buen servidor p\u00fablico: un concejal, alcalde, diputado o senador.<\/p>\n<p>&nbsp;<\/p>\n","protected":false},"excerpt":{"rendered":"<p>SANTA MAR\u00cdA.- Con la asistencia de un teatro municipal repleto, se hizo entrega de las nuevas becas Presidente de la Rep\u00fablica 2014 e Ind\u00edgena en la comuna de Santa Mar\u00eda. Hoy por&#8230;<\/p>\n","protected":false},"author":482,"featured_media":48471,"comment_status":"open","ping_status":"closed","sticky":false,"template":"","format":"standard","meta":{"advanced_seo_description":"","jetpack_seo_html_title":"","jetpack_seo_noindex":false,"_jetpack_memberships_contains_paid_content":false,"footnotes":""},"categories":[15],"tags":[],"class_list":["post-48470","post","type-post","status-publish","format-standard","has-post-thumbnail","hentry","category-comunidad"],"jetpack_featured_media_url":"https:\/\/i0.wp.com\/eltrabajo.cl\/portal\/wp-content\/uploads\/2014\/07\/Becados1.jpg?fit=529%2C369&ssl=1","jetpack_sharing_enabled":true,"jetpack_likes_enabled":true,"jetpack-related-posts":[],"_links":{"self":[{"href":"https:\/\/eltrabajo.cl\/portal\/wp-json\/wp\/v2\/posts\/48470","targetHints":{"allow":["GET"]}}],"collection":[{"href":"https:\/\/eltrabajo.cl\/portal\/wp-json\/wp\/v2\/posts"}],"about":[{"href":"https:\/\/eltrabajo.cl\/portal\/wp-json\/wp\/v2\/types\/post"}],"author":[{"embeddable":true,"href":"https:\/\/eltrabajo.cl\/portal\/wp-json\/wp\/v2\/users\/482"}],"replies":[{"embeddable":true,"href":"https:\/\/eltrabajo.cl\/portal\/wp-json\/wp\/v2\/comments?post=48470"}],"version-history":[{"count":0,"href":"https:\/\/eltrabajo.cl\/portal\/wp-json\/wp\/v2\/posts\/48470\/revisions"}],"wp:featuredmedia":[{"embeddable":true,"href":"https:\/\/eltrabajo.cl\/portal\/wp-json\/wp\/v2\/media\/48471"}],"wp:attachment":[{"href":"https:\/\/eltrabajo.cl\/portal\/wp-json\/wp\/v2\/media?parent=48470"}],"wp:term":[{"taxonomy":"category","embeddable":true,"href":"https:\/\/eltrabajo.cl\/portal\/wp-json\/wp\/v2\/categories?post=48470"},{"taxonomy":"post_tag","embeddable":true,"href":"https:\/\/eltrabajo.cl\/portal\/wp-json\/wp\/v2\/tags?post=48470"}],"curies":[{"name":"wp","href":"https:\/\/api.w.org\/{rel}","templated":true}]}}