{"id":4848,"date":"2011-10-17T08:29:54","date_gmt":"2011-10-17T12:29:54","guid":{"rendered":"http:\/\/www.eltrabajo.cl\/portal\/?p=4848"},"modified":"2011-10-17T08:29:54","modified_gmt":"2011-10-17T12:29:54","slug":"comenzo-a-funcionar-oficialmente-servicio-urgencia-rural-san-esteban","status":"publish","type":"post","link":"https:\/\/eltrabajo.cl\/portal\/comenzo-a-funcionar-oficialmente-servicio-urgencia-rural-san-esteban\/","title":{"rendered":"Comenz\u00f3 a funcionar oficialmente Servicio Urgencia Rural San Esteban"},"content":{"rendered":"<figure id=\"attachment_4849\" aria-describedby=\"caption-attachment-4849\" style=\"width: 600px\" class=\"wp-caption alignnone\"><a href=\"http:\/\/www.eltrabajo.cl\/portal\/archives\/4848\/sur-servicio-urgencia-rural-san-esteban\" rel=\"attachment wp-att-4849\"><img data-recalc-dims=\"1\" loading=\"lazy\" decoding=\"async\" class=\"size-full wp-image-4849\" title=\"sur servicio urgencia rural san esteban\" src=\"https:\/\/i0.wp.com\/www.eltrabajo.cl\/portal\/wp-content\/uploads\/2011\/10\/sur-servicio-urgencia-rural-san-esteban.jpg?resize=600%2C450\" alt=\"\" width=\"600\" height=\"450\" srcset=\"https:\/\/i0.wp.com\/eltrabajo.cl\/portal\/wp-content\/uploads\/2011\/10\/sur-servicio-urgencia-rural-san-esteban.jpg?w=600&amp;ssl=1 600w, https:\/\/i0.wp.com\/eltrabajo.cl\/portal\/wp-content\/uploads\/2011\/10\/sur-servicio-urgencia-rural-san-esteban.jpg?resize=200%2C150&amp;ssl=1 200w, https:\/\/i0.wp.com\/eltrabajo.cl\/portal\/wp-content\/uploads\/2011\/10\/sur-servicio-urgencia-rural-san-esteban.jpg?resize=300%2C225&amp;ssl=1 300w, https:\/\/i0.wp.com\/eltrabajo.cl\/portal\/wp-content\/uploads\/2011\/10\/sur-servicio-urgencia-rural-san-esteban.jpg?resize=150%2C112&amp;ssl=1 150w, https:\/\/i0.wp.com\/eltrabajo.cl\/portal\/wp-content\/uploads\/2011\/10\/sur-servicio-urgencia-rural-san-esteban.jpg?resize=400%2C300&amp;ssl=1 400w\" sizes=\"auto, (max-width: 600px) 100vw, 600px\" \/><\/a><figcaption id=\"caption-attachment-4849\" class=\"wp-caption-text\">Diversas autoridades participaron de la inauguraci\u00f1on del nuevo Servicio de Urgencia Rural de San Esteban (SUR).<\/figcaption><\/figure>\n<p>Con una sencilla ceremonia y la participaci\u00f3n de diversas autoridades y dirigentes comunitarios, fue inaugurado oficialmente el nuevo Servicio de Urgencia Rural de San Esteban (SUR), el que estar\u00e1 a disposici\u00f3n de la comunidad en horarios en los que el Centro de Salud Familiar de la comuna no se encuentra en funcionamiento, ocupando las mismas dependencias.<\/p>\n<p>El SUR funcionar\u00e1 de lunes a jueves de 20 a 23 horas, en tanto los viernes lo har\u00e1 de 19 a 23 horas, y los s\u00e1bado, domingo y festivos de 16 a 23 horas.<\/p>\n<p>En la oportunidad, Rodrigo Infante, Director del Servicio de Salud Aconcagua y Ren\u00e9 Mardones, Alcalde de San Esteban, recordaron que este compromiso hab\u00eda sido asumido por las autoridades durante la inauguraci\u00f3n del Cecosf de Lo Calvo, por lo que con esta acci\u00f3n se est\u00e1 dando cumplimiento a lo expresado a los vecinos, quienes podr\u00e1n encontrar atenci\u00f3n de urgencia para situaciones de menor complejidad y que no necesariamente deben ser resueltas en los Servicios de Urgencia de los hospitales.<\/p>\n<p>\u00abEsperamos que la comunidad de San Esteban puedan aprovechar de buena forma este dispositivo sanitario, ya que podr\u00e1n encontrar una serie de prestaciones de atenci\u00f3n de urgencia y para las que no es necesario que viajen al Hospital de Los Andes para atenderse, ya que ah\u00ed siempre tendr\u00e1n prioridad los casos que constituyan un riesgo para la vida de los pacientes. Como gobierno nos hemos preocupado de poner estos recursos a disposici\u00f3n de estos municipios para implementar prestaciones que permitan que la comunidad tenga un acceso m\u00e1s igualitario a las prestaciones de salud, y eso es lo que vemos en este Servicio de Urgencia Rural, que es un reflejo de c\u00f3mo se han dispuesto recursos para la atenci\u00f3n primaria\u00bb, manifest\u00f3 el Director del Servicio de Salud Aconcagua, Rodrigo Infante.<\/p>\n<p>Por su parte, el Alcalde Ren\u00e9 Mardones destac\u00f3 la importancia que tiene este servicio para la comuna: \u00abYa en la inauguraci\u00f3n del Cecosf de Lo Calvo hab\u00edamos anunciado la pronta puesta en marcha de este servicio, con lo que se cumple lo que se hab\u00eda dicho a los vecinos y que fortalece la atenci\u00f3n primaria de nuestra comuna, reforz\u00e1ndola tanto en horario como en extensi\u00f3n territorial\u00bb, manifest\u00f3 la primera autoridad comunal.<\/p>\n<p>Finalmente, ambas autoridades coincidieron en la necesidad de un nuevo centro de salud, por lo que se comenzar\u00e1 a trabajar en conjunto dentro de los pr\u00f3ximos d\u00edas, con el fin de generar un proyecto que permita brindar mayor cobertura sanitaria a los habitantes de la comuna. As\u00ed tambi\u00e9n, se anunci\u00f3 que en los pr\u00f3ximos d\u00edas el Concejo Municipal aprobar\u00e1 la compra de un terreno de 4.000 metros cuadrados que permita dar el primer paso para la construcci\u00f3n de un nuevo Cesfam.<\/p>\n","protected":false},"excerpt":{"rendered":"<p>Con una sencilla ceremonia y la participaci\u00f3n de diversas autoridades y dirigentes comunitarios, fue inaugurado oficialmente el nuevo Servicio de Urgencia Rural de San Esteban (SUR), el que estar\u00e1 a disposici\u00f3n de&#8230;<\/p>\n","protected":false},"author":482,"featured_media":4849,"comment_status":"open","ping_status":"open","sticky":false,"template":"","format":"standard","meta":{"advanced_seo_description":"","jetpack_seo_html_title":"","jetpack_seo_noindex":false,"_jetpack_memberships_contains_paid_content":false,"footnotes":""},"categories":[18],"tags":[],"class_list":["post-4848","post","type-post","status-publish","format-standard","has-post-thumbnail","hentry","category-salud"],"jetpack_featured_media_url":"https:\/\/i0.wp.com\/eltrabajo.cl\/portal\/wp-content\/uploads\/2011\/10\/sur-servicio-urgencia-rural-san-esteban.jpg?fit=600%2C450&ssl=1","jetpack_sharing_enabled":true,"jetpack_likes_enabled":true,"jetpack-related-posts":[],"_links":{"self":[{"href":"https:\/\/eltrabajo.cl\/portal\/wp-json\/wp\/v2\/posts\/4848","targetHints":{"allow":["GET"]}}],"collection":[{"href":"https:\/\/eltrabajo.cl\/portal\/wp-json\/wp\/v2\/posts"}],"about":[{"href":"https:\/\/eltrabajo.cl\/portal\/wp-json\/wp\/v2\/types\/post"}],"author":[{"embeddable":true,"href":"https:\/\/eltrabajo.cl\/portal\/wp-json\/wp\/v2\/users\/482"}],"replies":[{"embeddable":true,"href":"https:\/\/eltrabajo.cl\/portal\/wp-json\/wp\/v2\/comments?post=4848"}],"version-history":[{"count":0,"href":"https:\/\/eltrabajo.cl\/portal\/wp-json\/wp\/v2\/posts\/4848\/revisions"}],"wp:featuredmedia":[{"embeddable":true,"href":"https:\/\/eltrabajo.cl\/portal\/wp-json\/wp\/v2\/media\/4849"}],"wp:attachment":[{"href":"https:\/\/eltrabajo.cl\/portal\/wp-json\/wp\/v2\/media?parent=4848"}],"wp:term":[{"taxonomy":"category","embeddable":true,"href":"https:\/\/eltrabajo.cl\/portal\/wp-json\/wp\/v2\/categories?post=4848"},{"taxonomy":"post_tag","embeddable":true,"href":"https:\/\/eltrabajo.cl\/portal\/wp-json\/wp\/v2\/tags?post=4848"}],"curies":[{"name":"wp","href":"https:\/\/api.w.org\/{rel}","templated":true}]}}