{"id":48487,"date":"2014-07-04T09:33:29","date_gmt":"2014-07-04T13:33:29","guid":{"rendered":"http:\/\/www.eltrabajo.cl\/portal\/?p=48487"},"modified":"2014-07-04T09:33:29","modified_gmt":"2014-07-04T13:33:29","slug":"sufrio-quemaduras-en-mayo-y-fallecio-la-manana-de-ayer-jueves","status":"publish","type":"post","link":"https:\/\/eltrabajo.cl\/portal\/sufrio-quemaduras-en-mayo-y-fallecio-la-manana-de-ayer-jueves\/","title":{"rendered":"Sufri\u00f3 quemaduras en mayo y falleci\u00f3 la ma\u00f1ana de ayer jueves"},"content":{"rendered":"<figure id=\"attachment_48480\" aria-describedby=\"caption-attachment-48480\" style=\"width: 529px\" class=\"wp-caption alignnone\"><a href=\"https:\/\/i0.wp.com\/www.eltrabajo.cl\/portal\/wp-content\/uploads\/2014\/07\/Hospital11.jpg\"><img data-recalc-dims=\"1\" loading=\"lazy\" decoding=\"async\" class=\"size-full wp-image-48480\" alt=\"Jeanette De la Barrera confirm\u00f3 el deceso de esta usuaria, de aproximadamente 67 a\u00f1os de edad.\" src=\"https:\/\/i0.wp.com\/www.eltrabajo.cl\/portal\/wp-content\/uploads\/2014\/07\/Hospital11.jpg?resize=529%2C285\" width=\"529\" height=\"285\" srcset=\"https:\/\/i0.wp.com\/eltrabajo.cl\/portal\/wp-content\/uploads\/2014\/07\/Hospital11.jpg?w=529&amp;ssl=1 529w, https:\/\/i0.wp.com\/eltrabajo.cl\/portal\/wp-content\/uploads\/2014\/07\/Hospital11.jpg?resize=200%2C107&amp;ssl=1 200w, https:\/\/i0.wp.com\/eltrabajo.cl\/portal\/wp-content\/uploads\/2014\/07\/Hospital11.jpg?resize=300%2C161&amp;ssl=1 300w, https:\/\/i0.wp.com\/eltrabajo.cl\/portal\/wp-content\/uploads\/2014\/07\/Hospital11.jpg?resize=150%2C80&amp;ssl=1 150w, https:\/\/i0.wp.com\/eltrabajo.cl\/portal\/wp-content\/uploads\/2014\/07\/Hospital11.jpg?resize=400%2C215&amp;ssl=1 400w\" sizes=\"auto, (max-width: 529px) 100vw, 529px\" \/><\/a><figcaption id=\"caption-attachment-48480\" class=\"wp-caption-text\">Jeanette De la Barrera confirm\u00f3 el deceso de esta usuaria, de aproximadamente 67 a\u00f1os de edad.<\/figcaption><\/figure>\n<p><strong>PUTAENDO.<\/strong>&#8211; Debido a las graves quemaduras sufridas en un lamentable hecho ocurrido al interior de la Unidad de Psicogeriatr\u00eda del Hospital Psiqui\u00e1trico Dr. Phillipe Pinel y despu\u00e9s de m\u00e1s de un mes internada en la Cl\u00ednica Indisa, la ma\u00f1ana de este jueves falleci\u00f3 la usuaria que se encontraba internada en ese recinto de salud. Telef\u00f3nicamente la directora del hospital psiqui\u00e1trico, Jeanette De la Barrera confirm\u00f3 el deceso de esta usuaria, de aproximadamente 67 a\u00f1os de edad, quien se encontraba internada en la Unidad de Psicogeriatr\u00eda del Hosp. Phillipe Pinel y que el s\u00e1bado 24 de mayo de este result\u00f3 con quemaduras luego que producto de la radiaci\u00f3n emanada por una estufa, se inflamara el pa\u00f1al tra\u00eda puesto y parte de su ropa.<\/p>\n<p><strong>SIN FAMILIARES<\/strong><\/p>\n<p>De la Barrera lament\u00f3 esta triste noticia y se\u00f1al\u00f3 que la usuaria fallecida llevaba m\u00e1s de 40 a\u00f1os al interior del hospital y que nunca recibi\u00f3 visita ni preocupaci\u00f3n de familiares, por lo que siempre su familia fueron los funcionarios y el resto de los usuarios del hospital, ante lo cual a primera hora de este jueves un equipo de profesionales del recinto viaj\u00f3 hasta la Cl\u00ednica Indisa para hacerse cargo de todos los tr\u00e1mites y trasladarla hasta el Hospital Psiqui\u00e1trico, donde ser\u00e1 velada y posteriormente ser\u00e1 sepultada en el Cementerio Parroquial de Putaendo.<\/p>\n<p>Patricio Gallardo M.<\/p>\n","protected":false},"excerpt":{"rendered":"<p>PUTAENDO.&#8211; Debido a las graves quemaduras sufridas en un lamentable hecho ocurrido al interior de la Unidad de Psicogeriatr\u00eda del Hospital Psiqui\u00e1trico Dr. Phillipe Pinel y despu\u00e9s de m\u00e1s de un mes&#8230;<\/p>\n","protected":false},"author":482,"featured_media":48480,"comment_status":"open","ping_status":"closed","sticky":false,"template":"","format":"standard","meta":{"advanced_seo_description":"","jetpack_seo_html_title":"","jetpack_seo_noindex":false,"_jetpack_memberships_contains_paid_content":false,"footnotes":""},"categories":[15],"tags":[],"class_list":["post-48487","post","type-post","status-publish","format-standard","has-post-thumbnail","hentry","category-comunidad"],"jetpack_featured_media_url":"https:\/\/i0.wp.com\/eltrabajo.cl\/portal\/wp-content\/uploads\/2014\/07\/Hospital11.jpg?fit=529%2C285&ssl=1","jetpack_sharing_enabled":true,"jetpack_likes_enabled":true,"jetpack-related-posts":[],"_links":{"self":[{"href":"https:\/\/eltrabajo.cl\/portal\/wp-json\/wp\/v2\/posts\/48487","targetHints":{"allow":["GET"]}}],"collection":[{"href":"https:\/\/eltrabajo.cl\/portal\/wp-json\/wp\/v2\/posts"}],"about":[{"href":"https:\/\/eltrabajo.cl\/portal\/wp-json\/wp\/v2\/types\/post"}],"author":[{"embeddable":true,"href":"https:\/\/eltrabajo.cl\/portal\/wp-json\/wp\/v2\/users\/482"}],"replies":[{"embeddable":true,"href":"https:\/\/eltrabajo.cl\/portal\/wp-json\/wp\/v2\/comments?post=48487"}],"version-history":[{"count":0,"href":"https:\/\/eltrabajo.cl\/portal\/wp-json\/wp\/v2\/posts\/48487\/revisions"}],"wp:featuredmedia":[{"embeddable":true,"href":"https:\/\/eltrabajo.cl\/portal\/wp-json\/wp\/v2\/media\/48480"}],"wp:attachment":[{"href":"https:\/\/eltrabajo.cl\/portal\/wp-json\/wp\/v2\/media?parent=48487"}],"wp:term":[{"taxonomy":"category","embeddable":true,"href":"https:\/\/eltrabajo.cl\/portal\/wp-json\/wp\/v2\/categories?post=48487"},{"taxonomy":"post_tag","embeddable":true,"href":"https:\/\/eltrabajo.cl\/portal\/wp-json\/wp\/v2\/tags?post=48487"}],"curies":[{"name":"wp","href":"https:\/\/api.w.org\/{rel}","templated":true}]}}