{"id":48489,"date":"2014-07-04T09:35:30","date_gmt":"2014-07-04T13:35:30","guid":{"rendered":"http:\/\/www.eltrabajo.cl\/portal\/?p=48489"},"modified":"2014-07-04T09:35:30","modified_gmt":"2014-07-04T13:35:30","slug":"muere-nino-de-ocho-anos-tras-cuadro-diarreico-no-tratado","status":"publish","type":"post","link":"https:\/\/eltrabajo.cl\/portal\/muere-nino-de-ocho-anos-tras-cuadro-diarreico-no-tratado\/","title":{"rendered":"Muere ni\u00f1o de ocho a\u00f1os tras cuadro diarreico no tratado"},"content":{"rendered":"<figure id=\"attachment_48490\" aria-describedby=\"caption-attachment-48490\" style=\"width: 317px\" class=\"wp-caption alignleft\"><a href=\"https:\/\/i0.wp.com\/www.eltrabajo.cl\/portal\/wp-content\/uploads\/2014\/07\/Doctor-Jefe-Samu.jpg\"><img data-recalc-dims=\"1\" loading=\"lazy\" decoding=\"async\" class=\" wp-image-48490 \" alt=\"Jefe de Urgencias del Hospital San Camilo, Doctor Juan Mu\u00f1oz Contreras.\" src=\"https:\/\/i0.wp.com\/www.eltrabajo.cl\/portal\/wp-content\/uploads\/2014\/07\/Doctor-Jefe-Samu.jpg?resize=317%2C292\" width=\"317\" height=\"292\" srcset=\"https:\/\/i0.wp.com\/eltrabajo.cl\/portal\/wp-content\/uploads\/2014\/07\/Doctor-Jefe-Samu.jpg?w=529&amp;ssl=1 529w, https:\/\/i0.wp.com\/eltrabajo.cl\/portal\/wp-content\/uploads\/2014\/07\/Doctor-Jefe-Samu.jpg?resize=163%2C150&amp;ssl=1 163w, https:\/\/i0.wp.com\/eltrabajo.cl\/portal\/wp-content\/uploads\/2014\/07\/Doctor-Jefe-Samu.jpg?resize=300%2C275&amp;ssl=1 300w, https:\/\/i0.wp.com\/eltrabajo.cl\/portal\/wp-content\/uploads\/2014\/07\/Doctor-Jefe-Samu.jpg?resize=150%2C137&amp;ssl=1 150w, https:\/\/i0.wp.com\/eltrabajo.cl\/portal\/wp-content\/uploads\/2014\/07\/Doctor-Jefe-Samu.jpg?resize=400%2C367&amp;ssl=1 400w\" sizes=\"auto, (max-width: 317px) 100vw, 317px\" \/><\/a><figcaption id=\"caption-attachment-48490\" class=\"wp-caption-text\">Jefe de Urgencias del Hospital San Camilo, Doctor Juan Mu\u00f1oz Contreras.<\/figcaption><\/figure>\n<p>V\u00edctima de un paro cardio-respiratorio falleci\u00f3 un peque\u00f1o de ocho a\u00f1os identificado como Francisco Javier Gonz\u00e1lez Maureira, tras presentar un cuadro diarreico infeccioso que no fue tratado a tiempo en un centro asistencial, falleciendo por deshidrataci\u00f3n cerca de la 04:00 horas de la madrugada de ayer jueves al interior de su vivienda en Villa Departamental de San Felipe.<\/p>\n<p><strong>FUE MUY TARDE<\/strong><\/p>\n<p>Aunque se requiri\u00f3 la presencia de los personeros del Samu, quienes realizaron las primeras diligencias de reanimaci\u00f3n del peque\u00f1o Francisco, el ni\u00f1o debi\u00f3 ser trasladado hasta el Servicio de Urgencias del Hospital San Camilo de San Felipe, pero ya sin signos vitales.<\/p>\n<p>En tanto los profesionales continuaron con las labores de reanimaci\u00f3n para lograr estabilizarlo por m\u00e1s de una hora, confirm\u00e1ndose su deceso pasadas las 05:00 horas de la madrugada por el Jefe de Urgencias, Doctor Juan Mu\u00f1oz Contreras.<\/p>\n<figure id=\"attachment_48491\" aria-describedby=\"caption-attachment-48491\" style=\"width: 317px\" class=\"wp-caption alignright\"><a href=\"https:\/\/i0.wp.com\/www.eltrabajo.cl\/portal\/wp-content\/uploads\/2014\/07\/Samu1.jpg\"><img data-recalc-dims=\"1\" loading=\"lazy\" decoding=\"async\" class=\" wp-image-48491 \" alt=\"IMPOSIBLE SALVARLO.- Aunque personal del Samu intent\u00f3 reanimar al peque\u00f1o Francisco Javier Gonz\u00e1lez Maureira, sus maniobras fueron infructuosas, el menor ya estaba muerto. (Ilustraci\u00f3n referencial)\" src=\"https:\/\/i0.wp.com\/www.eltrabajo.cl\/portal\/wp-content\/uploads\/2014\/07\/Samu1.jpg?resize=317%2C283\" width=\"317\" height=\"283\" srcset=\"https:\/\/i0.wp.com\/eltrabajo.cl\/portal\/wp-content\/uploads\/2014\/07\/Samu1.jpg?w=529&amp;ssl=1 529w, https:\/\/i0.wp.com\/eltrabajo.cl\/portal\/wp-content\/uploads\/2014\/07\/Samu1.jpg?resize=168%2C150&amp;ssl=1 168w, https:\/\/i0.wp.com\/eltrabajo.cl\/portal\/wp-content\/uploads\/2014\/07\/Samu1.jpg?resize=300%2C267&amp;ssl=1 300w, https:\/\/i0.wp.com\/eltrabajo.cl\/portal\/wp-content\/uploads\/2014\/07\/Samu1.jpg?resize=150%2C133&amp;ssl=1 150w, https:\/\/i0.wp.com\/eltrabajo.cl\/portal\/wp-content\/uploads\/2014\/07\/Samu1.jpg?resize=400%2C356&amp;ssl=1 400w\" sizes=\"auto, (max-width: 317px) 100vw, 317px\" \/><\/a><figcaption id=\"caption-attachment-48491\" class=\"wp-caption-text\">IMPOSIBLE SALVARLO.- Aunque personal del Samu intent\u00f3 reanimar al peque\u00f1o Francisco Javier Gonz\u00e1lez Maureira, sus maniobras fueron infructuosas, el menor ya estaba muerto. (Ilustraci\u00f3n referencial)<\/figcaption><\/figure>\n<p>\u201cSe realizaron maniobras de reanimaci\u00f3n y se trajo en esas condiciones hasta el Servicio de Urgencias del Hospital. El diagn\u00f3stico que tenemos es un cuadro diarreico que no ten\u00eda control ni tratamiento, es el antecedente que se registra como consulta del paciente, ingres\u00f3 sin signos vitales pero por la edad del paciente y el pron\u00f3stico se realizaron distintas maniobras. Aparentemente no se trat\u00f3 a tiempo este cuadro diarreico probablemente infeccioso, que se tiene que determinar mediante el Servicio M\u00e9dico Legal para determinar con exactitud la causa de defunci\u00f3n\u201d, precis\u00f3 el Doctor Mu\u00f1oz.<\/p>\n<p><strong>REPORTE OFICIAL<\/strong><\/p>\n<p>Aunque se desconocen las razones del por qu\u00e9 sus padres no auxiliaron a tiempo la salud del menor o si exist\u00edan patolog\u00edas asociadas. Desde el Hospital San Camilo confirmaron que no existen registros en su ficha m\u00e9dica en los \u00faltimos d\u00edas con requerimientos de atenci\u00f3n m\u00e9dica en centros hospitalarios de la provincia.<\/p>\n<p>No obstante, por orden de la Fiscal\u00eda de San Felipe concurri\u00f3 hasta el Hospital San Camilo personal de la Brigada de Homicidios de la Polic\u00eda de Investigaciones, realizando las primeras diligencias que en primera instancia el menor podr\u00eda haber sufrido una asfixia con contenido g\u00e1strico tras intensos v\u00f3mitos que derivaron en un paro cardio-respiratorio, diagn\u00f3stico que deber\u00e1 ser confirmado mediante la autopsia.<\/p>\n<p>\u201cSe realizan ex\u00e1menes al cuerpo del menor, de acuerdo a las caracter\u00edsticas estamos en presencia de un fallecimiento causado por una asfixia por aspiraci\u00f3n de contenido g\u00e1strico, por lo tanto el menor es derivado al Servicio M\u00e9dico Legal de San Felipe, en donde determinar\u00edan la causa precisa y exacta del fallecimiento. Las primeras diligencias descartan la intervenci\u00f3n de terceras personas en este hecho\u00bb, coment\u00f3 el Subcomisario Carlos Alegr\u00eda a Diario El Trabajo.<\/p>\n<p>Pablo Salinas Sald\u00edas<\/p>\n","protected":false},"excerpt":{"rendered":"<p>V\u00edctima de un paro cardio-respiratorio falleci\u00f3 un peque\u00f1o de ocho a\u00f1os identificado como Francisco Javier Gonz\u00e1lez Maureira, tras presentar un cuadro diarreico infeccioso que no fue tratado a tiempo en un centro&#8230;<\/p>\n","protected":false},"author":482,"featured_media":48490,"comment_status":"open","ping_status":"closed","sticky":false,"template":"","format":"standard","meta":{"advanced_seo_description":"","jetpack_seo_html_title":"","jetpack_seo_noindex":false,"_jetpack_memberships_contains_paid_content":false,"footnotes":""},"categories":[21],"tags":[],"class_list":["post-48489","post","type-post","status-publish","format-standard","has-post-thumbnail","hentry","category-policial"],"jetpack_featured_media_url":"https:\/\/i0.wp.com\/eltrabajo.cl\/portal\/wp-content\/uploads\/2014\/07\/Doctor-Jefe-Samu.jpg?fit=529%2C486&ssl=1","jetpack_sharing_enabled":true,"jetpack_likes_enabled":true,"jetpack-related-posts":[],"_links":{"self":[{"href":"https:\/\/eltrabajo.cl\/portal\/wp-json\/wp\/v2\/posts\/48489","targetHints":{"allow":["GET"]}}],"collection":[{"href":"https:\/\/eltrabajo.cl\/portal\/wp-json\/wp\/v2\/posts"}],"about":[{"href":"https:\/\/eltrabajo.cl\/portal\/wp-json\/wp\/v2\/types\/post"}],"author":[{"embeddable":true,"href":"https:\/\/eltrabajo.cl\/portal\/wp-json\/wp\/v2\/users\/482"}],"replies":[{"embeddable":true,"href":"https:\/\/eltrabajo.cl\/portal\/wp-json\/wp\/v2\/comments?post=48489"}],"version-history":[{"count":0,"href":"https:\/\/eltrabajo.cl\/portal\/wp-json\/wp\/v2\/posts\/48489\/revisions"}],"wp:featuredmedia":[{"embeddable":true,"href":"https:\/\/eltrabajo.cl\/portal\/wp-json\/wp\/v2\/media\/48490"}],"wp:attachment":[{"href":"https:\/\/eltrabajo.cl\/portal\/wp-json\/wp\/v2\/media?parent=48489"}],"wp:term":[{"taxonomy":"category","embeddable":true,"href":"https:\/\/eltrabajo.cl\/portal\/wp-json\/wp\/v2\/categories?post=48489"},{"taxonomy":"post_tag","embeddable":true,"href":"https:\/\/eltrabajo.cl\/portal\/wp-json\/wp\/v2\/tags?post=48489"}],"curies":[{"name":"wp","href":"https:\/\/api.w.org\/{rel}","templated":true}]}}