{"id":48504,"date":"2014-07-07T09:22:29","date_gmt":"2014-07-07T13:22:29","guid":{"rendered":"http:\/\/www.eltrabajo.cl\/portal\/?p=48504"},"modified":"2014-07-07T09:22:29","modified_gmt":"2014-07-07T13:22:29","slug":"con-bloqueos-vecinos-se-oponen-al-embalse-puntilla-del-viento","status":"publish","type":"post","link":"https:\/\/eltrabajo.cl\/portal\/con-bloqueos-vecinos-se-oponen-al-embalse-puntilla-del-viento\/","title":{"rendered":"Con bloqueos vecinos se oponen al Embalse Puntilla del Viento"},"content":{"rendered":"<figure id=\"attachment_48505\" aria-describedby=\"caption-attachment-48505\" style=\"width: 528px\" class=\"wp-caption alignnone\"><a href=\"https:\/\/i0.wp.com\/www.eltrabajo.cl\/portal\/wp-content\/uploads\/2014\/07\/Barricadas1.jpg\"><img data-recalc-dims=\"1\" loading=\"lazy\" decoding=\"async\" class=\"size-full wp-image-48505\" alt=\"ARDIENTES.- Los vecinos del camino internacional insisten en levantar barricadas y bloquear la ruta como medio de protesta en contra de las autoridades por el anuncio de la construcci\u00f3n del Embalse Puntilla del Viento.\" src=\"https:\/\/i0.wp.com\/www.eltrabajo.cl\/portal\/wp-content\/uploads\/2014\/07\/Barricadas1.jpg?resize=528%2C358\" width=\"528\" height=\"358\" srcset=\"https:\/\/i0.wp.com\/eltrabajo.cl\/portal\/wp-content\/uploads\/2014\/07\/Barricadas1.jpg?w=528&amp;ssl=1 528w, https:\/\/i0.wp.com\/eltrabajo.cl\/portal\/wp-content\/uploads\/2014\/07\/Barricadas1.jpg?resize=200%2C135&amp;ssl=1 200w, https:\/\/i0.wp.com\/eltrabajo.cl\/portal\/wp-content\/uploads\/2014\/07\/Barricadas1.jpg?resize=300%2C203&amp;ssl=1 300w, https:\/\/i0.wp.com\/eltrabajo.cl\/portal\/wp-content\/uploads\/2014\/07\/Barricadas1.jpg?resize=150%2C101&amp;ssl=1 150w, https:\/\/i0.wp.com\/eltrabajo.cl\/portal\/wp-content\/uploads\/2014\/07\/Barricadas1.jpg?resize=400%2C271&amp;ssl=1 400w\" sizes=\"auto, (max-width: 528px) 100vw, 528px\" \/><\/a><figcaption id=\"caption-attachment-48505\" class=\"wp-caption-text\">ARDIENTES.- Los vecinos del camino internacional insisten en levantar barricadas y bloquear la ruta como medio de protesta en contra de las autoridades por el anuncio de la construcci\u00f3n del Embalse Puntilla del Viento.<\/figcaption><\/figure>\n<p><strong>LOS ANDES.-<\/strong> Los vecinos del camino internacional insisten en levantar barricadas y bloquear la ruta como medio de protesta en contra de las autoridades por el anuncio de la construcci\u00f3n del Embalse Puntilla del Viento.<\/p>\n<p>Durante la madrugada de este viernes se produjeron cinco cortes en la ruta internacional, produci\u00e9ndose algunos enfrentamientos entre vecinos y efectivos de Fuerzas Especiales de Carabineros.<\/p>\n<figure id=\"attachment_48506\" aria-describedby=\"caption-attachment-48506\" style=\"width: 317px\" class=\"wp-caption alignright\"><a href=\"https:\/\/i0.wp.com\/www.eltrabajo.cl\/portal\/wp-content\/uploads\/2014\/07\/Veronica-Calderon.jpg\"><img data-recalc-dims=\"1\" loading=\"lazy\" decoding=\"async\" class=\" wp-image-48506 \" alt=\"Ver\u00f3nica Calder\u00f3n, una de las vecinas detenidas durante las barricadas.\" src=\"https:\/\/i0.wp.com\/www.eltrabajo.cl\/portal\/wp-content\/uploads\/2014\/07\/Veronica-Calderon.jpg?resize=317%2C215\" width=\"317\" height=\"215\" srcset=\"https:\/\/i0.wp.com\/eltrabajo.cl\/portal\/wp-content\/uploads\/2014\/07\/Veronica-Calderon.jpg?w=528&amp;ssl=1 528w, https:\/\/i0.wp.com\/eltrabajo.cl\/portal\/wp-content\/uploads\/2014\/07\/Veronica-Calderon.jpg?resize=200%2C135&amp;ssl=1 200w, https:\/\/i0.wp.com\/eltrabajo.cl\/portal\/wp-content\/uploads\/2014\/07\/Veronica-Calderon.jpg?resize=300%2C203&amp;ssl=1 300w, https:\/\/i0.wp.com\/eltrabajo.cl\/portal\/wp-content\/uploads\/2014\/07\/Veronica-Calderon.jpg?resize=150%2C101&amp;ssl=1 150w, https:\/\/i0.wp.com\/eltrabajo.cl\/portal\/wp-content\/uploads\/2014\/07\/Veronica-Calderon.jpg?resize=400%2C271&amp;ssl=1 400w\" sizes=\"auto, (max-width: 317px) 100vw, 317px\" \/><\/a><figcaption id=\"caption-attachment-48506\" class=\"wp-caption-text\">Ver\u00f3nica Calder\u00f3n, una de las vecinas detenidas durante las barricadas.<\/figcaption><\/figure>\n<p>Seg\u00fan inform\u00f3 el Comisario de Carabineros de Los Andes, Mayor Edgardo Egli, durante el procedimiento se detuvo a dos personas, un hombre y una mujer, por graves des\u00f3rdenes p\u00fablicos y el lanzamiento de objetos contundentes al personal policial. Egli dijo que a ra\u00edz de estos cortes en el camino internacional han debido implementar planes especiales de vigilancia a lo largo de toda la ruta para poder mantener el tr\u00e1nsito expedito.<\/p>\n<p>Por su parte el presidente de la agrupaci\u00f3n por el mejoramiento del camino internacional, Manuel Arredondo, se\u00f1al\u00f3 que se trata de una manifestaci\u00f3n espont\u00e1nea que est\u00e1n teniendo los vecinos frente a estos anuncios del gobierno central donde la opini\u00f3n de los residentes no ha sido tomada en cuenta.<\/p>\n<p>Agreg\u00f3 que existe un descontento general a nivel de los vecinos de todo el camino internacional, \u201cy lo que nosotros pedimos es que las autoridades vengan al sector involucrado para aclararnos y decirnos en terreno lo que ellos pretenden hacer, ya que la gente no quiere que se haga el embalse en Puntilla del Viento, porque nadie quiere irse de ese lugar donde est\u00e1n bien y en ninguna otra parte van estar mejor que all\u00ed y por eso queremos respuestas a nuestro petitorio\u201d.<\/p>\n<p>Por ello, dijo que est\u00e1 organizando una gran asamblea donde espera que participe el Ministro de Obras P\u00fablicas Alberto Undurraga y los parlamentarios locales que anunciaron la construcci\u00f3n del embalse; el Senador Ignacio Walker y el Diputado Marco Antonio N\u00fa\u00f1ez.<\/p>\n<p>En tanto Ver\u00f3nica Calder\u00f3n, una de las vecinas detenidas durante las barricadas, justific\u00f3 la colocaci\u00f3n de barricadas como una forma de protestar por la construcci\u00f3n del embalse, \u201cporque nosotros estamos defendiendo nuestros derechos, el derecho a la vida, nuestro trabajo, al derecho de vivir en ambiente libre de contaminaci\u00f3n y jam\u00e1s hemos recibido ayuda del gobierno\u201d.<\/p>\n<p>Insisti\u00f3 en que las tomas del camino forman parte de una estrategia para hacerse escuchar, \u201cpues hemos agotado todas las instancias de di\u00e1logo y participaci\u00f3n ciudadana y nos siguen torturando con que se hace o no se hace y esta es una lucha que no se va a acabar hasta que saquen de la agenda del gobierno este proyecto\u201d.<\/p>\n<p>&nbsp;<\/p>\n<p>&nbsp;<\/p>\n","protected":false},"excerpt":{"rendered":"<p>LOS ANDES.- Los vecinos del camino internacional insisten en levantar barricadas y bloquear la ruta como medio de protesta en contra de las autoridades por el anuncio de la construcci\u00f3n del Embalse&#8230;<\/p>\n","protected":false},"author":482,"featured_media":48505,"comment_status":"open","ping_status":"closed","sticky":false,"template":"","format":"standard","meta":{"advanced_seo_description":"","jetpack_seo_html_title":"","jetpack_seo_noindex":false,"_jetpack_memberships_contains_paid_content":false,"footnotes":""},"categories":[15],"tags":[],"class_list":["post-48504","post","type-post","status-publish","format-standard","has-post-thumbnail","hentry","category-comunidad"],"jetpack_featured_media_url":"https:\/\/i0.wp.com\/eltrabajo.cl\/portal\/wp-content\/uploads\/2014\/07\/Barricadas1.jpg?fit=528%2C358&ssl=1","jetpack_sharing_enabled":true,"jetpack_likes_enabled":true,"jetpack-related-posts":[],"_links":{"self":[{"href":"https:\/\/eltrabajo.cl\/portal\/wp-json\/wp\/v2\/posts\/48504","targetHints":{"allow":["GET"]}}],"collection":[{"href":"https:\/\/eltrabajo.cl\/portal\/wp-json\/wp\/v2\/posts"}],"about":[{"href":"https:\/\/eltrabajo.cl\/portal\/wp-json\/wp\/v2\/types\/post"}],"author":[{"embeddable":true,"href":"https:\/\/eltrabajo.cl\/portal\/wp-json\/wp\/v2\/users\/482"}],"replies":[{"embeddable":true,"href":"https:\/\/eltrabajo.cl\/portal\/wp-json\/wp\/v2\/comments?post=48504"}],"version-history":[{"count":0,"href":"https:\/\/eltrabajo.cl\/portal\/wp-json\/wp\/v2\/posts\/48504\/revisions"}],"wp:featuredmedia":[{"embeddable":true,"href":"https:\/\/eltrabajo.cl\/portal\/wp-json\/wp\/v2\/media\/48505"}],"wp:attachment":[{"href":"https:\/\/eltrabajo.cl\/portal\/wp-json\/wp\/v2\/media?parent=48504"}],"wp:term":[{"taxonomy":"category","embeddable":true,"href":"https:\/\/eltrabajo.cl\/portal\/wp-json\/wp\/v2\/categories?post=48504"},{"taxonomy":"post_tag","embeddable":true,"href":"https:\/\/eltrabajo.cl\/portal\/wp-json\/wp\/v2\/tags?post=48504"}],"curies":[{"name":"wp","href":"https:\/\/api.w.org\/{rel}","templated":true}]}}