{"id":48509,"date":"2014-07-07T09:24:11","date_gmt":"2014-07-07T13:24:11","guid":{"rendered":"http:\/\/www.eltrabajo.cl\/portal\/?p=48509"},"modified":"2014-07-07T09:24:34","modified_gmt":"2014-07-07T13:24:34","slug":"colegio-de-profesores-respalda-la-reforma-educacional-de-bachelet","status":"publish","type":"post","link":"https:\/\/eltrabajo.cl\/portal\/colegio-de-profesores-respalda-la-reforma-educacional-de-bachelet\/","title":{"rendered":"Colegio de Profesores respalda la reforma educacional de Bachelet"},"content":{"rendered":"<figure id=\"attachment_48510\" aria-describedby=\"caption-attachment-48510\" style=\"width: 317px\" class=\"wp-caption alignleft\"><a href=\"https:\/\/i0.wp.com\/www.eltrabajo.cl\/portal\/wp-content\/uploads\/2014\/07\/Sonia-Fernandez-2.jpg\"><img data-recalc-dims=\"1\" loading=\"lazy\" decoding=\"async\" class=\"wp-image-48510 \" alt=\"Presidente del Provincial San Felipe del Colegio de Profesores, Sonia Fern\u00e1ndez Ibaceta.\" src=\"https:\/\/i0.wp.com\/www.eltrabajo.cl\/portal\/wp-content\/uploads\/2014\/07\/Sonia-Fernandez-2.jpg?resize=317%2C352\" width=\"317\" height=\"352\" srcset=\"https:\/\/i0.wp.com\/eltrabajo.cl\/portal\/wp-content\/uploads\/2014\/07\/Sonia-Fernandez-2.jpg?w=529&amp;ssl=1 529w, https:\/\/i0.wp.com\/eltrabajo.cl\/portal\/wp-content\/uploads\/2014\/07\/Sonia-Fernandez-2.jpg?resize=135%2C150&amp;ssl=1 135w, https:\/\/i0.wp.com\/eltrabajo.cl\/portal\/wp-content\/uploads\/2014\/07\/Sonia-Fernandez-2.jpg?resize=270%2C300&amp;ssl=1 270w, https:\/\/i0.wp.com\/eltrabajo.cl\/portal\/wp-content\/uploads\/2014\/07\/Sonia-Fernandez-2.jpg?resize=400%2C443&amp;ssl=1 400w\" sizes=\"auto, (max-width: 317px) 100vw, 317px\" \/><\/a><figcaption id=\"caption-attachment-48510\" class=\"wp-caption-text\">Presidente del Provincial San Felipe del Colegio de Profesores, Sonia Fern\u00e1ndez Ibaceta.<\/figcaption><\/figure>\n<p>Con la finalidad de dar a conocer su punto de vista en relaci\u00f3n a la reforma educacional, la Presidente del Provincial San Felipe del Colegio de Profesores, Sonia Fern\u00e1ndez Ibaceta, realiz\u00f3 una visita durante la jornada de este viernes al Gobernador Provincial Eduardo Le\u00f3n Lazcano.<\/p>\n<p>En la ocasi\u00f3n, Fern\u00e1ndez dijo que el ente colegiado defiende la reforma, sobre todo ante los dichos de la oposici\u00f3n quienes \u201cse han referido en forma descalificadora a la reforma, pero es la voluntad de las movilizaciones sociales y del profesorado que exista un cambio en este sentido en el pa\u00eds, como asociaci\u00f3n gremial el Colegio de Profesores de Chile nos manifestamos en contra de los sostenedores que han mantenido una actitud totalmente negativa y nefasta ante una reforma, que si bien a ellos no les favorece porque les toca el bolsillo, nosotros la defendemos, porque consideramos que los dineros del Estado, que son dineros p\u00fablicos, tienen que ir al sector p\u00fablico y quien quiera lucrar en la educaci\u00f3n, que lucre pero en el sector particular, no en el sector particular subvencionado\u201d.<\/p>\n<p>EL Colegio de Profesores, seg\u00fan la propia Fern\u00e1ndez, lleva tambi\u00e9n una lucha por la desmunicipalizaci\u00f3n, porque cuando las establecimientos educacionales pasaron a las municipalidades, se abri\u00f3 el paso a la privatizaci\u00f3n durante la d\u00e9cada de los 80, cuando la dictadura aboli\u00f3 toda forma de organizaci\u00f3n social, \u201cnosotros como profesores nos organizamos clandestinamente en Agech (Asociaci\u00f3n Gremial de Educadores de Chile) y reaccionamos frente a esta actitud que tuvo el gobierno de ese entonces, con el costo social que ya todos sabemos que es la muerte de profesores y de los que solo voy a nombrar a uno. El nombre de Manuel Guerrero Natino, en recuerdo de todos ellos, dirigente metropolitano del consejo de Agech que muri\u00f3 degollado por la dictadura. Entonces nosotros tambi\u00e9n tenemos muertos en educaci\u00f3n y es por ellos que no nos hemos sentido amedrentados y nos hemos levantado para manifestarle a la opini\u00f3n p\u00fablica que nos e deje amedrentar, que no sientan miedo porque esta reforma va a beneficiar a todos los sectores\u201d.<\/p>\n<p>La dirigente social concluy\u00f3 diciendo que \u201caquellas personas que quieran matricular sus hijos en el sector particular y tienen recursos, que lo hagan (\u2026) Los particulares subvencionados que no lucren tendr\u00e1n subvenci\u00f3n, pero nosotros estamos por una educaci\u00f3n p\u00fablica que sea digna respetada y sin lucro\u201d concluy\u00f3 Fern\u00e1ndez.<\/p>\n<p>En tanto el Gobernador de la Provincia de San Felipe, Eduardo Le\u00f3n, manifest\u00f3 que la entidad junto con la declaraci\u00f3n p\u00fablica ha hecho llegar una propuesta de trabajo conjunta, la que ha sido aceptada y a pesar de valorar el apoyo a la reforma est\u00e1 claro que existen muchas dudas en el profesorado de c\u00f3mo va a evolucionar esto, \u201cporque la ley est\u00e1 en proceso de discusi\u00f3n y lo que vamos a hacer son jornadas de informaci\u00f3n a los profesores para que ellos puedan elegir libremente, sin temor, porque yo creo que esta debe ser una discusi\u00f3n franca, limpia de ideas, sin amenazas, sin terror\u201d.<\/p>\n<p>La principal duda que manifiestan los profesores en la actualidad es cu\u00e1l ser\u00e1 su condici\u00f3n laboral en el momento en que se produzca la desmunicipalizaci\u00f3n, la carga laboral y el proceso de traspaso al pr\u00f3ximo sistema, una duda que consider\u00f3 razonable el Gobernador Le\u00f3n, por lo que se informar\u00e1 y se conversar\u00e1 con los profesores sobre estos temas, en los que tampoco estar\u00e1n exentos los padres y apoderados, puesto que esta es una materia que est\u00e1 en discusi\u00f3n en el parlamento y a\u00fan no est\u00e1 zanjada.<\/p>\n<p>Le\u00f3n inform\u00f3 que durante la semana reci\u00e9n pasada sostuvo varias reuniones junto a la Seremi de Educaci\u00f3n y los alcaldes de la provincia en su calidad de sostenedores y estas resultaron muy proactivas, con diferencias, como es obvio en un tema tan complejo como este, pero tambi\u00e9n con una clara inclinaci\u00f3n hacia la idea de contar con una educaci\u00f3n p\u00fablica. Tambi\u00e9n est\u00e1n las puertas abiertas para continuar con estos di\u00e1logos con los directores de establecimientos, y culmin\u00f3 haciendo un llamado a la ciudadan\u00eda a informarse sobre la reforma a trav\u00e9s de la p\u00e1gina web del Ministerio de Educaci\u00f3n www.mineduc.cl .<\/p>\n<p>&nbsp;<\/p>\n","protected":false},"excerpt":{"rendered":"<p>Con la finalidad de dar a conocer su punto de vista en relaci\u00f3n a la reforma educacional, la Presidente del Provincial San Felipe del Colegio de Profesores, Sonia Fern\u00e1ndez Ibaceta, realiz\u00f3 una&#8230;<\/p>\n","protected":false},"author":482,"featured_media":48510,"comment_status":"open","ping_status":"closed","sticky":false,"template":"","format":"standard","meta":{"advanced_seo_description":"","jetpack_seo_html_title":"","jetpack_seo_noindex":false,"_jetpack_memberships_contains_paid_content":false,"footnotes":""},"categories":[15],"tags":[],"class_list":["post-48509","post","type-post","status-publish","format-standard","has-post-thumbnail","hentry","category-comunidad"],"jetpack_featured_media_url":"https:\/\/i0.wp.com\/eltrabajo.cl\/portal\/wp-content\/uploads\/2014\/07\/Sonia-Fernandez-2.jpg?fit=529%2C587&ssl=1","jetpack_sharing_enabled":true,"jetpack_likes_enabled":true,"jetpack-related-posts":[],"_links":{"self":[{"href":"https:\/\/eltrabajo.cl\/portal\/wp-json\/wp\/v2\/posts\/48509","targetHints":{"allow":["GET"]}}],"collection":[{"href":"https:\/\/eltrabajo.cl\/portal\/wp-json\/wp\/v2\/posts"}],"about":[{"href":"https:\/\/eltrabajo.cl\/portal\/wp-json\/wp\/v2\/types\/post"}],"author":[{"embeddable":true,"href":"https:\/\/eltrabajo.cl\/portal\/wp-json\/wp\/v2\/users\/482"}],"replies":[{"embeddable":true,"href":"https:\/\/eltrabajo.cl\/portal\/wp-json\/wp\/v2\/comments?post=48509"}],"version-history":[{"count":0,"href":"https:\/\/eltrabajo.cl\/portal\/wp-json\/wp\/v2\/posts\/48509\/revisions"}],"wp:featuredmedia":[{"embeddable":true,"href":"https:\/\/eltrabajo.cl\/portal\/wp-json\/wp\/v2\/media\/48510"}],"wp:attachment":[{"href":"https:\/\/eltrabajo.cl\/portal\/wp-json\/wp\/v2\/media?parent=48509"}],"wp:term":[{"taxonomy":"category","embeddable":true,"href":"https:\/\/eltrabajo.cl\/portal\/wp-json\/wp\/v2\/categories?post=48509"},{"taxonomy":"post_tag","embeddable":true,"href":"https:\/\/eltrabajo.cl\/portal\/wp-json\/wp\/v2\/tags?post=48509"}],"curies":[{"name":"wp","href":"https:\/\/api.w.org\/{rel}","templated":true}]}}