{"id":48515,"date":"2014-07-07T09:27:14","date_gmt":"2014-07-07T13:27:14","guid":{"rendered":"http:\/\/www.eltrabajo.cl\/portal\/?p=48515"},"modified":"2014-07-07T09:27:14","modified_gmt":"2014-07-07T13:27:14","slug":"en-sanfecoop-realizaron-feria-de-productores-y-artesanos-del-valle","status":"publish","type":"post","link":"https:\/\/eltrabajo.cl\/portal\/en-sanfecoop-realizaron-feria-de-productores-y-artesanos-del-valle\/","title":{"rendered":"En Sanfecoop realizaron Feria de Productores y Artesanos del valle"},"content":{"rendered":"<figure id=\"attachment_48516\" aria-describedby=\"caption-attachment-48516\" style=\"width: 528px\" class=\"wp-caption alignnone\"><a href=\"https:\/\/i0.wp.com\/www.eltrabajo.cl\/portal\/wp-content\/uploads\/2014\/07\/Reposteria1.jpg\"><img data-recalc-dims=\"1\" loading=\"lazy\" decoding=\"async\" class=\"size-full wp-image-48516\" alt=\"RICA RESPOSTER\u00cdA.- En dependencias de sal\u00f3n de eventos de Sanfecoop, se desarroll\u00f3 este viernes una nueva versi\u00f3n de la feria de Productores y Artesanos del Valle de Aconcagua.\" src=\"https:\/\/i0.wp.com\/www.eltrabajo.cl\/portal\/wp-content\/uploads\/2014\/07\/Reposteria1.jpg?resize=528%2C386\" width=\"528\" height=\"386\" srcset=\"https:\/\/i0.wp.com\/eltrabajo.cl\/portal\/wp-content\/uploads\/2014\/07\/Reposteria1.jpg?w=528&amp;ssl=1 528w, https:\/\/i0.wp.com\/eltrabajo.cl\/portal\/wp-content\/uploads\/2014\/07\/Reposteria1.jpg?resize=200%2C146&amp;ssl=1 200w, https:\/\/i0.wp.com\/eltrabajo.cl\/portal\/wp-content\/uploads\/2014\/07\/Reposteria1.jpg?resize=300%2C219&amp;ssl=1 300w, https:\/\/i0.wp.com\/eltrabajo.cl\/portal\/wp-content\/uploads\/2014\/07\/Reposteria1.jpg?resize=150%2C109&amp;ssl=1 150w, https:\/\/i0.wp.com\/eltrabajo.cl\/portal\/wp-content\/uploads\/2014\/07\/Reposteria1.jpg?resize=400%2C292&amp;ssl=1 400w\" sizes=\"auto, (max-width: 528px) 100vw, 528px\" \/><\/a><figcaption id=\"caption-attachment-48516\" class=\"wp-caption-text\">RICA RESPOSTER\u00cdA.- En dependencias de sal\u00f3n de eventos de Sanfecoop, se desarroll\u00f3 este viernes una nueva versi\u00f3n de la feria de Productores y Artesanos del Valle de Aconcagua.<\/figcaption><\/figure>\n<p>En dependencias de sal\u00f3n de eventos de Sanfecoop, se desarroll\u00f3 este viernes una nueva versi\u00f3n de la feria de Productores y Artesanos del Valle de Aconcagua. El evento estuvo abierto a socios y al p\u00fablico en general con una amplia diversidad de productos.<\/p>\n<p>Para Luc\u00eda Bugue\u00f1o, cotizada productora de plantas medicinales de Feria El Rastro, \u201cesta es una excelente oportunidad para dar a conocer su trabajo en la zona, el que consiste en extraer el extracto de las plantas para fabricar cremas; champ\u00fa y sacos de semillas para los dolores. Yos he sido invitada por la cooperativa de la cual soy socia y mis productos son todos naturales y han tenido bastante aceptaci\u00f3n por parte del p\u00fablico\u201d, se\u00f1al\u00f3 Bugue\u00f1o, quien desde hace varios a\u00f1os prepara y vende sus productos para sus clientes regulares y para el turismo internacional.<\/p>\n<p>Bugue\u00f1o coment\u00f3 adem\u00e1s que en Feria El Rastro se reunieron alrededor de 25 personas, mismas que comenzaron haciendo cosas que no se encontraban en el comercio com\u00fan, vale decir, eran todas de su creatividad y siempre se est\u00e1 aceptando gente que aporte con cosas novedosas y nada comprado. Tienen como finalidad seguir creciendo en esta feria, por lo que han agradecidos de la cooperativa \u201cque nos ha apoyado en todo lo que nosotros estamos haciendo como artesanos y tambi\u00e9n dentro de ser socios hay muchas garant\u00edas para nosotros lo que nos da mucho \u00e1nimo para seguir adelante\u201d, concluy\u00f3 Luc\u00eda Bugue\u00f1o, quien adem\u00e1s es escritora miembro de la Sociedad de Escritores de Chile Filial San Felipe, pues ha escrito ya varios libros.<\/p>\n<p><strong>CERAMISTA POPULAR<\/strong><\/p>\n<p>En tanto el ceramista Bernardo Garrido, quien trabaja con arcilla del mismo valle, se\u00f1al\u00f3 que \u201clo importante es que todo mi trabajo es hecho exclusivamente a mano, s\u00f3lo uso tornos en ocasiones pero no hay moldes. Esta es una labor un poco quijotesca, porque estoy compitiendo con cer\u00e1mica asi\u00e1tica pero tambi\u00e9n veo el reconocimiento de la gente para poder rescatar este arte. Mi experiencia ha sido muy buena en el sentido de que he compartido con p\u00fablico y mis colegas artesanos trabajando en asociatividdad y no necesariamente compitiendo, pero si fuera competencia no hay ning\u00fan problema, porque uno est\u00e1 seguro del trabajo que hace\u201d.<\/p>\n<p>La calidad de los trabajos en cer\u00e1mica de Garrido lo han llevado a ser reconocido a nivel nacional e internacional por lo que tambi\u00e9n agradeci\u00f3 a la Cooperativa Sanfecoop, por la posibilidad que le dan en ser un apoyo importante para desarrollar su trabajo.<\/p>\n<div class=\"tiled-gallery type-rectangular tiled-gallery-unresized\" data-original-width=\"640\" data-carousel-extra='null' itemscope itemtype=\"http:\/\/schema.org\/ImageGallery\" > <div class=\"gallery-row\" style=\"width: 640px; height: 280px;\" data-original-width=\"640\" data-original-height=\"280\" > <div class=\"gallery-group images-1\" style=\"width: 394px; height: 280px;\" data-original-width=\"394\" data-original-height=\"280\" > <div class=\"tiled-gallery-item tiled-gallery-item-large\" itemprop=\"associatedMedia\" itemscope itemtype=\"http:\/\/schema.org\/ImageObject\"> <a href=\"https:\/\/eltrabajo.cl\/portal\/en-sanfecoop-realizaron-feria-de-productores-y-artesanos-del-valle\/bernardo-garrido\/\" border=\"0\" itemprop=\"url\"> <meta itemprop=\"width\" content=\"390\"> <meta itemprop=\"height\" content=\"276\"> <img decoding=\"async\" class=\"\" data-attachment-id=\"48518\" data-orig-file=\"https:\/\/eltrabajo.cl\/portal\/wp-content\/uploads\/2014\/07\/Bernardo-Garrido.jpg\" data-orig-size=\"529,375\" data-comments-opened=\"1\" data-image-meta=\"{&quot;aperture&quot;:&quot;2.4&quot;,&quot;credit&quot;:&quot;&quot;,&quot;camera&quot;:&quot;Lumia 520&quot;,&quot;caption&quot;:&quot;&quot;,&quot;created_timestamp&quot;:&quot;1404473236&quot;,&quot;copyright&quot;:&quot;&quot;,&quot;focal_length&quot;:&quot;0&quot;,&quot;iso&quot;:&quot;400&quot;,&quot;shutter_speed&quot;:&quot;0.04&quot;,&quot;title&quot;:&quot;&quot;}\" data-image-title=\"Bernardo Garrido\" data-image-description=\"&lt;p&gt;BERNARDO GARRIDO.- La calidad de los trabajos en cer\u00e1mica de Garrido lo ha llevado a ser reconocido a nivel nacional e internacional.&lt;\/p&gt; \" data-medium-file=\"https:\/\/i0.wp.com\/eltrabajo.cl\/portal\/wp-content\/uploads\/2014\/07\/Bernardo-Garrido.jpg?fit=300%2C212&#038;ssl=1\" data-large-file=\"https:\/\/i0.wp.com\/eltrabajo.cl\/portal\/wp-content\/uploads\/2014\/07\/Bernardo-Garrido.jpg?fit=529%2C375&#038;ssl=1\" src=\"https:\/\/i0.wp.com\/eltrabajo.cl\/portal\/wp-content\/uploads\/2014\/07\/Bernardo-Garrido.jpg?w=390&#038;h=276&#038;ssl=1\" srcset=\"https:\/\/i0.wp.com\/eltrabajo.cl\/portal\/wp-content\/uploads\/2014\/07\/Bernardo-Garrido.jpg?w=529&amp;ssl=1 529w, https:\/\/i0.wp.com\/eltrabajo.cl\/portal\/wp-content\/uploads\/2014\/07\/Bernardo-Garrido.jpg?resize=200%2C141&amp;ssl=1 200w, https:\/\/i0.wp.com\/eltrabajo.cl\/portal\/wp-content\/uploads\/2014\/07\/Bernardo-Garrido.jpg?resize=300%2C212&amp;ssl=1 300w, https:\/\/i0.wp.com\/eltrabajo.cl\/portal\/wp-content\/uploads\/2014\/07\/Bernardo-Garrido.jpg?resize=150%2C106&amp;ssl=1 150w, https:\/\/i0.wp.com\/eltrabajo.cl\/portal\/wp-content\/uploads\/2014\/07\/Bernardo-Garrido.jpg?resize=400%2C283&amp;ssl=1 400w\" width=\"390\" height=\"276\" loading=\"lazy\" data-original-width=\"390\" data-original-height=\"276\" itemprop=\"http:\/\/schema.org\/image\" title=\"Bernardo Garrido\" alt=\"BERNARDO GARRIDO.- La calidad de los trabajos en cer\u00e1mica de Garrido lo ha llevado a ser reconocido a nivel nacional e internacional.\" style=\"width: 390px; height: 276px;\" \/> <\/a> <div class=\"tiled-gallery-caption\" itemprop=\"caption description\"> BERNARDO GARRIDO.- La calidad de los trabajos en cer\u00e1mica de Garrido lo ha llevado a ser reconocido a nivel nacional e internacional. <\/div> <\/div> <\/div> <!-- close group --> <div class=\"gallery-group images-1\" style=\"width: 246px; height: 280px;\" data-original-width=\"246\" data-original-height=\"280\" > <div class=\"tiled-gallery-item tiled-gallery-item-small\" itemprop=\"associatedMedia\" itemscope itemtype=\"http:\/\/schema.org\/ImageObject\"> <a href=\"https:\/\/eltrabajo.cl\/portal\/en-sanfecoop-realizaron-feria-de-productores-y-artesanos-del-valle\/lucia-bugueno-3\/\" border=\"0\" itemprop=\"url\"> <meta itemprop=\"width\" content=\"242\"> <meta itemprop=\"height\" content=\"276\"> <img decoding=\"async\" class=\"\" data-attachment-id=\"48519\" data-orig-file=\"https:\/\/eltrabajo.cl\/portal\/wp-content\/uploads\/2014\/07\/Lucia-Bugueno.jpg\" data-orig-size=\"529,603\" data-comments-opened=\"1\" data-image-meta=\"{&quot;aperture&quot;:&quot;2.4&quot;,&quot;credit&quot;:&quot;&quot;,&quot;camera&quot;:&quot;Lumia 520&quot;,&quot;caption&quot;:&quot;&quot;,&quot;created_timestamp&quot;:&quot;1404473250&quot;,&quot;copyright&quot;:&quot;&quot;,&quot;focal_length&quot;:&quot;0&quot;,&quot;iso&quot;:&quot;500&quot;,&quot;shutter_speed&quot;:&quot;0.02&quot;,&quot;title&quot;:&quot;&quot;}\" data-image-title=\"Lucia Bugueno\" data-image-description=\"&lt;p&gt;SIEMPRE LUC\u00cdA.- Luc\u00eda Bugue\u00f1o, cotizada productora de plantas medicinales de Feria El Rastro, ofreci\u00f3 a los presentes sus productos naturales.&lt;\/p&gt; \" data-medium-file=\"https:\/\/i0.wp.com\/eltrabajo.cl\/portal\/wp-content\/uploads\/2014\/07\/Lucia-Bugueno.jpg?fit=263%2C300&#038;ssl=1\" data-large-file=\"https:\/\/i0.wp.com\/eltrabajo.cl\/portal\/wp-content\/uploads\/2014\/07\/Lucia-Bugueno.jpg?fit=529%2C603&#038;ssl=1\" src=\"https:\/\/i0.wp.com\/eltrabajo.cl\/portal\/wp-content\/uploads\/2014\/07\/Lucia-Bugueno.jpg?w=242&#038;h=276&#038;ssl=1\" srcset=\"https:\/\/i0.wp.com\/eltrabajo.cl\/portal\/wp-content\/uploads\/2014\/07\/Lucia-Bugueno.jpg?w=529&amp;ssl=1 529w, https:\/\/i0.wp.com\/eltrabajo.cl\/portal\/wp-content\/uploads\/2014\/07\/Lucia-Bugueno.jpg?resize=131%2C150&amp;ssl=1 131w, https:\/\/i0.wp.com\/eltrabajo.cl\/portal\/wp-content\/uploads\/2014\/07\/Lucia-Bugueno.jpg?resize=263%2C300&amp;ssl=1 263w, https:\/\/i0.wp.com\/eltrabajo.cl\/portal\/wp-content\/uploads\/2014\/07\/Lucia-Bugueno.jpg?resize=400%2C455&amp;ssl=1 400w\" width=\"242\" height=\"276\" loading=\"lazy\" data-original-width=\"242\" data-original-height=\"276\" itemprop=\"http:\/\/schema.org\/image\" title=\"Lucia Bugueno\" alt=\"SIEMPRE LUC\u00cdA.- Luc\u00eda Bugue\u00f1o, cotizada productora de plantas medicinales de Feria El Rastro, ofreci\u00f3 a los presentes sus productos naturales.\" style=\"width: 242px; height: 276px;\" \/> <\/a> <div class=\"tiled-gallery-caption\" itemprop=\"caption description\"> SIEMPRE LUC\u00cdA.- Luc\u00eda Bugue\u00f1o, cotizada productora de plantas medicinales de Feria El Rastro, ofreci\u00f3 a los presentes sus productos naturales. <\/div> <\/div> <\/div> <!-- close group --> <\/div> <!-- close row --> <\/div>\n","protected":false},"excerpt":{"rendered":"<p>En dependencias de sal\u00f3n de eventos de Sanfecoop, se desarroll\u00f3 este viernes una nueva versi\u00f3n de la feria de Productores y Artesanos del Valle de Aconcagua. El evento estuvo abierto a socios&#8230;<\/p>\n","protected":false},"author":482,"featured_media":48516,"comment_status":"open","ping_status":"closed","sticky":false,"template":"","format":"standard","meta":{"advanced_seo_description":"","jetpack_seo_html_title":"","jetpack_seo_noindex":false,"_jetpack_memberships_contains_paid_content":false,"footnotes":""},"categories":[15],"tags":[],"class_list":["post-48515","post","type-post","status-publish","format-standard","has-post-thumbnail","hentry","category-comunidad"],"jetpack_featured_media_url":"https:\/\/i0.wp.com\/eltrabajo.cl\/portal\/wp-content\/uploads\/2014\/07\/Reposteria1.jpg?fit=528%2C386&ssl=1","jetpack_sharing_enabled":true,"jetpack_likes_enabled":true,"jetpack-related-posts":[],"_links":{"self":[{"href":"https:\/\/eltrabajo.cl\/portal\/wp-json\/wp\/v2\/posts\/48515","targetHints":{"allow":["GET"]}}],"collection":[{"href":"https:\/\/eltrabajo.cl\/portal\/wp-json\/wp\/v2\/posts"}],"about":[{"href":"https:\/\/eltrabajo.cl\/portal\/wp-json\/wp\/v2\/types\/post"}],"author":[{"embeddable":true,"href":"https:\/\/eltrabajo.cl\/portal\/wp-json\/wp\/v2\/users\/482"}],"replies":[{"embeddable":true,"href":"https:\/\/eltrabajo.cl\/portal\/wp-json\/wp\/v2\/comments?post=48515"}],"version-history":[{"count":0,"href":"https:\/\/eltrabajo.cl\/portal\/wp-json\/wp\/v2\/posts\/48515\/revisions"}],"wp:featuredmedia":[{"embeddable":true,"href":"https:\/\/eltrabajo.cl\/portal\/wp-json\/wp\/v2\/media\/48516"}],"wp:attachment":[{"href":"https:\/\/eltrabajo.cl\/portal\/wp-json\/wp\/v2\/media?parent=48515"}],"wp:term":[{"taxonomy":"category","embeddable":true,"href":"https:\/\/eltrabajo.cl\/portal\/wp-json\/wp\/v2\/categories?post=48515"},{"taxonomy":"post_tag","embeddable":true,"href":"https:\/\/eltrabajo.cl\/portal\/wp-json\/wp\/v2\/tags?post=48515"}],"curies":[{"name":"wp","href":"https:\/\/api.w.org\/{rel}","templated":true}]}}