{"id":48522,"date":"2014-07-07T09:30:12","date_gmt":"2014-07-07T13:30:12","guid":{"rendered":"http:\/\/www.eltrabajo.cl\/portal\/?p=48522"},"modified":"2014-07-07T09:30:12","modified_gmt":"2014-07-07T13:30:12","slug":"dueno-bodega-de-cal-servired-reconoce-error-de-no-acercarse-a-vecinos","status":"publish","type":"post","link":"https:\/\/eltrabajo.cl\/portal\/dueno-bodega-de-cal-servired-reconoce-error-de-no-acercarse-a-vecinos\/","title":{"rendered":"Due\u00f1o bodega de cal Servired reconoce error de no acercarse a vecinos"},"content":{"rendered":"<figure id=\"attachment_48523\" aria-describedby=\"caption-attachment-48523\" style=\"width: 529px\" class=\"wp-caption alignnone\"><a href=\"https:\/\/i0.wp.com\/www.eltrabajo.cl\/portal\/wp-content\/uploads\/2014\/07\/Ideando1.jpg\"><img data-recalc-dims=\"1\" loading=\"lazy\" decoding=\"async\" class=\"size-full wp-image-48523\" alt=\"\u00bfHUMO BLANCO?.- Alejandra Catal\u00e1n, administradora de planta Curim\u00f3n; Juan Carlos Monasterio, Director Honorario ONG-Ideando; Hugo Silva, due\u00f1o de la planta de cal, y John R\u00edos Suma de Villa, Director ejecutivo ONG-Ideando.\" src=\"https:\/\/i0.wp.com\/www.eltrabajo.cl\/portal\/wp-content\/uploads\/2014\/07\/Ideando1.jpg?resize=529%2C348\" width=\"529\" height=\"348\" srcset=\"https:\/\/i0.wp.com\/eltrabajo.cl\/portal\/wp-content\/uploads\/2014\/07\/Ideando1.jpg?w=529&amp;ssl=1 529w, https:\/\/i0.wp.com\/eltrabajo.cl\/portal\/wp-content\/uploads\/2014\/07\/Ideando1.jpg?resize=200%2C131&amp;ssl=1 200w, https:\/\/i0.wp.com\/eltrabajo.cl\/portal\/wp-content\/uploads\/2014\/07\/Ideando1.jpg?resize=300%2C197&amp;ssl=1 300w, https:\/\/i0.wp.com\/eltrabajo.cl\/portal\/wp-content\/uploads\/2014\/07\/Ideando1.jpg?resize=150%2C98&amp;ssl=1 150w, https:\/\/i0.wp.com\/eltrabajo.cl\/portal\/wp-content\/uploads\/2014\/07\/Ideando1.jpg?resize=400%2C263&amp;ssl=1 400w\" sizes=\"auto, (max-width: 529px) 100vw, 529px\" \/><\/a><figcaption id=\"caption-attachment-48523\" class=\"wp-caption-text\">\u00bfHUMO BLANCO?.- Alejandra Catal\u00e1n, administradora de planta Curim\u00f3n; Juan Carlos Monasterio, Director Honorario ONG-Ideando; Hugo Silva, due\u00f1o de la planta de cal, y John R\u00edos Suma de Villa, Director ejecutivo ONG-Ideando.<\/figcaption><\/figure>\n<p>Con el fin de poder conocer mayores detalles del funcionamiento de la planta de cal, durante esta semana se reunieron representantes de la ONG-Ideando con Hugo Silva, Gerente General de Servired, empresa encargada del almacenamiento de cal en el sector de Curim\u00f3n, que ha causado preocupaci\u00f3n entre los habitantes de ese lugar por las consecuencias que pudiera traer para los vecinos.<\/p>\n<p>Silva destac\u00f3 la importancia de esta reuni\u00f3n, porque aprovech\u00f3 para dar a conocer en qu\u00e9 consiste la bodega de almacenamiento de cal ubicada en Curim\u00f3n. Reconoci\u00f3 que hubo un error al no comunicar a la comunidad sobre la construcci\u00f3n y las caracter\u00edsticas de esta bodega.<\/p>\n<p><strong>\u00a0RECONOCEN ERROR<\/strong><\/p>\n<p>\u201cEso fue por un desconocimiento de la zona, no conoc\u00edamos a nadie, nosotros somos de Rancagua, creo que deber\u00edamos haber conversado con nuestros vecinos y la Junta de Adelanto, etc., lo cual no hicimos, sino que hicimos lo que se hace legalmente, pero no hubo un acercamiento, lo calificamos como un error\u201d, dijo Silva.<\/p>\n<p><strong>\u00a0CLAUSURAN PLANTA<\/strong><\/p>\n<p>Recordar que la planta actualmente se encuentra clausurada por no contar con los permisos municipales. De todas maneras piensan reunirse con todas las organizaciones de la zona, incluyendo la ONG- Ideando, para explicar de qu\u00e9 se trata la planta de almacenamiento de cal, la cual seg\u00fan \u00e9l no es da\u00f1ina para las personas.<\/p>\n<p>Cont\u00f3 a la ONG-Ideando que el trabajo que se realiza en la planta de cal consiste en almacenar productos que vienen desde Argentina en unos feedback que son unos sacos de 1.000 kilos. Posteriormente despachan a clientes que ellos tienen en camiones completamente sellados y herm\u00e9ticos. A\u00f1ade Silva que no conversaron con los vecinos, porque sencillamente no se les ocurri\u00f3.<\/p>\n<p>Pensaron que no iban a tener problemas de esta envergadura tomando en cuenta la experiencia con sus otras plantas ubicadas por ejemplo en Rancagua. Por su parte, el Director Honorario de la ONG-Ideando, Juan Carlos Monasterio, valor\u00f3 positivamente la cita, porque es distinto cuando se conoce mayor informaci\u00f3n del mismo gerente general y due\u00f1o de la empresa de c\u00f3mo se gestion\u00f3 esto.<\/p>\n<p>\u201cTratamos de dar nuestro punto de vista, conocer, le mostramos algunas falencias, bastante dudosas que nos parec\u00edan, \u00e9l est\u00e1 conforme en todas las apreciaciones, obviamente hace su mea culpa de haber informado este proyecto a la comunidad, haber pensando que esto era llegar e instalar la planta y ponerse a trabajar, creo que eso lo tom\u00f3 de buena forma, el segundo paso es que \u00e9l d\u00e9 a conocer que su planta no va a hacer ning\u00fan da\u00f1o para la comuna\u201d, dijo Monasterio.<\/p>\n<p>A\u00f1adi\u00f3 que ellos como ONG-Ideando van a seguir las instancias pertinentes, como es la ida a la Intendencia, luego a la C\u00e1mara de Diputados, reiterando que van a seguir con su trazado. En la reuni\u00f3n se le inform\u00f3 al ejecutivo que la denuncia presentada contra su empresa en el Juzgado de Polic\u00eda Local, hab\u00eda sido aceptada y tendr\u00edan fecha de comparendo para finales del mes de julio.<\/p>\n<p>El jueves anterior el mismo John R\u00edos, personero de la ONG Ideando, expuso este caso ante las comisiones de Medioambiente y de Ordenamiento Territorial del Gobierno Regional en Valpara\u00edso.<\/p>\n<p>\u00abEn esa audiencia la Seremi de Medioambiente, Tania Bertoglio Caballero, se comprometi\u00f3 a revisar todo nuestro informe sobre este caso, y tambi\u00e9n ella se comprometi\u00f3 a entregar al Consejo Regional su respectivo informe. Para este martes (ma\u00f1ana) tenemos programada una visita fiscalizadora con profesionales acreditados a fin de tomarle la palabra en la parte denunciada\u00bb, coment\u00f3 R\u00edos a Diario El Trabajo.<\/p>\n<div class=\"tiled-gallery type-rectangular tiled-gallery-unresized\" data-original-width=\"640\" data-carousel-extra='null' itemscope itemtype=\"http:\/\/schema.org\/ImageGallery\" > <div class=\"gallery-row\" style=\"width: 640px; height: 259px;\" data-original-width=\"640\" data-original-height=\"259\" > <div class=\"gallery-group images-1\" style=\"width: 258px; height: 259px;\" data-original-width=\"258\" data-original-height=\"259\" > <div class=\"tiled-gallery-item tiled-gallery-item-large\" itemprop=\"associatedMedia\" itemscope itemtype=\"http:\/\/schema.org\/ImageObject\"> <a href=\"https:\/\/eltrabajo.cl\/portal\/dueno-bodega-de-cal-servired-reconoce-error-de-no-acercarse-a-vecinos\/seremi1-2\/\" border=\"0\" itemprop=\"url\"> <meta itemprop=\"width\" content=\"254\"> <meta itemprop=\"height\" content=\"255\"> <img decoding=\"async\" class=\"\" data-attachment-id=\"48524\" data-orig-file=\"https:\/\/eltrabajo.cl\/portal\/wp-content\/uploads\/2014\/07\/Seremi1.jpg\" data-orig-size=\"529,532\" data-comments-opened=\"1\" data-image-meta=\"{&quot;aperture&quot;:&quot;4.2&quot;,&quot;credit&quot;:&quot;&quot;,&quot;camera&quot;:&quot;NIKON D3200&quot;,&quot;caption&quot;:&quot;&quot;,&quot;created_timestamp&quot;:&quot;1404389813&quot;,&quot;copyright&quot;:&quot;&quot;,&quot;focal_length&quot;:&quot;26&quot;,&quot;iso&quot;:&quot;1250&quot;,&quot;shutter_speed&quot;:&quot;0.016666666666667&quot;,&quot;title&quot;:&quot;&quot;}\" data-image-title=\"Seremi1\" data-image-description=\"&lt;p&gt;ALERTA REGIONAL.- El jueves anterior el mismo John R\u00edos, personero de la ONG Ideando, expuso este caso ante las comisiones de Medioambiente y de Ordenamiento Territorial del Gobierno Regional en Valpara\u00edso.&lt;\/p&gt; \" data-medium-file=\"https:\/\/i0.wp.com\/eltrabajo.cl\/portal\/wp-content\/uploads\/2014\/07\/Seremi1.jpg?fit=298%2C300&#038;ssl=1\" data-large-file=\"https:\/\/i0.wp.com\/eltrabajo.cl\/portal\/wp-content\/uploads\/2014\/07\/Seremi1.jpg?fit=529%2C532&#038;ssl=1\" src=\"https:\/\/i0.wp.com\/eltrabajo.cl\/portal\/wp-content\/uploads\/2014\/07\/Seremi1.jpg?w=254&#038;h=255&#038;ssl=1\" srcset=\"https:\/\/i0.wp.com\/eltrabajo.cl\/portal\/wp-content\/uploads\/2014\/07\/Seremi1.jpg?w=529&amp;ssl=1 529w, https:\/\/i0.wp.com\/eltrabajo.cl\/portal\/wp-content\/uploads\/2014\/07\/Seremi1.jpg?resize=149%2C150&amp;ssl=1 149w, https:\/\/i0.wp.com\/eltrabajo.cl\/portal\/wp-content\/uploads\/2014\/07\/Seremi1.jpg?resize=298%2C300&amp;ssl=1 298w, https:\/\/i0.wp.com\/eltrabajo.cl\/portal\/wp-content\/uploads\/2014\/07\/Seremi1.jpg?resize=150%2C150&amp;ssl=1 150w, https:\/\/i0.wp.com\/eltrabajo.cl\/portal\/wp-content\/uploads\/2014\/07\/Seremi1.jpg?resize=400%2C402&amp;ssl=1 400w\" width=\"254\" height=\"255\" loading=\"lazy\" data-original-width=\"254\" data-original-height=\"255\" itemprop=\"http:\/\/schema.org\/image\" title=\"Seremi1\" alt=\"ALERTA REGIONAL.- El jueves anterior el mismo John R\u00edos, personero de la ONG Ideando, expuso este caso ante las comisiones de Medioambiente y de Ordenamiento Territorial del Gobierno Regional en Valpara\u00edso.\" style=\"width: 254px; height: 255px;\" \/> <\/a> <div class=\"tiled-gallery-caption\" itemprop=\"caption description\"> ALERTA REGIONAL.- El jueves anterior el mismo John R\u00edos, personero de la ONG Ideando, expuso este caso ante las comisiones de Medioambiente y de Ordenamiento Territorial del Gobierno Regional en Valpara\u00edso. <\/div> <\/div> <\/div> <!-- close group --> <div class=\"gallery-group images-1\" style=\"width: 382px; height: 259px;\" data-original-width=\"382\" data-original-height=\"259\" > <div class=\"tiled-gallery-item tiled-gallery-item-large\" itemprop=\"associatedMedia\" itemscope itemtype=\"http:\/\/schema.org\/ImageObject\"> <a href=\"https:\/\/eltrabajo.cl\/portal\/dueno-bodega-de-cal-servired-reconoce-error-de-no-acercarse-a-vecinos\/consejeros1-2\/\" border=\"0\" itemprop=\"url\"> <meta itemprop=\"width\" content=\"378\"> <meta itemprop=\"height\" content=\"255\"> <img decoding=\"async\" class=\"\" data-attachment-id=\"48525\" data-orig-file=\"https:\/\/eltrabajo.cl\/portal\/wp-content\/uploads\/2014\/07\/Consejeros1.jpg\" data-orig-size=\"529,357\" data-comments-opened=\"1\" data-image-meta=\"{&quot;aperture&quot;:&quot;3.5&quot;,&quot;credit&quot;:&quot;&quot;,&quot;camera&quot;:&quot;NIKON D3200&quot;,&quot;caption&quot;:&quot;&quot;,&quot;created_timestamp&quot;:&quot;1404389803&quot;,&quot;copyright&quot;:&quot;&quot;,&quot;focal_length&quot;:&quot;18&quot;,&quot;iso&quot;:&quot;560&quot;,&quot;shutter_speed&quot;:&quot;0.016666666666667&quot;,&quot;title&quot;:&quot;&quot;}\" data-image-title=\"Consejeros1\" data-image-description=\"&lt;p&gt;CASO EN INVESTIGACI\u00d3N.- Varios consejeros regionales se mostraron muy atentos a las denuncias de la ONG Ideando, asegurando la Seremi que muy pronto el tema ser\u00e1 aclarado.&lt;\/p&gt; \" data-medium-file=\"https:\/\/i0.wp.com\/eltrabajo.cl\/portal\/wp-content\/uploads\/2014\/07\/Consejeros1.jpg?fit=300%2C202&#038;ssl=1\" data-large-file=\"https:\/\/i0.wp.com\/eltrabajo.cl\/portal\/wp-content\/uploads\/2014\/07\/Consejeros1.jpg?fit=529%2C357&#038;ssl=1\" src=\"https:\/\/i0.wp.com\/eltrabajo.cl\/portal\/wp-content\/uploads\/2014\/07\/Consejeros1.jpg?w=378&#038;h=255&#038;ssl=1\" srcset=\"https:\/\/i0.wp.com\/eltrabajo.cl\/portal\/wp-content\/uploads\/2014\/07\/Consejeros1.jpg?w=529&amp;ssl=1 529w, https:\/\/i0.wp.com\/eltrabajo.cl\/portal\/wp-content\/uploads\/2014\/07\/Consejeros1.jpg?resize=200%2C134&amp;ssl=1 200w, https:\/\/i0.wp.com\/eltrabajo.cl\/portal\/wp-content\/uploads\/2014\/07\/Consejeros1.jpg?resize=300%2C202&amp;ssl=1 300w, https:\/\/i0.wp.com\/eltrabajo.cl\/portal\/wp-content\/uploads\/2014\/07\/Consejeros1.jpg?resize=150%2C101&amp;ssl=1 150w, https:\/\/i0.wp.com\/eltrabajo.cl\/portal\/wp-content\/uploads\/2014\/07\/Consejeros1.jpg?resize=400%2C269&amp;ssl=1 400w\" width=\"378\" height=\"255\" loading=\"lazy\" data-original-width=\"378\" data-original-height=\"255\" itemprop=\"http:\/\/schema.org\/image\" title=\"Consejeros1\" alt=\"CASO EN INVESTIGACI\u00d3N.- Varios consejeros regionales se mostraron muy atentos a las denuncias de la ONG Ideando, asegurando la Seremi que muy pronto el tema ser\u00e1 aclarado.\" style=\"width: 378px; height: 255px;\" \/> <\/a> <div class=\"tiled-gallery-caption\" itemprop=\"caption description\"> CASO EN INVESTIGACI\u00d3N.- Varios consejeros regionales se mostraron muy atentos a las denuncias de la ONG Ideando, asegurando la Seremi que muy pronto el tema ser\u00e1 aclarado. <\/div> <\/div> <\/div> <!-- close group --> <\/div> <!-- close row --> <\/div>\n","protected":false},"excerpt":{"rendered":"<p>Con el fin de poder conocer mayores detalles del funcionamiento de la planta de cal, durante esta semana se reunieron representantes de la ONG-Ideando con Hugo Silva, Gerente General de Servired, empresa&#8230;<\/p>\n","protected":false},"author":482,"featured_media":48523,"comment_status":"open","ping_status":"closed","sticky":false,"template":"","format":"standard","meta":{"advanced_seo_description":"","jetpack_seo_html_title":"","jetpack_seo_noindex":false,"_jetpack_memberships_contains_paid_content":false,"footnotes":""},"categories":[15],"tags":[],"class_list":["post-48522","post","type-post","status-publish","format-standard","has-post-thumbnail","hentry","category-comunidad"],"jetpack_featured_media_url":"https:\/\/i0.wp.com\/eltrabajo.cl\/portal\/wp-content\/uploads\/2014\/07\/Ideando1.jpg?fit=529%2C348&ssl=1","jetpack_sharing_enabled":true,"jetpack_likes_enabled":true,"jetpack-related-posts":[],"_links":{"self":[{"href":"https:\/\/eltrabajo.cl\/portal\/wp-json\/wp\/v2\/posts\/48522","targetHints":{"allow":["GET"]}}],"collection":[{"href":"https:\/\/eltrabajo.cl\/portal\/wp-json\/wp\/v2\/posts"}],"about":[{"href":"https:\/\/eltrabajo.cl\/portal\/wp-json\/wp\/v2\/types\/post"}],"author":[{"embeddable":true,"href":"https:\/\/eltrabajo.cl\/portal\/wp-json\/wp\/v2\/users\/482"}],"replies":[{"embeddable":true,"href":"https:\/\/eltrabajo.cl\/portal\/wp-json\/wp\/v2\/comments?post=48522"}],"version-history":[{"count":0,"href":"https:\/\/eltrabajo.cl\/portal\/wp-json\/wp\/v2\/posts\/48522\/revisions"}],"wp:featuredmedia":[{"embeddable":true,"href":"https:\/\/eltrabajo.cl\/portal\/wp-json\/wp\/v2\/media\/48523"}],"wp:attachment":[{"href":"https:\/\/eltrabajo.cl\/portal\/wp-json\/wp\/v2\/media?parent=48522"}],"wp:term":[{"taxonomy":"category","embeddable":true,"href":"https:\/\/eltrabajo.cl\/portal\/wp-json\/wp\/v2\/categories?post=48522"},{"taxonomy":"post_tag","embeddable":true,"href":"https:\/\/eltrabajo.cl\/portal\/wp-json\/wp\/v2\/tags?post=48522"}],"curies":[{"name":"wp","href":"https:\/\/api.w.org\/{rel}","templated":true}]}}