{"id":48528,"date":"2014-07-07T09:32:10","date_gmt":"2014-07-07T13:32:10","guid":{"rendered":"http:\/\/www.eltrabajo.cl\/portal\/?p=48528"},"modified":"2014-07-07T09:32:10","modified_gmt":"2014-07-07T13:32:10","slug":"mas-de-140-familias-podran-cumplir-el-sueno-de-la-casa-propia","status":"publish","type":"post","link":"https:\/\/eltrabajo.cl\/portal\/mas-de-140-familias-podran-cumplir-el-sueno-de-la-casa-propia\/","title":{"rendered":"M\u00e1s de 140 familias podr\u00e1n cumplir el sue\u00f1o de la casa propia"},"content":{"rendered":"<figure id=\"attachment_48529\" aria-describedby=\"caption-attachment-48529\" style=\"width: 370px\" class=\"wp-caption alignleft\"><a href=\"https:\/\/i0.wp.com\/www.eltrabajo.cl\/portal\/wp-content\/uploads\/2014\/07\/Casitas1.jpg\"><img data-recalc-dims=\"1\" loading=\"lazy\" decoding=\"async\" class=\" wp-image-48529 \" alt=\"POR FIN CON CASA.- Yisenia Espina y su peque\u00f1o ahora podr\u00e1n vivir con dignidad en su propia vivienda, sue\u00f1o por a\u00f1os acariciado por esta mujer.\" src=\"https:\/\/i0.wp.com\/www.eltrabajo.cl\/portal\/wp-content\/uploads\/2014\/07\/Casitas1.jpg?resize=370%2C390\" width=\"370\" height=\"390\" srcset=\"https:\/\/i0.wp.com\/eltrabajo.cl\/portal\/wp-content\/uploads\/2014\/07\/Casitas1.jpg?w=529&amp;ssl=1 529w, https:\/\/i0.wp.com\/eltrabajo.cl\/portal\/wp-content\/uploads\/2014\/07\/Casitas1.jpg?resize=142%2C150&amp;ssl=1 142w, https:\/\/i0.wp.com\/eltrabajo.cl\/portal\/wp-content\/uploads\/2014\/07\/Casitas1.jpg?resize=284%2C300&amp;ssl=1 284w, https:\/\/i0.wp.com\/eltrabajo.cl\/portal\/wp-content\/uploads\/2014\/07\/Casitas1.jpg?resize=400%2C421&amp;ssl=1 400w\" sizes=\"auto, (max-width: 370px) 100vw, 370px\" \/><\/a><figcaption id=\"caption-attachment-48529\" class=\"wp-caption-text\">POR FIN CON CASA.- Yisenia Espina y su peque\u00f1o ahora podr\u00e1n vivir con dignidad en su propia vivienda, sue\u00f1o por a\u00f1os acariciado por esta mujer.<\/figcaption><\/figure>\n<ul>\n<li><strong>En total, fueron 141 familias de las comunas de San Felipe, Panquehue, Santa Mar\u00eda, Llay Llay, Putaendo y Catemu, las que recibieron los subsidios DS01 para clase media y sectores emergentes, correspondientes al primer llamado del 2014. El proceso de selecci\u00f3n benefici\u00f3, en la V Regi\u00f3n a m\u00e1s de 1.500 personas.<\/strong><\/li>\n<\/ul>\n<p>Familias de las comunas de San Felipe, Panquehue, Santa Mar\u00eda, Llay Llay, Putaendo y Catemu, recibieron felices sus subsidios habitacionales del Decreto Supremo 01 para clase media y sectores emergentes, beneficio que les ayudar\u00e1 a cumplir el ansiado sue\u00f1o de la casa propia. La entrega se realiz\u00f3 en la Plaza C\u00edvica de San Felipe, lugar a donde llegaron las 141 familias de todas las comunas de la provincia para recibir el aporte estatal.<\/p>\n<p>En total resultaron beneficiadas catorce familias en Catemu; doce en Llay Llay; cinco en Panquehue; 22 en Putaendo; 78 en San Felipe y diez en Santa Mar\u00eda. De todos estos, 125 son del T\u00edtulo I, el que permite adquirir viviendas nuevas o usadas de hasta 1.200 UF y 16 para el T\u00edtulo II, destinados a viviendas de hasta 2.000 UF.<\/p>\n<p>&nbsp;<\/p>\n<p>SUE\u00d1O CUMPLIDO<\/p>\n<p>El Director Regional de Serviu, Nelson Basaes, indic\u00f3 que \u201cse trata de familias que est\u00e1n haciendo un tremendo esfuerzo y nosotros como Estado vamos a estar siempre a su lado, el Serviu est\u00e1 a disposici\u00f3n de ellos para acompa\u00f1arlos, porque ahora se cumple un proceso de postulaci\u00f3n de postulaci\u00f3n, pero en adelante tiene que adquirir una casa. Tambi\u00e9n quienes est\u00e1n recibiendo una Gift Card para poder, a trav\u00e9s del banco de materiales, mejorar su vivienda actual o mejorar la que ya tienen\u201d, coment\u00f3 Basaes.<\/p>\n<p>En tanto, Yisenia Espina, una de las beneficiadas con la entrega de este subsidio, indic\u00f3 que \u201cyo postul\u00e9 todo el a\u00f1o pasado, peor ahora en marzo postul\u00e9 y sal\u00ed beneficiada y estoy feliz y contenta con mi hijo, porque al fin vamos a tener nuestra casita y ya no vamos a estar como allegados\u201d.<\/p>\n<p>Cabe destacar que este subsidio entrega un aporte entre 500 a 100 UF que va variando dependiendo del valor de la propiedad que el postulante busca comprar y del t\u00edtulo al que se postul\u00f3. Esta variaci\u00f3n est\u00e1 dise\u00f1ada de la siguiente manera: mientras menor sea el valor de la vivienda mayor es el subsidio. Por ejemplo, para quienes buscan adquirir una vivienda de 550 UF, el subsidio le cubrir\u00e1 como m\u00e1ximo 500 UF, y para quienes buscan una vivienda de 2.000 UF, el subsidio le cubrir\u00e1 100 UF \u00f3 200 en el caso de una vivienda correspondiente a zonas de Renovaci\u00f3n Urbana o Inter\u00e9s Patrimonial.<\/p>\n<p>El primer llamado de este a\u00f1o se realiz\u00f3 entre el 18\/03 y el 10\/04, y en toda la V Regi\u00f3n benefici\u00f3 a 1.510 personas, con una inversi\u00f3n del Minvu de m\u00e1s de $12.000 millones.<\/p>\n<p>En tanto, el segundo llamado comenzar\u00e1 el 08\/07 y se cerrar\u00e1 el 25\/07, para cuya postulaci\u00f3n se tiene previsto la entrega, en principio, de unos 12.000 beneficios en todo el pa\u00eds para las familias de ese segmento social. Se podr\u00e1 postular para todos los t\u00edtulos, en todos sus tramos y de manera individual o colectiva.<\/p>\n<p>&nbsp;<\/p>\n","protected":false},"excerpt":{"rendered":"<p>En total, fueron 141 familias de las comunas de San Felipe, Panquehue, Santa Mar\u00eda, Llay Llay, Putaendo y Catemu, las que recibieron los subsidios DS01 para clase media y sectores emergentes, correspondientes&#8230;<\/p>\n","protected":false},"author":482,"featured_media":48529,"comment_status":"open","ping_status":"closed","sticky":false,"template":"","format":"standard","meta":{"advanced_seo_description":"","jetpack_seo_html_title":"","jetpack_seo_noindex":false,"_jetpack_memberships_contains_paid_content":false,"footnotes":""},"categories":[15],"tags":[],"class_list":["post-48528","post","type-post","status-publish","format-standard","has-post-thumbnail","hentry","category-comunidad"],"jetpack_featured_media_url":"https:\/\/i0.wp.com\/eltrabajo.cl\/portal\/wp-content\/uploads\/2014\/07\/Casitas1.jpg?fit=529%2C557&ssl=1","jetpack_sharing_enabled":true,"jetpack_likes_enabled":true,"jetpack-related-posts":[],"_links":{"self":[{"href":"https:\/\/eltrabajo.cl\/portal\/wp-json\/wp\/v2\/posts\/48528","targetHints":{"allow":["GET"]}}],"collection":[{"href":"https:\/\/eltrabajo.cl\/portal\/wp-json\/wp\/v2\/posts"}],"about":[{"href":"https:\/\/eltrabajo.cl\/portal\/wp-json\/wp\/v2\/types\/post"}],"author":[{"embeddable":true,"href":"https:\/\/eltrabajo.cl\/portal\/wp-json\/wp\/v2\/users\/482"}],"replies":[{"embeddable":true,"href":"https:\/\/eltrabajo.cl\/portal\/wp-json\/wp\/v2\/comments?post=48528"}],"version-history":[{"count":0,"href":"https:\/\/eltrabajo.cl\/portal\/wp-json\/wp\/v2\/posts\/48528\/revisions"}],"wp:featuredmedia":[{"embeddable":true,"href":"https:\/\/eltrabajo.cl\/portal\/wp-json\/wp\/v2\/media\/48529"}],"wp:attachment":[{"href":"https:\/\/eltrabajo.cl\/portal\/wp-json\/wp\/v2\/media?parent=48528"}],"wp:term":[{"taxonomy":"category","embeddable":true,"href":"https:\/\/eltrabajo.cl\/portal\/wp-json\/wp\/v2\/categories?post=48528"},{"taxonomy":"post_tag","embeddable":true,"href":"https:\/\/eltrabajo.cl\/portal\/wp-json\/wp\/v2\/tags?post=48528"}],"curies":[{"name":"wp","href":"https:\/\/api.w.org\/{rel}","templated":true}]}}