{"id":48542,"date":"2014-07-07T09:47:54","date_gmt":"2014-07-07T13:47:54","guid":{"rendered":"http:\/\/www.eltrabajo.cl\/portal\/?p=48542"},"modified":"2014-07-07T09:47:54","modified_gmt":"2014-07-07T13:47:54","slug":"roban-televisor-y-notebook-desde-vivienda-de-poblacion-santa-rita","status":"publish","type":"post","link":"https:\/\/eltrabajo.cl\/portal\/roban-televisor-y-notebook-desde-vivienda-de-poblacion-santa-rita\/","title":{"rendered":"Roban televisor y notebook desde vivienda de Poblaci\u00f3n Santa Rita"},"content":{"rendered":"<figure id=\"attachment_48543\" aria-describedby=\"caption-attachment-48543\" style=\"width: 528px\" class=\"wp-caption alignnone\"><a href=\"https:\/\/i0.wp.com\/www.eltrabajo.cl\/portal\/wp-content\/uploads\/2014\/07\/vENTANA1.jpg\"><img data-recalc-dims=\"1\" loading=\"lazy\" decoding=\"async\" class=\"size-full wp-image-48543\" alt=\"CASI $1 MILL\u00d3N.- Patricia Donoso verific\u00f3 que le robaron un televisor LED LG de 42 pulgadas, al igual que un notebook Samsung y un disco de memoria externa, enseres avaluados en cerca de $700.000.\" src=\"https:\/\/i0.wp.com\/www.eltrabajo.cl\/portal\/wp-content\/uploads\/2014\/07\/vENTANA1.jpg?resize=528%2C336\" width=\"528\" height=\"336\" srcset=\"https:\/\/i0.wp.com\/eltrabajo.cl\/portal\/wp-content\/uploads\/2014\/07\/vENTANA1.jpg?w=528&amp;ssl=1 528w, https:\/\/i0.wp.com\/eltrabajo.cl\/portal\/wp-content\/uploads\/2014\/07\/vENTANA1.jpg?resize=200%2C127&amp;ssl=1 200w, https:\/\/i0.wp.com\/eltrabajo.cl\/portal\/wp-content\/uploads\/2014\/07\/vENTANA1.jpg?resize=300%2C190&amp;ssl=1 300w, https:\/\/i0.wp.com\/eltrabajo.cl\/portal\/wp-content\/uploads\/2014\/07\/vENTANA1.jpg?resize=150%2C95&amp;ssl=1 150w, https:\/\/i0.wp.com\/eltrabajo.cl\/portal\/wp-content\/uploads\/2014\/07\/vENTANA1.jpg?resize=400%2C254&amp;ssl=1 400w\" sizes=\"auto, (max-width: 528px) 100vw, 528px\" \/><\/a><figcaption id=\"caption-attachment-48543\" class=\"wp-caption-text\">CASI $1 MILL\u00d3N.- Patricia Donoso verific\u00f3 que le robaron un televisor LED LG de 42 pulgadas, al igual que un notebook Samsung y un disco de memoria externa, enseres avaluados en cerca de $700.000.<\/figcaption><\/figure>\n<p><strong>PUTAENDO<\/strong>.- Delincuentes rompieron una ventana para ingresar a una vivienda de Poblaci\u00f3n Santa Rita y robar un televisor LED de 42 pulgadas, un notebook y una memoria externa. Patricia Donoso, propietaria de la vivienda afectada, se\u00f1al\u00f3 a Diario El Trabajo que a eso de las 16:00 horas de este s\u00e1bado se dirigi\u00f3 hasta la ciudad de Los Andes para pagar unas cuentas, fue cuando regres\u00f3 a eso de las 20:00 horas le llam\u00f3 poderosamente la atenci\u00f3n ver encendidas las luces de la vivienda y al ingresar a su hogar vio mucho desorden y cajones en el suelo y luego se percat\u00f3 que un ventanal estaba roto.<\/p>\n<figure id=\"attachment_48544\" aria-describedby=\"caption-attachment-48544\" style=\"width: 370px\" class=\"wp-caption alignright\"><a href=\"https:\/\/i0.wp.com\/www.eltrabajo.cl\/portal\/wp-content\/uploads\/2014\/07\/Ventana2.jpg\"><img data-recalc-dims=\"1\" loading=\"lazy\" decoding=\"async\" class=\" wp-image-48544 \" alt=\"VENTANA QUEBRADA.- La afectada a\u00f1adi\u00f3 que solicit\u00f3 la presencia de Carabineros y realiz\u00f3 la denuncia correspondiente.\" src=\"https:\/\/i0.wp.com\/www.eltrabajo.cl\/portal\/wp-content\/uploads\/2014\/07\/Ventana2.jpg?resize=370%2C251\" width=\"370\" height=\"251\" srcset=\"https:\/\/i0.wp.com\/eltrabajo.cl\/portal\/wp-content\/uploads\/2014\/07\/Ventana2.jpg?w=529&amp;ssl=1 529w, https:\/\/i0.wp.com\/eltrabajo.cl\/portal\/wp-content\/uploads\/2014\/07\/Ventana2.jpg?resize=200%2C135&amp;ssl=1 200w, https:\/\/i0.wp.com\/eltrabajo.cl\/portal\/wp-content\/uploads\/2014\/07\/Ventana2.jpg?resize=300%2C203&amp;ssl=1 300w, https:\/\/i0.wp.com\/eltrabajo.cl\/portal\/wp-content\/uploads\/2014\/07\/Ventana2.jpg?resize=150%2C101&amp;ssl=1 150w, https:\/\/i0.wp.com\/eltrabajo.cl\/portal\/wp-content\/uploads\/2014\/07\/Ventana2.jpg?resize=400%2C270&amp;ssl=1 400w\" sizes=\"auto, (max-width: 370px) 100vw, 370px\" \/><\/a><figcaption id=\"caption-attachment-48544\" class=\"wp-caption-text\">VENTANA QUEBRADA.- La afectada a\u00f1adi\u00f3 que solicit\u00f3 la presencia de Carabineros y realiz\u00f3 la denuncia correspondiente.<\/figcaption><\/figure>\n<p>La afectada comprob\u00f3 en ese instante que hab\u00eda sido v\u00edctima de un robo y al subir al segundo piso tambi\u00e9n encontr\u00f3 un gran desorden y verific\u00f3 que un televisor LED LG de 42 pulgadas hab\u00eda sido robado, al igual que un notebook Samsung y un disco de memoria externa, enceres avaluados en cerca de $700.000.<\/p>\n<p>Donoso sostuvo que lo m\u00e1s grave de esto es que uno de sus hijos ingres\u00f3 al domicilio a eso de las 19:20 horas y el computador estaba sobre la cama de una habitaci\u00f3n del segundo piso y el televisor en su posici\u00f3n normal, lo que le hace presumir que los delincuentes estaban al interior del inmueble cuando su hijo lleg\u00f3. Afortunadamente el menor de edad no estuvo mucho tiempo al interior de la casa y se presume que s\u00f3lo momentos antes que ella llegara a eso de las 20:00 horas, los sujetos sacaron las especies por el frontis de la vivienda.<\/p>\n<p>Esta conocida vecina hizo un llamado para que no compren las especies que le fueron robadas pues con mucho esfuerzo al igual que muchas personas, ha adquirido lo que estos sujetos le robaron, por lo que espera que en esta ocasi\u00f3n la comunidad tambi\u00e9n pueda denunciar a quienes podr\u00edan ofrecer sus especies a un atractivo precio en las pr\u00f3ximas horas.<\/p>\n<p>La afectada a\u00f1adi\u00f3 que solicit\u00f3 la presencia de Carabineros y realiz\u00f3 la denuncia correspondiente, mientras que personal de Carabineros realizaba diligencias tendientes a aclarar este robo.<\/p>\n<p>Patricio Gallardo M.<\/p>\n<p>&nbsp;<\/p>\n","protected":false},"excerpt":{"rendered":"<p>PUTAENDO.- Delincuentes rompieron una ventana para ingresar a una vivienda de Poblaci\u00f3n Santa Rita y robar un televisor LED de 42 pulgadas, un notebook y una memoria externa. Patricia Donoso, propietaria de&#8230;<\/p>\n","protected":false},"author":482,"featured_media":48543,"comment_status":"open","ping_status":"closed","sticky":false,"template":"","format":"standard","meta":{"advanced_seo_description":"","jetpack_seo_html_title":"","jetpack_seo_noindex":false,"_jetpack_memberships_contains_paid_content":false,"footnotes":""},"categories":[21],"tags":[],"class_list":["post-48542","post","type-post","status-publish","format-standard","has-post-thumbnail","hentry","category-policial"],"jetpack_featured_media_url":"https:\/\/i0.wp.com\/eltrabajo.cl\/portal\/wp-content\/uploads\/2014\/07\/vENTANA1.jpg?fit=528%2C336&ssl=1","jetpack_sharing_enabled":true,"jetpack_likes_enabled":true,"jetpack-related-posts":[],"_links":{"self":[{"href":"https:\/\/eltrabajo.cl\/portal\/wp-json\/wp\/v2\/posts\/48542","targetHints":{"allow":["GET"]}}],"collection":[{"href":"https:\/\/eltrabajo.cl\/portal\/wp-json\/wp\/v2\/posts"}],"about":[{"href":"https:\/\/eltrabajo.cl\/portal\/wp-json\/wp\/v2\/types\/post"}],"author":[{"embeddable":true,"href":"https:\/\/eltrabajo.cl\/portal\/wp-json\/wp\/v2\/users\/482"}],"replies":[{"embeddable":true,"href":"https:\/\/eltrabajo.cl\/portal\/wp-json\/wp\/v2\/comments?post=48542"}],"version-history":[{"count":0,"href":"https:\/\/eltrabajo.cl\/portal\/wp-json\/wp\/v2\/posts\/48542\/revisions"}],"wp:featuredmedia":[{"embeddable":true,"href":"https:\/\/eltrabajo.cl\/portal\/wp-json\/wp\/v2\/media\/48543"}],"wp:attachment":[{"href":"https:\/\/eltrabajo.cl\/portal\/wp-json\/wp\/v2\/media?parent=48542"}],"wp:term":[{"taxonomy":"category","embeddable":true,"href":"https:\/\/eltrabajo.cl\/portal\/wp-json\/wp\/v2\/categories?post=48542"},{"taxonomy":"post_tag","embeddable":true,"href":"https:\/\/eltrabajo.cl\/portal\/wp-json\/wp\/v2\/tags?post=48542"}],"curies":[{"name":"wp","href":"https:\/\/api.w.org\/{rel}","templated":true}]}}