{"id":48547,"date":"2014-07-07T09:53:07","date_gmt":"2014-07-07T13:53:07","guid":{"rendered":"http:\/\/www.eltrabajo.cl\/portal\/?p=48547"},"modified":"2014-07-07T09:53:07","modified_gmt":"2014-07-07T13:53:07","slug":"ebrio-al-volante-provoco-violento-accidente-de-transito","status":"publish","type":"post","link":"https:\/\/eltrabajo.cl\/portal\/ebrio-al-volante-provoco-violento-accidente-de-transito\/","title":{"rendered":"Ebrio al volante provoc\u00f3 violento accidente de tr\u00e1nsito"},"content":{"rendered":"<figure id=\"attachment_48548\" aria-describedby=\"caption-attachment-48548\" style=\"width: 529px\" class=\"wp-caption alignnone\"><a href=\"https:\/\/i0.wp.com\/www.eltrabajo.cl\/portal\/wp-content\/uploads\/2014\/07\/Vuelco1.jpg\"><img data-recalc-dims=\"1\" loading=\"lazy\" decoding=\"async\" class=\"size-full wp-image-48548\" alt=\"La Siat de Carabineros deber\u00e1 establecer la responsabilidad de este veh\u00edculo que ser\u00eda el responsable del accidente donde se presume que habr\u00eda sido provocado por consumo de alcohol.\" src=\"https:\/\/i0.wp.com\/www.eltrabajo.cl\/portal\/wp-content\/uploads\/2014\/07\/Vuelco1.jpg?resize=529%2C346\" width=\"529\" height=\"346\" srcset=\"https:\/\/i0.wp.com\/eltrabajo.cl\/portal\/wp-content\/uploads\/2014\/07\/Vuelco1.jpg?w=529&amp;ssl=1 529w, https:\/\/i0.wp.com\/eltrabajo.cl\/portal\/wp-content\/uploads\/2014\/07\/Vuelco1.jpg?resize=200%2C130&amp;ssl=1 200w, https:\/\/i0.wp.com\/eltrabajo.cl\/portal\/wp-content\/uploads\/2014\/07\/Vuelco1.jpg?resize=300%2C196&amp;ssl=1 300w, https:\/\/i0.wp.com\/eltrabajo.cl\/portal\/wp-content\/uploads\/2014\/07\/Vuelco1.jpg?resize=150%2C98&amp;ssl=1 150w, https:\/\/i0.wp.com\/eltrabajo.cl\/portal\/wp-content\/uploads\/2014\/07\/Vuelco1.jpg?resize=400%2C261&amp;ssl=1 400w\" sizes=\"auto, (max-width: 529px) 100vw, 529px\" \/><\/a><figcaption id=\"caption-attachment-48548\" class=\"wp-caption-text\">La Siat de Carabineros deber\u00e1 establecer la responsabilidad de este veh\u00edculo que ser\u00eda el responsable del accidente donde se presume que habr\u00eda sido provocado por consumo de alcohol.<\/figcaption><\/figure>\n<p><strong>PANQUEHUE.<\/strong>&#8211; Cinco personas resultaron lesionadas de consideraci\u00f3n tras protagonizar un violento accidente de tr\u00e1nsito que se origin\u00f3 cuando el conductor del veh\u00edculo Hyundai de color negro, aparentemente bajo los efectos del alcohol, se habr\u00eda quedado dormido al volante traspasando el eje de la calzada para impactar a un cami\u00f3n de reparto que se dirig\u00eda en direcci\u00f3n al oriente.<\/p>\n<p>Producto de lo anterior, un tercer veh\u00edculo de color gris que suced\u00eda al Hyundai, lo impact\u00f3 por alcance en la parte trasera y al lograr retomar la marcha termin\u00f3 volcado a un costado de la Ruta 60 CH, a la altura del sector El Pe\u00f1\u00f3n de la comuna de Panquehue.<\/p>\n<p><strong>LOS DA\u00d1OS SON MILLONARIOS<\/strong><\/p>\n<p>Este accidente se produjo a eso de las 07:55 horas de la ma\u00f1ana del pasado viernes, afortunadamente sin p\u00e9rdidas de vidas que lamentar, pero con serios da\u00f1os a las carrocer\u00edas de los veh\u00edculos.<\/p>\n<p>Hasta el lugar debi\u00f3 concurrir personal de distintas compa\u00f1\u00edas de Bomberos, quienes debieron rescatar a los heridos que presentaban algunos cortes en la cabeza, contusiones y laceraciones de mediana consideraci\u00f3n, debiendo ser trasladados por el personal del Samu al Hospital San Camilo para ser auxiliados junto con la pr\u00e1ctica de ex\u00e1menes de rigor.<\/p>\n<p>En tanto, las primeras diligencias de Carabineros indican que uno de los conductores que habr\u00eda originado el accidente presentaba h\u00e1lito alcoh\u00f3lico, lo que ser\u00eda el causante de la p\u00e9rdida del control del veh\u00edculo, presunciones que deber\u00e1n ser confirmadas tras los peritajes de la Secci\u00f3n de Investigaci\u00f3n de Accidentes de Tr\u00e1nsito Siat y del Servicio M\u00e9dico Legal.<\/p>\n<p>\u201cPersonal de Carabineros se constituye en forma inmediata en el lugar, donde se establece la participaci\u00f3n de dos veh\u00edculos menores y un cami\u00f3n que presta servicio a la Compa\u00f1\u00eda IPF. Por causas que se investigan, el conductor del veh\u00edculo marca Hyundai pierde el control del m\u00f3vil y sobrepasa el eje central de la calzada; el segundo de los veh\u00edculos menores intenta esquivar al autom\u00f3vil terminando volcado en la ruta. A ra\u00edz de esta mala maniobra que ejecuta el veh\u00edculo marca Hyundai, lo impacta por la parte posterior provocando el volcamiento de este cami\u00f3n. Una de las hip\u00f3tesis que se baraja es la presencia del alcohol por parte del conductor que habr\u00eda ocasionado el accidente y de acuerdo a las diligencias que hemos realizado, manifest\u00f3 haberse quedado dormido al volante\u201d, se\u00f1al\u00f3 el Capit\u00e1n de Carabineros, Juan Vargas.<\/p>\n<p>Pablo Salinas Sald\u00edas<\/p>\n<div class=\"tiled-gallery type-rectangular tiled-gallery-unresized\" data-original-width=\"640\" data-carousel-extra='null' itemscope itemtype=\"http:\/\/schema.org\/ImageGallery\" > <div class=\"gallery-row\" style=\"width: 640px; height: 213px;\" data-original-width=\"640\" data-original-height=\"213\" > <div class=\"gallery-group images-1\" style=\"width: 321px; height: 213px;\" data-original-width=\"321\" data-original-height=\"213\" > <div class=\"tiled-gallery-item tiled-gallery-item-large\" itemprop=\"associatedMedia\" itemscope itemtype=\"http:\/\/schema.org\/ImageObject\"> <a href=\"https:\/\/eltrabajo.cl\/portal\/ebrio-al-volante-provoco-violento-accidente-de-transito\/vuelco2\/\" border=\"0\" itemprop=\"url\"> <meta itemprop=\"width\" content=\"317\"> <meta itemprop=\"height\" content=\"209\"> <img decoding=\"async\" class=\"\" data-attachment-id=\"48549\" data-orig-file=\"https:\/\/eltrabajo.cl\/portal\/wp-content\/uploads\/2014\/07\/Vuelco2.jpg\" data-orig-size=\"529,349\" data-comments-opened=\"1\" data-image-meta=\"{&quot;aperture&quot;:&quot;0&quot;,&quot;credit&quot;:&quot;&quot;,&quot;camera&quot;:&quot;&quot;,&quot;caption&quot;:&quot;&quot;,&quot;created_timestamp&quot;:&quot;0&quot;,&quot;copyright&quot;:&quot;&quot;,&quot;focal_length&quot;:&quot;0&quot;,&quot;iso&quot;:&quot;0&quot;,&quot;shutter_speed&quot;:&quot;0&quot;,&quot;title&quot;:&quot;&quot;}\" data-image-title=\"Vuelco2\" data-image-description=\"&lt;p&gt;El cami\u00f3n perteneciente a la empresa de Cecinas PF result\u00f3 volcado cuando se dirig\u00eda a su lugar de trabajo para realizar unos repartos, impedido por el aparatoso accidente.&lt;\/p&gt; \" data-medium-file=\"https:\/\/i0.wp.com\/eltrabajo.cl\/portal\/wp-content\/uploads\/2014\/07\/Vuelco2.jpg?fit=300%2C197&#038;ssl=1\" data-large-file=\"https:\/\/i0.wp.com\/eltrabajo.cl\/portal\/wp-content\/uploads\/2014\/07\/Vuelco2.jpg?fit=529%2C349&#038;ssl=1\" src=\"https:\/\/i0.wp.com\/eltrabajo.cl\/portal\/wp-content\/uploads\/2014\/07\/Vuelco2.jpg?w=317&#038;h=209&#038;ssl=1\" srcset=\"https:\/\/i0.wp.com\/eltrabajo.cl\/portal\/wp-content\/uploads\/2014\/07\/Vuelco2.jpg?w=529&amp;ssl=1 529w, https:\/\/i0.wp.com\/eltrabajo.cl\/portal\/wp-content\/uploads\/2014\/07\/Vuelco2.jpg?resize=200%2C131&amp;ssl=1 200w, https:\/\/i0.wp.com\/eltrabajo.cl\/portal\/wp-content\/uploads\/2014\/07\/Vuelco2.jpg?resize=300%2C197&amp;ssl=1 300w, https:\/\/i0.wp.com\/eltrabajo.cl\/portal\/wp-content\/uploads\/2014\/07\/Vuelco2.jpg?resize=150%2C98&amp;ssl=1 150w, https:\/\/i0.wp.com\/eltrabajo.cl\/portal\/wp-content\/uploads\/2014\/07\/Vuelco2.jpg?resize=400%2C263&amp;ssl=1 400w\" width=\"317\" height=\"209\" loading=\"lazy\" data-original-width=\"317\" data-original-height=\"209\" itemprop=\"http:\/\/schema.org\/image\" title=\"Vuelco2\" alt=\"El cami\u00f3n perteneciente a la empresa de Cecinas PF result\u00f3 volcado cuando se dirig\u00eda a su lugar de trabajo para realizar unos repartos, impedido por el aparatoso accidente.\" style=\"width: 317px; height: 209px;\" \/> <\/a> <div class=\"tiled-gallery-caption\" itemprop=\"caption description\"> El cami\u00f3n perteneciente a la empresa de Cecinas PF result\u00f3 volcado cuando se dirig\u00eda a su lugar de trabajo para realizar unos repartos, impedido por el aparatoso accidente. <\/div> <\/div> <\/div> <!-- close group --> <div class=\"gallery-group images-1\" style=\"width: 319px; height: 213px;\" data-original-width=\"319\" data-original-height=\"213\" > <div class=\"tiled-gallery-item tiled-gallery-item-large\" itemprop=\"associatedMedia\" itemscope itemtype=\"http:\/\/schema.org\/ImageObject\"> <a href=\"https:\/\/eltrabajo.cl\/portal\/ebrio-al-volante-provoco-violento-accidente-de-transito\/vuelco3\/\" border=\"0\" itemprop=\"url\"> <meta itemprop=\"width\" content=\"315\"> <meta itemprop=\"height\" content=\"209\"> <img decoding=\"async\" class=\"\" data-attachment-id=\"48550\" data-orig-file=\"https:\/\/eltrabajo.cl\/portal\/wp-content\/uploads\/2014\/07\/Vuelco3.jpg\" data-orig-size=\"529,351\" data-comments-opened=\"1\" data-image-meta=\"{&quot;aperture&quot;:&quot;0&quot;,&quot;credit&quot;:&quot;&quot;,&quot;camera&quot;:&quot;&quot;,&quot;caption&quot;:&quot;&quot;,&quot;created_timestamp&quot;:&quot;0&quot;,&quot;copyright&quot;:&quot;&quot;,&quot;focal_length&quot;:&quot;0&quot;,&quot;iso&quot;:&quot;0&quot;,&quot;shutter_speed&quot;:&quot;0&quot;,&quot;title&quot;:&quot;&quot;}\" data-image-title=\"Vuelco3\" data-image-description=\"&lt;p&gt;Este veh\u00edculo impact\u00f3 por alcance al primero de los involucrados lo que produjo un volcamiento al borde de la Ruta 60 CH en la comuna de Panquehue.&lt;\/p&gt; \" data-medium-file=\"https:\/\/i0.wp.com\/eltrabajo.cl\/portal\/wp-content\/uploads\/2014\/07\/Vuelco3.jpg?fit=300%2C199&#038;ssl=1\" data-large-file=\"https:\/\/i0.wp.com\/eltrabajo.cl\/portal\/wp-content\/uploads\/2014\/07\/Vuelco3.jpg?fit=529%2C351&#038;ssl=1\" src=\"https:\/\/i0.wp.com\/eltrabajo.cl\/portal\/wp-content\/uploads\/2014\/07\/Vuelco3.jpg?w=315&#038;h=209&#038;ssl=1\" srcset=\"https:\/\/i0.wp.com\/eltrabajo.cl\/portal\/wp-content\/uploads\/2014\/07\/Vuelco3.jpg?w=529&amp;ssl=1 529w, https:\/\/i0.wp.com\/eltrabajo.cl\/portal\/wp-content\/uploads\/2014\/07\/Vuelco3.jpg?resize=200%2C132&amp;ssl=1 200w, https:\/\/i0.wp.com\/eltrabajo.cl\/portal\/wp-content\/uploads\/2014\/07\/Vuelco3.jpg?resize=300%2C199&amp;ssl=1 300w, https:\/\/i0.wp.com\/eltrabajo.cl\/portal\/wp-content\/uploads\/2014\/07\/Vuelco3.jpg?resize=150%2C99&amp;ssl=1 150w, https:\/\/i0.wp.com\/eltrabajo.cl\/portal\/wp-content\/uploads\/2014\/07\/Vuelco3.jpg?resize=400%2C265&amp;ssl=1 400w\" width=\"315\" height=\"209\" loading=\"lazy\" data-original-width=\"315\" data-original-height=\"209\" itemprop=\"http:\/\/schema.org\/image\" title=\"Vuelco3\" alt=\"Este veh\u00edculo impact\u00f3 por alcance al primero de los involucrados lo que produjo un volcamiento al borde de la Ruta 60 CH en la comuna de Panquehue.\" style=\"width: 315px; height: 209px;\" \/> <\/a> <div class=\"tiled-gallery-caption\" itemprop=\"caption description\"> Este veh\u00edculo impact\u00f3 por alcance al primero de los involucrados lo que produjo un volcamiento al borde de la Ruta 60 CH en la comuna de Panquehue. <\/div> <\/div> <\/div> <!-- close group --> <\/div> <!-- close row --> <\/div>\n","protected":false},"excerpt":{"rendered":"<p>PANQUEHUE.&#8211; Cinco personas resultaron lesionadas de consideraci\u00f3n tras protagonizar un violento accidente de tr\u00e1nsito que se origin\u00f3 cuando el conductor del veh\u00edculo Hyundai de color negro, aparentemente bajo los efectos del alcohol,&#8230;<\/p>\n","protected":false},"author":482,"featured_media":48548,"comment_status":"open","ping_status":"closed","sticky":false,"template":"","format":"standard","meta":{"advanced_seo_description":"","jetpack_seo_html_title":"","jetpack_seo_noindex":false,"_jetpack_memberships_contains_paid_content":false,"footnotes":""},"categories":[21],"tags":[],"class_list":["post-48547","post","type-post","status-publish","format-standard","has-post-thumbnail","hentry","category-policial"],"jetpack_featured_media_url":"https:\/\/i0.wp.com\/eltrabajo.cl\/portal\/wp-content\/uploads\/2014\/07\/Vuelco1.jpg?fit=529%2C346&ssl=1","jetpack_sharing_enabled":true,"jetpack_likes_enabled":true,"jetpack-related-posts":[],"_links":{"self":[{"href":"https:\/\/eltrabajo.cl\/portal\/wp-json\/wp\/v2\/posts\/48547","targetHints":{"allow":["GET"]}}],"collection":[{"href":"https:\/\/eltrabajo.cl\/portal\/wp-json\/wp\/v2\/posts"}],"about":[{"href":"https:\/\/eltrabajo.cl\/portal\/wp-json\/wp\/v2\/types\/post"}],"author":[{"embeddable":true,"href":"https:\/\/eltrabajo.cl\/portal\/wp-json\/wp\/v2\/users\/482"}],"replies":[{"embeddable":true,"href":"https:\/\/eltrabajo.cl\/portal\/wp-json\/wp\/v2\/comments?post=48547"}],"version-history":[{"count":0,"href":"https:\/\/eltrabajo.cl\/portal\/wp-json\/wp\/v2\/posts\/48547\/revisions"}],"wp:featuredmedia":[{"embeddable":true,"href":"https:\/\/eltrabajo.cl\/portal\/wp-json\/wp\/v2\/media\/48548"}],"wp:attachment":[{"href":"https:\/\/eltrabajo.cl\/portal\/wp-json\/wp\/v2\/media?parent=48547"}],"wp:term":[{"taxonomy":"category","embeddable":true,"href":"https:\/\/eltrabajo.cl\/portal\/wp-json\/wp\/v2\/categories?post=48547"},{"taxonomy":"post_tag","embeddable":true,"href":"https:\/\/eltrabajo.cl\/portal\/wp-json\/wp\/v2\/tags?post=48547"}],"curies":[{"name":"wp","href":"https:\/\/api.w.org\/{rel}","templated":true}]}}