{"id":48553,"date":"2014-07-07T09:54:35","date_gmt":"2014-07-07T13:54:35","guid":{"rendered":"http:\/\/www.eltrabajo.cl\/portal\/?p=48553"},"modified":"2014-07-07T09:54:35","modified_gmt":"2014-07-07T13:54:35","slug":"rocio-su-cuerpo-con-parafina-e-intento-quemarse-a-lo-bonzo-en-la-plaza","status":"publish","type":"post","link":"https:\/\/eltrabajo.cl\/portal\/rocio-su-cuerpo-con-parafina-e-intento-quemarse-a-lo-bonzo-en-la-plaza\/","title":{"rendered":"Roci\u00f3 su cuerpo con parafina e intent\u00f3 quemarse a lo bonzo en la plaza"},"content":{"rendered":"<figure id=\"attachment_48554\" aria-describedby=\"caption-attachment-48554\" style=\"width: 370px\" class=\"wp-caption alignleft\"><a href=\"https:\/\/i0.wp.com\/www.eltrabajo.cl\/portal\/wp-content\/uploads\/2014\/07\/intento-bonzo-Fuego1.jpg\"><img data-recalc-dims=\"1\" loading=\"lazy\" decoding=\"async\" class=\" wp-image-48554 \" alt=\"SUICIDA EN POTENCIA.- El imputado fue custodiado por Carabineros y trasladado hasta el Juzgado de Garant\u00eda de San Felipe donde fue requerido por la Fiscal\u00eda por da\u00f1os al Municipio.\" src=\"https:\/\/i0.wp.com\/www.eltrabajo.cl\/portal\/wp-content\/uploads\/2014\/07\/intento-bonzo-Fuego1.jpg?resize=370%2C635\" width=\"370\" height=\"635\" srcset=\"https:\/\/i0.wp.com\/eltrabajo.cl\/portal\/wp-content\/uploads\/2014\/07\/intento-bonzo-Fuego1.jpg?w=529&amp;ssl=1 529w, https:\/\/i0.wp.com\/eltrabajo.cl\/portal\/wp-content\/uploads\/2014\/07\/intento-bonzo-Fuego1.jpg?resize=87%2C150&amp;ssl=1 87w, https:\/\/i0.wp.com\/eltrabajo.cl\/portal\/wp-content\/uploads\/2014\/07\/intento-bonzo-Fuego1.jpg?resize=174%2C300&amp;ssl=1 174w, https:\/\/i0.wp.com\/eltrabajo.cl\/portal\/wp-content\/uploads\/2014\/07\/intento-bonzo-Fuego1.jpg?resize=400%2C685&amp;ssl=1 400w\" sizes=\"auto, (max-width: 370px) 100vw, 370px\" \/><\/a><figcaption id=\"caption-attachment-48554\" class=\"wp-caption-text\">SUICIDA EN POTENCIA.- El imputado fue custodiado por Carabineros y trasladado hasta el Juzgado de Garant\u00eda de San Felipe donde fue requerido por la Fiscal\u00eda por da\u00f1os al Municipio.<\/figcaption><\/figure>\n<p>Como Adri\u00e1n Rodrigo D\u00edaz Soto, de 39 a\u00f1os de edad, fue identificado el hombre que roci\u00f3 su cuerpo con parafina, amenazando que se quemar\u00eda a lo bonzo en el frontis de la Municipalidad de San Felipe cuando pretend\u00eda pedir una audiencia con el Alcalde Patricio Freire, cerca de las 14:00 horas del pasado viernes.<\/p>\n<p>El hecho caus\u00f3 revuelo y expectaci\u00f3n entre los transe\u00fantes que circulaban a esas horas por el centro de la comuna, cuando escucharon a D\u00edaz Soto que comenz\u00f3 a gritar improperios en contra de la autoridad edilicia, decidido a inmolarse tras su desesperaci\u00f3n.<\/p>\n<p><strong>HERENCIA IMPOSIBLE<\/strong><\/p>\n<p>Esta decisi\u00f3n de atentar en contra de su vida apunta a que hasta la fecha no puede heredar una propiedad de su padre, Carlos Aurelio D\u00edaz Cordero, quien falleci\u00f3 en el a\u00f1o 1990 dado a que en el Registro Civil figura vivo legalmente. Esto se produjo -seg\u00fan su versi\u00f3n- porque su madre analfabeta reconoci\u00f3 el cuerpo de otra persona en el Servicio M\u00e9dico Legal de Antofagasta y firm\u00f3 documentaci\u00f3n con el nombre de Juan Alfredo Castillo Toledo.<\/p>\n<p>Tres a\u00f1os m\u00e1s tarde su madre falleci\u00f3 y seg\u00fan \u00e9l lo explica, no ha logrado hacer Posesi\u00f3n Efectiva de la propiedad para realizar su venta por el problema legal que figura en el Registro Civil, requiriendo ayuda a diversas autoridades y abogados que no le han dado soluci\u00f3n.<\/p>\n<p><strong>SEGUIDILLA DE PROBLEMAS<\/strong><\/p>\n<p>Proveniente de la ciudad de Iquique, D\u00edaz Soto actualmente reside en el sector El Almendral de la comuna de Santa Mar\u00eda y la semana pasada fue padre de una beb\u00e9, quien naci\u00f3 en el Hospital San Camilo de San Felipe. Pero sus deseos de quemarse a lo bonzo se manten\u00edan desde el pasado mi\u00e9rcoles cuando concurri\u00f3 hasta el edificio de Diario El Trabajo indicando que atentar\u00eda contra su vida si no le prestaban una soluci\u00f3n a su problema.<\/p>\n<p>Desde ese d\u00eda Carabineros manten\u00eda la alerta, dado a que el afectado hab\u00eda concurrido al Registro Civil incluso a la Gobernaci\u00f3n provincial, amenazando con quemarse a lo bonzo, lo que finalmente trat\u00f3 de realizar este viernes cuando se dirigi\u00f3 hasta el frontis de la municipalidad.<\/p>\n<p>En dicho lugar sostuvo una discusi\u00f3n con el guardia, quien imped\u00eda su ingreso al edificio, instantes en que Adri\u00e1n D\u00edaz lanz\u00f3 un golpe de pu\u00f1o hacia un vidrio de una ventana, la que estall\u00f3 provoc\u00e1ndole heridas cortantes. Luego sac\u00f3 desde su mochila un bid\u00f3n con parafina y roci\u00f3 completamente su cuerpo, amenazando directamente al alcalde con quemarse, gritando groser\u00edas en su contra.<\/p>\n<p>En breves minutos Carabineros concurri\u00f3 hasta el lugar, logrando la detenci\u00f3n del sujeto y frustrando de esta forma su decisi\u00f3n, para ser luego trasladado hasta el Hospital San Camilo a fin de que le fuera atendida su herida cortante en el brazo derecho.<\/p>\n<p>Su detenci\u00f3n fue controlada en horas de la ma\u00f1ana del s\u00e1bado en el Juzgado de Garant\u00eda de San Felipe, siendo requerido por el Ministerio P\u00fablico representado por el Fiscal Eduardo Fajardo, por el delito de Da\u00f1os a la propiedad avaluados en la suma de $80.000, quedando citado hasta una pr\u00f3xima fecha en el mes de agosto para aceptar responsabilidad en los hechos, recuperando su libertad.<\/p>\n<p>El persecutor agreg\u00f3 que ser\u00e1 materia de la Defensa determinar si el imputado padece de un cuadro de esquizofrenia al momento de enfrentar un juicio.<\/p>\n<p>Cabe mencionar que el acusado registra antecedentes desde el a\u00f1o 1992 por Robo con Fuerza; Hurto Frustrado; Hurto Falta y el a\u00f1o 2012 una condena de Robo por Sorpresa, emanada del Juzgado de Garant\u00eda de Copiap\u00f3.<\/p>\n<p>Pablo Salinas Sald\u00edas<\/p>\n","protected":false},"excerpt":{"rendered":"<p>Como Adri\u00e1n Rodrigo D\u00edaz Soto, de 39 a\u00f1os de edad, fue identificado el hombre que roci\u00f3 su cuerpo con parafina, amenazando que se quemar\u00eda a lo bonzo en el frontis de la&#8230;<\/p>\n","protected":false},"author":482,"featured_media":48554,"comment_status":"open","ping_status":"closed","sticky":false,"template":"","format":"standard","meta":{"advanced_seo_description":"","jetpack_seo_html_title":"","jetpack_seo_noindex":false,"_jetpack_memberships_contains_paid_content":false,"footnotes":""},"categories":[21],"tags":[],"class_list":["post-48553","post","type-post","status-publish","format-standard","has-post-thumbnail","hentry","category-policial"],"jetpack_featured_media_url":"https:\/\/i0.wp.com\/eltrabajo.cl\/portal\/wp-content\/uploads\/2014\/07\/intento-bonzo-Fuego1.jpg?fit=529%2C907&ssl=1","jetpack_sharing_enabled":true,"jetpack_likes_enabled":true,"jetpack-related-posts":[],"_links":{"self":[{"href":"https:\/\/eltrabajo.cl\/portal\/wp-json\/wp\/v2\/posts\/48553","targetHints":{"allow":["GET"]}}],"collection":[{"href":"https:\/\/eltrabajo.cl\/portal\/wp-json\/wp\/v2\/posts"}],"about":[{"href":"https:\/\/eltrabajo.cl\/portal\/wp-json\/wp\/v2\/types\/post"}],"author":[{"embeddable":true,"href":"https:\/\/eltrabajo.cl\/portal\/wp-json\/wp\/v2\/users\/482"}],"replies":[{"embeddable":true,"href":"https:\/\/eltrabajo.cl\/portal\/wp-json\/wp\/v2\/comments?post=48553"}],"version-history":[{"count":0,"href":"https:\/\/eltrabajo.cl\/portal\/wp-json\/wp\/v2\/posts\/48553\/revisions"}],"wp:featuredmedia":[{"embeddable":true,"href":"https:\/\/eltrabajo.cl\/portal\/wp-json\/wp\/v2\/media\/48554"}],"wp:attachment":[{"href":"https:\/\/eltrabajo.cl\/portal\/wp-json\/wp\/v2\/media?parent=48553"}],"wp:term":[{"taxonomy":"category","embeddable":true,"href":"https:\/\/eltrabajo.cl\/portal\/wp-json\/wp\/v2\/categories?post=48553"},{"taxonomy":"post_tag","embeddable":true,"href":"https:\/\/eltrabajo.cl\/portal\/wp-json\/wp\/v2\/tags?post=48553"}],"curies":[{"name":"wp","href":"https:\/\/api.w.org\/{rel}","templated":true}]}}