{"id":48563,"date":"2014-07-08T09:22:20","date_gmt":"2014-07-08T13:22:20","guid":{"rendered":"http:\/\/www.eltrabajo.cl\/portal\/?p=48563"},"modified":"2014-07-08T09:22:20","modified_gmt":"2014-07-08T13:22:20","slug":"inician-proceso-de-recopilacion-de-fotografias-antiguas","status":"publish","type":"post","link":"https:\/\/eltrabajo.cl\/portal\/inician-proceso-de-recopilacion-de-fotografias-antiguas\/","title":{"rendered":"Inician proceso de recopilaci\u00f3n de fotograf\u00edas antiguas"},"content":{"rendered":"<figure id=\"attachment_48564\" aria-describedby=\"caption-attachment-48564\" style=\"width: 529px\" class=\"wp-caption alignnone\"><a href=\"https:\/\/i0.wp.com\/www.eltrabajo.cl\/portal\/wp-content\/uploads\/2014\/07\/Antiguas1.jpg\"><img data-recalc-dims=\"1\" loading=\"lazy\" decoding=\"async\" class=\"size-full wp-image-48564\" alt=\"El Centro de Desarrollo y Expresi\u00f3n Cultural de ese sector ha iniciado un proceso de recopilaci\u00f3n de fotograf\u00edas antiguas. \" src=\"https:\/\/i0.wp.com\/www.eltrabajo.cl\/portal\/wp-content\/uploads\/2014\/07\/Antiguas1.jpg?resize=529%2C337\" width=\"529\" height=\"337\" srcset=\"https:\/\/i0.wp.com\/eltrabajo.cl\/portal\/wp-content\/uploads\/2014\/07\/Antiguas1.jpg?w=529&amp;ssl=1 529w, https:\/\/i0.wp.com\/eltrabajo.cl\/portal\/wp-content\/uploads\/2014\/07\/Antiguas1.jpg?resize=200%2C127&amp;ssl=1 200w, https:\/\/i0.wp.com\/eltrabajo.cl\/portal\/wp-content\/uploads\/2014\/07\/Antiguas1.jpg?resize=300%2C191&amp;ssl=1 300w, https:\/\/i0.wp.com\/eltrabajo.cl\/portal\/wp-content\/uploads\/2014\/07\/Antiguas1.jpg?resize=150%2C95&amp;ssl=1 150w, https:\/\/i0.wp.com\/eltrabajo.cl\/portal\/wp-content\/uploads\/2014\/07\/Antiguas1.jpg?resize=400%2C254&amp;ssl=1 400w\" sizes=\"auto, (max-width: 529px) 100vw, 529px\" \/><\/a><figcaption id=\"caption-attachment-48564\" class=\"wp-caption-text\">El Centro de Desarrollo y Expresi\u00f3n Cultural de ese sector ha iniciado un proceso de recopilaci\u00f3n de fotograf\u00edas antiguas.<\/figcaption><\/figure>\n<p><strong>PUTAENDO<\/strong>.- Como una manera de mantener vigente la identidad y la historia de Rinconada de Silva a trav\u00e9s de la participaci\u00f3n de la comunidad, el Centro de Desarrollo y Expresi\u00f3n Cultural de ese sector ha iniciado un proceso de recopilaci\u00f3n de fotograf\u00edas antiguas.<\/p>\n<p>La tarde del s\u00e1bado pasado en dependencias del centro cultural, se desarroll\u00f3 la primera parte de esta recopilaci\u00f3n de fotograf\u00edas antiguas que cont\u00f3 con el apoyo del Historiador Abel Cort\u00e9s y a la cual concurri\u00f3 un grupo de vecinas que entusiastas compart\u00edan los detalles de las fotograf\u00edas, incluso entre risas la presidente del centro cultura, Gemma Lepe compart\u00eda las fotos de su ni\u00f1ez.<\/p>\n<p>A la actividad tambi\u00e9n asisti\u00f3 el Alcalde Guillermo Reyes junto a su esposa Lidia Lepe, adem\u00e1s de la directora de la Oficina de Patrimonio y Medioambiente del Municipio de Putaendo.<\/p>\n<p>Gemma Lepe destac\u00f3 el significado de la iniciativa y sostuvo que este es el inicio de un proceso que pretende recopilar la mayor cantidad de fotograf\u00edas antiguas de Rinconada de Silva para ser exhibidas en el centro cultural, \u201cha sido una jornada interesante y emotiva, ya que hemos visto en las fotos que han tra\u00eddo nuestros vecinos a mucha gente que ya no est\u00e1 con nosotros y realmente recordarlos a trav\u00e9s de las fotograf\u00edas ha sido una instancia llena de emociones, principalmente para la localidad de Rinconada de Silva la importancia de esta instancia es conocer un poco m\u00e1s de nuestra historia conversando con nuestros vecinos\u201d, dijo Lepe.<\/p>\n<p>Patricio Gallardo M.<\/p>\n<p>&nbsp;<\/p>\n","protected":false},"excerpt":{"rendered":"<p>PUTAENDO.- Como una manera de mantener vigente la identidad y la historia de Rinconada de Silva a trav\u00e9s de la participaci\u00f3n de la comunidad, el Centro de Desarrollo y Expresi\u00f3n Cultural de&#8230;<\/p>\n","protected":false},"author":482,"featured_media":48564,"comment_status":"open","ping_status":"closed","sticky":false,"template":"","format":"standard","meta":{"advanced_seo_description":"","jetpack_seo_html_title":"","jetpack_seo_noindex":false,"_jetpack_memberships_contains_paid_content":false,"footnotes":""},"categories":[15],"tags":[],"class_list":["post-48563","post","type-post","status-publish","format-standard","has-post-thumbnail","hentry","category-comunidad"],"jetpack_featured_media_url":"https:\/\/i0.wp.com\/eltrabajo.cl\/portal\/wp-content\/uploads\/2014\/07\/Antiguas1.jpg?fit=529%2C337&ssl=1","jetpack_sharing_enabled":true,"jetpack_likes_enabled":true,"jetpack-related-posts":[],"_links":{"self":[{"href":"https:\/\/eltrabajo.cl\/portal\/wp-json\/wp\/v2\/posts\/48563","targetHints":{"allow":["GET"]}}],"collection":[{"href":"https:\/\/eltrabajo.cl\/portal\/wp-json\/wp\/v2\/posts"}],"about":[{"href":"https:\/\/eltrabajo.cl\/portal\/wp-json\/wp\/v2\/types\/post"}],"author":[{"embeddable":true,"href":"https:\/\/eltrabajo.cl\/portal\/wp-json\/wp\/v2\/users\/482"}],"replies":[{"embeddable":true,"href":"https:\/\/eltrabajo.cl\/portal\/wp-json\/wp\/v2\/comments?post=48563"}],"version-history":[{"count":0,"href":"https:\/\/eltrabajo.cl\/portal\/wp-json\/wp\/v2\/posts\/48563\/revisions"}],"wp:featuredmedia":[{"embeddable":true,"href":"https:\/\/eltrabajo.cl\/portal\/wp-json\/wp\/v2\/media\/48564"}],"wp:attachment":[{"href":"https:\/\/eltrabajo.cl\/portal\/wp-json\/wp\/v2\/media?parent=48563"}],"wp:term":[{"taxonomy":"category","embeddable":true,"href":"https:\/\/eltrabajo.cl\/portal\/wp-json\/wp\/v2\/categories?post=48563"},{"taxonomy":"post_tag","embeddable":true,"href":"https:\/\/eltrabajo.cl\/portal\/wp-json\/wp\/v2\/tags?post=48563"}],"curies":[{"name":"wp","href":"https:\/\/api.w.org\/{rel}","templated":true}]}}