{"id":48580,"date":"2014-07-08T09:29:44","date_gmt":"2014-07-08T13:29:44","guid":{"rendered":"http:\/\/www.eltrabajo.cl\/portal\/?p=48580"},"modified":"2014-07-08T09:29:44","modified_gmt":"2014-07-08T13:29:44","slug":"vecina-sufrio-graves-lesiones-tras-caer-en-vereda-en-mal-estado","status":"publish","type":"post","link":"https:\/\/eltrabajo.cl\/portal\/vecina-sufrio-graves-lesiones-tras-caer-en-vereda-en-mal-estado\/","title":{"rendered":"Vecina sufri\u00f3 graves lesiones tras caer en vereda en mal estado"},"content":{"rendered":"<figure id=\"attachment_48581\" aria-describedby=\"caption-attachment-48581\" style=\"width: 370px\" class=\"wp-caption alignleft\"><a href=\"https:\/\/i0.wp.com\/www.eltrabajo.cl\/portal\/wp-content\/uploads\/2014\/07\/Accidentada1.jpg\"><img data-recalc-dims=\"1\" loading=\"lazy\" decoding=\"async\" class=\" wp-image-48581 \" alt=\"PUDO SER PEOR.- Carola Toro, vecina de Calle Sarmiento sufri\u00f3 graves lesiones producto de una ca\u00edda en el frontis de su casa, debido al p\u00e9simo estado de la vereda ubicada en esa avenida.\" src=\"https:\/\/i0.wp.com\/www.eltrabajo.cl\/portal\/wp-content\/uploads\/2014\/07\/Accidentada1.jpg?resize=370%2C534\" width=\"370\" height=\"534\" srcset=\"https:\/\/i0.wp.com\/eltrabajo.cl\/portal\/wp-content\/uploads\/2014\/07\/Accidentada1.jpg?w=529&amp;ssl=1 529w, https:\/\/i0.wp.com\/eltrabajo.cl\/portal\/wp-content\/uploads\/2014\/07\/Accidentada1.jpg?resize=103%2C150&amp;ssl=1 103w, https:\/\/i0.wp.com\/eltrabajo.cl\/portal\/wp-content\/uploads\/2014\/07\/Accidentada1.jpg?resize=207%2C300&amp;ssl=1 207w, https:\/\/i0.wp.com\/eltrabajo.cl\/portal\/wp-content\/uploads\/2014\/07\/Accidentada1.jpg?resize=400%2C576&amp;ssl=1 400w\" sizes=\"auto, (max-width: 370px) 100vw, 370px\" \/><\/a><figcaption id=\"caption-attachment-48581\" class=\"wp-caption-text\">PUDO SER PEOR.- Carola Toro, vecina de Calle Sarmiento sufri\u00f3 graves lesiones producto de una ca\u00edda en el frontis de su casa, debido al p\u00e9simo estado de la vereda ubicada en esa avenida.<\/figcaption><\/figure>\n<p><strong>PUTAENDO.<\/strong>&#8211; Una vecina de Calle Sarmiento sufri\u00f3 graves lesiones producto de una ca\u00edda en el frontis de su casa, debido al p\u00e9simo estado de la vereda ubicada en esa avenida, lo que tambi\u00e9n se replica en casi todas las calles del centro de Putaendo. V\u00edctor Silva Aranda sostuvo que su esposa Carola Toro al salir de su casa tropez\u00f3 con la vereda que lleva m\u00e1s de siete a\u00f1os en p\u00e9simo estado, lo que gener\u00f3 que cayera bruscamente al suelo y hoy presente una grave lesi\u00f3n en sus meniscos, lo que ha llevado a que se encuentre con licencia y ocupando bastones, adem\u00e1s deber\u00e1 ser intervenida quir\u00fargicamente producto de la lesi\u00f3n sufrida.<\/p>\n<p>Este vecino afirm\u00f3 que constantemente ha asistido al Departamento de Obras para solicitar que reparen la vereda que est\u00e1 frente a su casa y que incluso un poco m\u00e1s arriba de su domicilio hay una diferencia de aproximadamente siete cent\u00edmetros entre una parte de la vereda y otra, donde peri\u00f3dicamente caen sobre todo ni\u00f1os y adultos.<\/p>\n<p>Silva indic\u00f3 adem\u00e1s que hasta la fecha no ha recibido respuesta alguna oficial por parte del municipio ni mucho menos ha visto alg\u00fan intento de reparaci\u00f3n de las veredas, mismas que calific\u00f3 como un peligro para los peatones. Ante esta denuncia, nuestro medio realiz\u00f3 un recorrido por las calles Chacabuco, Comercio, Sarmiento y San Mart\u00edn y s\u00f3lo en estos sectores pudimos verificar, seg\u00fan muestran las fotograf\u00edas, lo peligroso de esta situaci\u00f3n y ya varios vecinos nos confirmaron que estas veredas est\u00e1n da\u00f1adas incluso hace m\u00e1s de seis a\u00f1os.<\/p>\n<p><strong>MUNICIPIO RESPONDE<\/strong><\/p>\n<p>Con estos antecedentes consultamos al Alcalde Guillermo Reyes, quien se\u00f1al\u00f3 que es un problema que no tan s\u00f3lo afecta a Putaendo, sino que a ciudades m\u00e1s grandes como San Felipe, adem\u00e1s sostuvo que hay un proyecto de reparaci\u00f3n integral de veredas que se encuentra en etapa de postulaci\u00f3n, pero que entendiendo la situaci\u00f3n que hoy se vive, sobre todo con la ca\u00edda de la vecina de Calle Sarmiento, la municipalidad dispondr\u00e1 de una intervenci\u00f3n directa y de urgencia para reparar o nivelar las veredas que representan m\u00e1s peligro para los peatones, lo que no ser\u00e1 el proyecto definitivo, sino una medida de urgencia mientras se aprueba el proyecto integral de reparaci\u00f3n de veredas en toda la zona c\u00e9ntrica de Putaendo.<\/p>\n<p>Patricio Gallardo M.<\/p>\n<p>&nbsp;<\/p>\n","protected":false},"excerpt":{"rendered":"<p>PUTAENDO.&#8211; Una vecina de Calle Sarmiento sufri\u00f3 graves lesiones producto de una ca\u00edda en el frontis de su casa, debido al p\u00e9simo estado de la vereda ubicada en esa avenida, lo que&#8230;<\/p>\n","protected":false},"author":482,"featured_media":48581,"comment_status":"open","ping_status":"closed","sticky":false,"template":"","format":"standard","meta":{"advanced_seo_description":"","jetpack_seo_html_title":"","jetpack_seo_noindex":false,"_jetpack_memberships_contains_paid_content":false,"footnotes":""},"categories":[15],"tags":[],"class_list":["post-48580","post","type-post","status-publish","format-standard","has-post-thumbnail","hentry","category-comunidad"],"jetpack_featured_media_url":"https:\/\/i0.wp.com\/eltrabajo.cl\/portal\/wp-content\/uploads\/2014\/07\/Accidentada1.jpg?fit=529%2C763&ssl=1","jetpack_sharing_enabled":true,"jetpack_likes_enabled":true,"jetpack-related-posts":[],"_links":{"self":[{"href":"https:\/\/eltrabajo.cl\/portal\/wp-json\/wp\/v2\/posts\/48580","targetHints":{"allow":["GET"]}}],"collection":[{"href":"https:\/\/eltrabajo.cl\/portal\/wp-json\/wp\/v2\/posts"}],"about":[{"href":"https:\/\/eltrabajo.cl\/portal\/wp-json\/wp\/v2\/types\/post"}],"author":[{"embeddable":true,"href":"https:\/\/eltrabajo.cl\/portal\/wp-json\/wp\/v2\/users\/482"}],"replies":[{"embeddable":true,"href":"https:\/\/eltrabajo.cl\/portal\/wp-json\/wp\/v2\/comments?post=48580"}],"version-history":[{"count":0,"href":"https:\/\/eltrabajo.cl\/portal\/wp-json\/wp\/v2\/posts\/48580\/revisions"}],"wp:featuredmedia":[{"embeddable":true,"href":"https:\/\/eltrabajo.cl\/portal\/wp-json\/wp\/v2\/media\/48581"}],"wp:attachment":[{"href":"https:\/\/eltrabajo.cl\/portal\/wp-json\/wp\/v2\/media?parent=48580"}],"wp:term":[{"taxonomy":"category","embeddable":true,"href":"https:\/\/eltrabajo.cl\/portal\/wp-json\/wp\/v2\/categories?post=48580"},{"taxonomy":"post_tag","embeddable":true,"href":"https:\/\/eltrabajo.cl\/portal\/wp-json\/wp\/v2\/tags?post=48580"}],"curies":[{"name":"wp","href":"https:\/\/api.w.org\/{rel}","templated":true}]}}