{"id":48584,"date":"2014-07-08T09:32:22","date_gmt":"2014-07-08T13:32:22","guid":{"rendered":"http:\/\/www.eltrabajo.cl\/portal\/?p=48584"},"modified":"2014-07-08T09:32:22","modified_gmt":"2014-07-08T13:32:22","slug":"ajedrecistas-sanfelipenos-brillan-en-encuentro-nacional-de-ajedrez","status":"publish","type":"post","link":"https:\/\/eltrabajo.cl\/portal\/ajedrecistas-sanfelipenos-brillan-en-encuentro-nacional-de-ajedrez\/","title":{"rendered":"Ajedrecistas sanfelipe\u00f1os brillan en Encuentro Nacional de Ajedrez"},"content":{"rendered":"<figure id=\"attachment_48585\" aria-describedby=\"caption-attachment-48585\" style=\"width: 529px\" class=\"wp-caption alignnone\"><a href=\"https:\/\/i0.wp.com\/www.eltrabajo.cl\/portal\/wp-content\/uploads\/2014\/07\/Ajedrez1.jpg\"><img data-recalc-dims=\"1\" loading=\"lazy\" decoding=\"async\" class=\"size-full wp-image-48585\" alt=\"LOS MEJORES.- Una brillante participaci\u00f3n realizaron nuestros ajedrecistas sanfelipe\u00f1os en el 19\u00ba Encuentro Nacional de Ajedrez de los  Sagrados Corazones de Santiago.\" src=\"https:\/\/i0.wp.com\/www.eltrabajo.cl\/portal\/wp-content\/uploads\/2014\/07\/Ajedrez1.jpg?resize=529%2C401\" width=\"529\" height=\"401\" srcset=\"https:\/\/i0.wp.com\/eltrabajo.cl\/portal\/wp-content\/uploads\/2014\/07\/Ajedrez1.jpg?w=529&amp;ssl=1 529w, https:\/\/i0.wp.com\/eltrabajo.cl\/portal\/wp-content\/uploads\/2014\/07\/Ajedrez1.jpg?resize=197%2C150&amp;ssl=1 197w, https:\/\/i0.wp.com\/eltrabajo.cl\/portal\/wp-content\/uploads\/2014\/07\/Ajedrez1.jpg?resize=300%2C227&amp;ssl=1 300w, https:\/\/i0.wp.com\/eltrabajo.cl\/portal\/wp-content\/uploads\/2014\/07\/Ajedrez1.jpg?resize=150%2C113&amp;ssl=1 150w, https:\/\/i0.wp.com\/eltrabajo.cl\/portal\/wp-content\/uploads\/2014\/07\/Ajedrez1.jpg?resize=400%2C303&amp;ssl=1 400w\" sizes=\"auto, (max-width: 529px) 100vw, 529px\" \/><\/a><figcaption id=\"caption-attachment-48585\" class=\"wp-caption-text\">LOS MEJORES.- Una brillante participaci\u00f3n realizaron nuestros ajedrecistas sanfelipe\u00f1os en el 19\u00ba Encuentro Nacional de Ajedrez de los Sagrados Corazones de Santiago.<\/figcaption><\/figure>\n<p>Este s\u00e1bado 5 de julio las delegaciones de ajedrez de San Felipe y Los Andes concurrieron al 19\u00ba Encuentro Nacional de Ajedrez de los Sagrados Corazones de Santiago. Esta jornada estaba compuesta por ni\u00f1os de los colegios Jos\u00e9 De San Mart\u00edn; Buen Pastor; Colegio Vedruna; Liceo de Hombres; Escuela Industrial; Colegio Mixto y el Instituto Chacabuco de Los Andes, dando un total de 59 competidores. Nuestra delegaci\u00f3n tuvo una destacada participaci\u00f3n obteniendo por segundo a\u00f1o consecutivo el primer lugar por mejor delegaci\u00f3n de Chile. El alumno del Colegio Jos\u00e9 De San Mart\u00edn, Aturo Avenda\u00f1o, obtuvo el tercer lugar Categor\u00eda U-11. Adem\u00e1s en la ceremonia se premi\u00f3 en forma especial al Colegio Vedruna por sus 100 a\u00f1os de existencia.<\/p>\n<p>\u201cTenemos que agradecer infinitamente al Alcalde Patricio Freire, por su gesti\u00f3n personal para el trasporte de los ni\u00f1os de los colegios municipalizados de San Felipe, ya que sin \u00e9l habr\u00eda sido imposible participar en magno evento Nacional\u201d, coment\u00f3 a Diario El Trabajo Guillermo Quijanes, profesor de ajedrez. \u201cTambi\u00e9n agradecemos a los directores de los distintos establecimientos por su compromiso con el Deporte Ciencia. Los padres y apoderados por todo su entusiasmo en dicha actividad\u201d, agreg\u00f3 Quijanes.<\/p>\n<div class=\"tiled-gallery type-rectangular tiled-gallery-unresized\" data-original-width=\"640\" data-carousel-extra='null' itemscope itemtype=\"http:\/\/schema.org\/ImageGallery\" > <div class=\"gallery-row\" style=\"width: 640px; height: 244px;\" data-original-width=\"640\" data-original-height=\"244\" > <div class=\"gallery-group images-1\" style=\"width: 320px; height: 244px;\" data-original-width=\"320\" data-original-height=\"244\" > <div class=\"tiled-gallery-item tiled-gallery-item-large\" itemprop=\"associatedMedia\" itemscope itemtype=\"http:\/\/schema.org\/ImageObject\"> <a href=\"https:\/\/eltrabajo.cl\/portal\/ajedrecistas-sanfelipenos-brillan-en-encuentro-nacional-de-ajedrez\/ajedrez3\/\" border=\"0\" itemprop=\"url\"> <meta itemprop=\"width\" content=\"316\"> <meta itemprop=\"height\" content=\"240\"> <img decoding=\"async\" class=\"\" data-attachment-id=\"48586\" data-orig-file=\"https:\/\/eltrabajo.cl\/portal\/wp-content\/uploads\/2014\/07\/Ajedrez3.jpg\" data-orig-size=\"529,401\" data-comments-opened=\"1\" data-image-meta=\"{&quot;aperture&quot;:&quot;2.7&quot;,&quot;credit&quot;:&quot;&quot;,&quot;camera&quot;:&quot;DSC-W320&quot;,&quot;caption&quot;:&quot;&quot;,&quot;created_timestamp&quot;:&quot;1404501538&quot;,&quot;copyright&quot;:&quot;&quot;,&quot;focal_length&quot;:&quot;4.7&quot;,&quot;iso&quot;:&quot;400&quot;,&quot;shutter_speed&quot;:&quot;0.033333333333333&quot;,&quot;title&quot;:&quot;&quot;}\" data-image-title=\"Ajedrez3\" data-image-description=\"&lt;p&gt;CIYA NACIONAL.- Este s\u00e1bado 5 de julio las delegaciones de ajedrez de San Felipe y Los Andes concurrieron al 19\u00ba Encuentro Nacional de Ajedrez de los Sagrados Corazones de Santiago.&lt;\/p&gt; \" data-medium-file=\"https:\/\/i0.wp.com\/eltrabajo.cl\/portal\/wp-content\/uploads\/2014\/07\/Ajedrez3.jpg?fit=300%2C227&#038;ssl=1\" data-large-file=\"https:\/\/i0.wp.com\/eltrabajo.cl\/portal\/wp-content\/uploads\/2014\/07\/Ajedrez3.jpg?fit=529%2C401&#038;ssl=1\" src=\"https:\/\/i0.wp.com\/eltrabajo.cl\/portal\/wp-content\/uploads\/2014\/07\/Ajedrez3.jpg?w=316&#038;h=240&#038;ssl=1\" srcset=\"https:\/\/i0.wp.com\/eltrabajo.cl\/portal\/wp-content\/uploads\/2014\/07\/Ajedrez3.jpg?w=529&amp;ssl=1 529w, https:\/\/i0.wp.com\/eltrabajo.cl\/portal\/wp-content\/uploads\/2014\/07\/Ajedrez3.jpg?resize=197%2C150&amp;ssl=1 197w, https:\/\/i0.wp.com\/eltrabajo.cl\/portal\/wp-content\/uploads\/2014\/07\/Ajedrez3.jpg?resize=300%2C227&amp;ssl=1 300w, https:\/\/i0.wp.com\/eltrabajo.cl\/portal\/wp-content\/uploads\/2014\/07\/Ajedrez3.jpg?resize=150%2C113&amp;ssl=1 150w, https:\/\/i0.wp.com\/eltrabajo.cl\/portal\/wp-content\/uploads\/2014\/07\/Ajedrez3.jpg?resize=400%2C303&amp;ssl=1 400w\" width=\"316\" height=\"240\" loading=\"lazy\" data-original-width=\"316\" data-original-height=\"240\" itemprop=\"http:\/\/schema.org\/image\" title=\"Ajedrez3\" alt=\"CIYA NACIONAL.- Este s\u00e1bado 5 de julio las delegaciones de ajedrez de San Felipe y Los Andes concurrieron al 19\u00ba Encuentro Nacional de Ajedrez de los Sagrados Corazones de Santiago.\" style=\"width: 316px; height: 240px;\" \/> <\/a> <div class=\"tiled-gallery-caption\" itemprop=\"caption description\"> CIYA NACIONAL.- Este s\u00e1bado 5 de julio las delegaciones de ajedrez de San Felipe y Los Andes concurrieron al 19\u00ba Encuentro Nacional de Ajedrez de los Sagrados Corazones de Santiago. <\/div> <\/div> <\/div> <!-- close group --> <div class=\"gallery-group images-1\" style=\"width: 320px; height: 244px;\" data-original-width=\"320\" data-original-height=\"244\" > <div class=\"tiled-gallery-item tiled-gallery-item-large\" itemprop=\"associatedMedia\" itemscope itemtype=\"http:\/\/schema.org\/ImageObject\"> <a href=\"https:\/\/eltrabajo.cl\/portal\/ajedrecistas-sanfelipenos-brillan-en-encuentro-nacional-de-ajedrez\/copa1-4\/\" border=\"0\" itemprop=\"url\"> <meta itemprop=\"width\" content=\"316\"> <meta itemprop=\"height\" content=\"240\"> <img decoding=\"async\" class=\"\" data-attachment-id=\"48587\" data-orig-file=\"https:\/\/eltrabajo.cl\/portal\/wp-content\/uploads\/2014\/07\/Copa1.jpg\" data-orig-size=\"529,401\" data-comments-opened=\"1\" data-image-meta=\"{&quot;aperture&quot;:&quot;2.7&quot;,&quot;credit&quot;:&quot;&quot;,&quot;camera&quot;:&quot;DSC-W320&quot;,&quot;caption&quot;:&quot;&quot;,&quot;created_timestamp&quot;:&quot;1404522926&quot;,&quot;copyright&quot;:&quot;&quot;,&quot;focal_length&quot;:&quot;4.7&quot;,&quot;iso&quot;:&quot;400&quot;,&quot;shutter_speed&quot;:&quot;0.033333333333333&quot;,&quot;title&quot;:&quot;&quot;}\" data-image-title=\"Copa1\" data-image-description=\"&lt;p&gt;LA COPA DE LA VICTORIA.- En varias categor\u00edas del torneo hubo ganadores y hasta empates, de la copa de la victoria cada uno pudo beber un traguito de alegr\u00eda.&lt;\/p&gt; \" data-medium-file=\"https:\/\/i0.wp.com\/eltrabajo.cl\/portal\/wp-content\/uploads\/2014\/07\/Copa1.jpg?fit=300%2C227&#038;ssl=1\" data-large-file=\"https:\/\/i0.wp.com\/eltrabajo.cl\/portal\/wp-content\/uploads\/2014\/07\/Copa1.jpg?fit=529%2C401&#038;ssl=1\" src=\"https:\/\/i0.wp.com\/eltrabajo.cl\/portal\/wp-content\/uploads\/2014\/07\/Copa1.jpg?w=316&#038;h=240&#038;ssl=1\" srcset=\"https:\/\/i0.wp.com\/eltrabajo.cl\/portal\/wp-content\/uploads\/2014\/07\/Copa1.jpg?w=529&amp;ssl=1 529w, https:\/\/i0.wp.com\/eltrabajo.cl\/portal\/wp-content\/uploads\/2014\/07\/Copa1.jpg?resize=197%2C150&amp;ssl=1 197w, https:\/\/i0.wp.com\/eltrabajo.cl\/portal\/wp-content\/uploads\/2014\/07\/Copa1.jpg?resize=300%2C227&amp;ssl=1 300w, https:\/\/i0.wp.com\/eltrabajo.cl\/portal\/wp-content\/uploads\/2014\/07\/Copa1.jpg?resize=150%2C113&amp;ssl=1 150w, https:\/\/i0.wp.com\/eltrabajo.cl\/portal\/wp-content\/uploads\/2014\/07\/Copa1.jpg?resize=400%2C303&amp;ssl=1 400w\" width=\"316\" height=\"240\" loading=\"lazy\" data-original-width=\"316\" data-original-height=\"240\" itemprop=\"http:\/\/schema.org\/image\" title=\"Copa1\" alt=\"LA COPA DE LA VICTORIA.- En varias categor\u00edas del torneo hubo ganadores y hasta empates, de la copa de la victoria cada uno pudo beber un traguito de alegr\u00eda.\" style=\"width: 316px; height: 240px;\" \/> <\/a> <div class=\"tiled-gallery-caption\" itemprop=\"caption description\"> LA COPA DE LA VICTORIA.- En varias categor\u00edas del torneo hubo ganadores y hasta empates, de la copa de la victoria cada uno pudo beber un traguito de alegr\u00eda. <\/div> <\/div> <\/div> <!-- close group --> <\/div> <!-- close row --> <\/div>\n","protected":false},"excerpt":{"rendered":"<p>Este s\u00e1bado 5 de julio las delegaciones de ajedrez de San Felipe y Los Andes concurrieron al 19\u00ba Encuentro Nacional de Ajedrez de los Sagrados Corazones de Santiago. Esta jornada estaba compuesta&#8230;<\/p>\n","protected":false},"author":482,"featured_media":48585,"comment_status":"open","ping_status":"closed","sticky":false,"template":"","format":"standard","meta":{"advanced_seo_description":"","jetpack_seo_html_title":"","jetpack_seo_noindex":false,"_jetpack_memberships_contains_paid_content":false,"footnotes":""},"categories":[15],"tags":[],"class_list":["post-48584","post","type-post","status-publish","format-standard","has-post-thumbnail","hentry","category-comunidad"],"jetpack_featured_media_url":"https:\/\/i0.wp.com\/eltrabajo.cl\/portal\/wp-content\/uploads\/2014\/07\/Ajedrez1.jpg?fit=529%2C401&ssl=1","jetpack_sharing_enabled":true,"jetpack_likes_enabled":true,"jetpack-related-posts":[],"_links":{"self":[{"href":"https:\/\/eltrabajo.cl\/portal\/wp-json\/wp\/v2\/posts\/48584","targetHints":{"allow":["GET"]}}],"collection":[{"href":"https:\/\/eltrabajo.cl\/portal\/wp-json\/wp\/v2\/posts"}],"about":[{"href":"https:\/\/eltrabajo.cl\/portal\/wp-json\/wp\/v2\/types\/post"}],"author":[{"embeddable":true,"href":"https:\/\/eltrabajo.cl\/portal\/wp-json\/wp\/v2\/users\/482"}],"replies":[{"embeddable":true,"href":"https:\/\/eltrabajo.cl\/portal\/wp-json\/wp\/v2\/comments?post=48584"}],"version-history":[{"count":0,"href":"https:\/\/eltrabajo.cl\/portal\/wp-json\/wp\/v2\/posts\/48584\/revisions"}],"wp:featuredmedia":[{"embeddable":true,"href":"https:\/\/eltrabajo.cl\/portal\/wp-json\/wp\/v2\/media\/48585"}],"wp:attachment":[{"href":"https:\/\/eltrabajo.cl\/portal\/wp-json\/wp\/v2\/media?parent=48584"}],"wp:term":[{"taxonomy":"category","embeddable":true,"href":"https:\/\/eltrabajo.cl\/portal\/wp-json\/wp\/v2\/categories?post=48584"},{"taxonomy":"post_tag","embeddable":true,"href":"https:\/\/eltrabajo.cl\/portal\/wp-json\/wp\/v2\/tags?post=48584"}],"curies":[{"name":"wp","href":"https:\/\/api.w.org\/{rel}","templated":true}]}}