{"id":48591,"date":"2014-07-08T09:35:00","date_gmt":"2014-07-08T13:35:00","guid":{"rendered":"http:\/\/www.eltrabajo.cl\/portal\/?p=48591"},"modified":"2014-07-08T09:35:00","modified_gmt":"2014-07-08T13:35:00","slug":"vecinos-felices-en-villa-las-acacias-por-mejoramientos-en-el-sector","status":"publish","type":"post","link":"https:\/\/eltrabajo.cl\/portal\/vecinos-felices-en-villa-las-acacias-por-mejoramientos-en-el-sector\/","title":{"rendered":"Vecinos felices en Villa Las Acacias por mejoramientos en el sector"},"content":{"rendered":"<figure id=\"attachment_48592\" aria-describedby=\"caption-attachment-48592\" style=\"width: 529px\" class=\"wp-caption alignnone\"><a href=\"https:\/\/i0.wp.com\/www.eltrabajo.cl\/portal\/wp-content\/uploads\/2014\/07\/Techumbre2.jpg\"><img data-recalc-dims=\"1\" loading=\"lazy\" decoding=\"async\" class=\"size-full wp-image-48592\" alt=\"REPARACIONES VALIOSAS.- Adem\u00e1s, la dirigente agradeci\u00f3 el trabajo de la Oficina de Vivienda de la Municipalidad de San Felipe y a sus profesionales, quienes participaron en el proceso de mejoramiento de las viviendas.  \" src=\"https:\/\/i0.wp.com\/www.eltrabajo.cl\/portal\/wp-content\/uploads\/2014\/07\/Techumbre2.jpg?resize=529%2C401\" width=\"529\" height=\"401\" srcset=\"https:\/\/i0.wp.com\/eltrabajo.cl\/portal\/wp-content\/uploads\/2014\/07\/Techumbre2.jpg?w=529&amp;ssl=1 529w, https:\/\/i0.wp.com\/eltrabajo.cl\/portal\/wp-content\/uploads\/2014\/07\/Techumbre2.jpg?resize=197%2C150&amp;ssl=1 197w, https:\/\/i0.wp.com\/eltrabajo.cl\/portal\/wp-content\/uploads\/2014\/07\/Techumbre2.jpg?resize=300%2C227&amp;ssl=1 300w, https:\/\/i0.wp.com\/eltrabajo.cl\/portal\/wp-content\/uploads\/2014\/07\/Techumbre2.jpg?resize=150%2C113&amp;ssl=1 150w, https:\/\/i0.wp.com\/eltrabajo.cl\/portal\/wp-content\/uploads\/2014\/07\/Techumbre2.jpg?resize=400%2C303&amp;ssl=1 400w\" sizes=\"auto, (max-width: 529px) 100vw, 529px\" \/><\/a><figcaption id=\"caption-attachment-48592\" class=\"wp-caption-text\">REPARACIONES VALIOSAS.- Adem\u00e1s, la dirigente agradeci\u00f3 el trabajo de la Oficina de Vivienda de la Municipalidad de San Felipe y a sus profesionales, quienes participaron en el proceso de mejoramiento de las viviendas.<\/figcaption><\/figure>\n<p>Felices se encuentran los vecinos de Villa Las Acacias, en sus distintas etapas, ya que en el \u00faltimo llamado de los Pavimentos Participativos lograron una importante cantidad de pasajes y calles que ser\u00e1n mejoradas definitivamente. Jesica Leiva, Presidente de la Junta de vecinos de Las Acacias I etapa, record\u00f3 que en una primera selecci\u00f3n quedaron en lista de espera, pero que en esta etapa fueron favorecidos con una importante cantidad de metros lineales que ser\u00e1n pavimentados.<\/p>\n<p>\u201cYo quiero dar las gracias al alcalde que se la jug\u00f3 por nosotros y esto es una realidad, estamos muy contentos, en este llamado casi toda la primera etapa sali\u00f3 favorecida y de la segunda y tercera etapa varios pasajes m\u00e1s, son muchos vecinos los que se ver\u00e1n favorecidos\u201d, dijo la dirigente. Una soluci\u00f3n que a su juicio es de suma importancia al contar con vecinos mayoritariamente adultos mayores, quienes necesitan las calles, pasajes y veredas en buenas condiciones para evitar alg\u00fan tipo de accidente.<\/p>\n<p>\u201cUna no sabe lo que nos espera el d\u00eda de ma\u00f1ana y quiz\u00e1s tengamos que usar sillas de ruedas o muletas y las calles van a estar bien para que ellos puedan transitar por ah\u00ed\u201d, sostuvo Leiva.<\/p>\n<p>Adem\u00e1s, la dirigente agradeci\u00f3 el trabajo de la Oficina de Vivienda de la Municipalidad de San Felipe y a sus profesionales, quienes participaron en el proceso de mejoramiento de las viviendas.<\/p>\n<p>\u201cEn 25 a\u00f1os nunca se hab\u00edan hechos arreglos en las casas y ahora se arreglaron techos y ba\u00f1os, por eso queremos dar las gracias a todos los profesionales que nos ayudaron en el Programa de Mejoramiento de la Vivienda, les damos las gracias a Felipe Godoy, Valeria Iturrieta, Mauricio Segura, Gonzalo Torres, Marcelo Flores y la se\u00f1ora Mar\u00eda Teresa, los vecinos est\u00e1n muy agradecidos y contentos\u201d, finaliz\u00f3 la dirigente.<\/p>\n<div class=\"tiled-gallery type-rectangular tiled-gallery-unresized\" data-original-width=\"640\" data-carousel-extra='null' itemscope itemtype=\"http:\/\/schema.org\/ImageGallery\" > <div class=\"gallery-row\" style=\"width: 640px; height: 287px;\" data-original-width=\"640\" data-original-height=\"287\" > <div class=\"gallery-group images-1\" style=\"width: 377px; height: 287px;\" data-original-width=\"377\" data-original-height=\"287\" > <div class=\"tiled-gallery-item tiled-gallery-item-large\" itemprop=\"associatedMedia\" itemscope itemtype=\"http:\/\/schema.org\/ImageObject\"> <a href=\"https:\/\/eltrabajo.cl\/portal\/vecinos-felices-en-villa-las-acacias-por-mejoramientos-en-el-sector\/techumbre1\/\" border=\"0\" itemprop=\"url\"> <meta itemprop=\"width\" content=\"373\"> <meta itemprop=\"height\" content=\"283\"> <img decoding=\"async\" class=\"\" data-attachment-id=\"48594\" data-orig-file=\"https:\/\/eltrabajo.cl\/portal\/wp-content\/uploads\/2014\/07\/Techumbre1.jpg\" data-orig-size=\"529,401\" data-comments-opened=\"1\" data-image-meta=\"{&quot;aperture&quot;:&quot;9.1&quot;,&quot;credit&quot;:&quot;&quot;,&quot;camera&quot;:&quot;DSC-S5000&quot;,&quot;caption&quot;:&quot;&quot;,&quot;created_timestamp&quot;:&quot;1399380071&quot;,&quot;copyright&quot;:&quot;&quot;,&quot;focal_length&quot;:&quot;5&quot;,&quot;iso&quot;:&quot;100&quot;,&quot;shutter_speed&quot;:&quot;0.008&quot;,&quot;title&quot;:&quot;&quot;}\" data-image-title=\"Techumbre1\" data-image-description=\"&lt;p&gt;NO M\u00c1S GOTERAS.- Felices se encuentran los vecinos de Villa Las Acacias, en sus distintas etapas, pues tambi\u00e9n la techumbre de sus casas ahora est\u00e1n siendo reparadas.&lt;\/p&gt; \" data-medium-file=\"https:\/\/i0.wp.com\/eltrabajo.cl\/portal\/wp-content\/uploads\/2014\/07\/Techumbre1.jpg?fit=300%2C227&#038;ssl=1\" data-large-file=\"https:\/\/i0.wp.com\/eltrabajo.cl\/portal\/wp-content\/uploads\/2014\/07\/Techumbre1.jpg?fit=529%2C401&#038;ssl=1\" src=\"https:\/\/i0.wp.com\/eltrabajo.cl\/portal\/wp-content\/uploads\/2014\/07\/Techumbre1.jpg?w=373&#038;h=283&#038;ssl=1\" srcset=\"https:\/\/i0.wp.com\/eltrabajo.cl\/portal\/wp-content\/uploads\/2014\/07\/Techumbre1.jpg?w=529&amp;ssl=1 529w, https:\/\/i0.wp.com\/eltrabajo.cl\/portal\/wp-content\/uploads\/2014\/07\/Techumbre1.jpg?resize=197%2C150&amp;ssl=1 197w, https:\/\/i0.wp.com\/eltrabajo.cl\/portal\/wp-content\/uploads\/2014\/07\/Techumbre1.jpg?resize=300%2C227&amp;ssl=1 300w, https:\/\/i0.wp.com\/eltrabajo.cl\/portal\/wp-content\/uploads\/2014\/07\/Techumbre1.jpg?resize=150%2C113&amp;ssl=1 150w, https:\/\/i0.wp.com\/eltrabajo.cl\/portal\/wp-content\/uploads\/2014\/07\/Techumbre1.jpg?resize=400%2C303&amp;ssl=1 400w\" width=\"373\" height=\"283\" loading=\"lazy\" data-original-width=\"373\" data-original-height=\"283\" itemprop=\"http:\/\/schema.org\/image\" title=\"Techumbre1\" alt=\"NO M\u00c1S GOTERAS.- Felices se encuentran los vecinos de Villa Las Acacias, en sus distintas etapas, pues tambi\u00e9n la techumbre de sus casas ahora est\u00e1n siendo reparadas.\" style=\"width: 373px; height: 283px;\" \/> <\/a> <div class=\"tiled-gallery-caption\" itemprop=\"caption description\"> NO M\u00c1S GOTERAS.- Felices se encuentran los vecinos de Villa Las Acacias, en sus distintas etapas, pues tambi\u00e9n la techumbre de sus casas ahora est\u00e1n siendo reparadas. <\/div> <\/div> <\/div> <!-- close group --> <div class=\"gallery-group images-1\" style=\"width: 263px; height: 287px;\" data-original-width=\"263\" data-original-height=\"287\" > <div class=\"tiled-gallery-item tiled-gallery-item-large\" itemprop=\"associatedMedia\" itemscope itemtype=\"http:\/\/schema.org\/ImageObject\"> <a href=\"https:\/\/eltrabajo.cl\/portal\/vecinos-felices-en-villa-las-acacias-por-mejoramientos-en-el-sector\/mueble1\/\" border=\"0\" itemprop=\"url\"> <meta itemprop=\"width\" content=\"259\"> <meta itemprop=\"height\" content=\"283\"> <img decoding=\"async\" class=\"\" data-attachment-id=\"48593\" data-orig-file=\"https:\/\/eltrabajo.cl\/portal\/wp-content\/uploads\/2014\/07\/Mueble1.jpg\" data-orig-size=\"529,578\" data-comments-opened=\"1\" data-image-meta=\"{&quot;aperture&quot;:&quot;0&quot;,&quot;credit&quot;:&quot;&quot;,&quot;camera&quot;:&quot;&quot;,&quot;caption&quot;:&quot;&quot;,&quot;created_timestamp&quot;:&quot;0&quot;,&quot;copyright&quot;:&quot;&quot;,&quot;focal_length&quot;:&quot;0&quot;,&quot;iso&quot;:&quot;0&quot;,&quot;shutter_speed&quot;:&quot;0&quot;,&quot;title&quot;:&quot;&quot;}\" data-image-title=\"Mueble1\" data-image-description=\"&lt;p&gt;MEJORES MUEBLES.- Algunos muebles fueron reparados o reemplazados con estos proyectos, las familias ahora deber\u00e1n cuidarlos para que sean bien aprovechados.&lt;\/p&gt; \" data-medium-file=\"https:\/\/i0.wp.com\/eltrabajo.cl\/portal\/wp-content\/uploads\/2014\/07\/Mueble1.jpg?fit=274%2C300&#038;ssl=1\" data-large-file=\"https:\/\/i0.wp.com\/eltrabajo.cl\/portal\/wp-content\/uploads\/2014\/07\/Mueble1.jpg?fit=529%2C578&#038;ssl=1\" src=\"https:\/\/i0.wp.com\/eltrabajo.cl\/portal\/wp-content\/uploads\/2014\/07\/Mueble1.jpg?w=259&#038;h=283&#038;ssl=1\" srcset=\"https:\/\/i0.wp.com\/eltrabajo.cl\/portal\/wp-content\/uploads\/2014\/07\/Mueble1.jpg?w=529&amp;ssl=1 529w, https:\/\/i0.wp.com\/eltrabajo.cl\/portal\/wp-content\/uploads\/2014\/07\/Mueble1.jpg?resize=137%2C150&amp;ssl=1 137w, https:\/\/i0.wp.com\/eltrabajo.cl\/portal\/wp-content\/uploads\/2014\/07\/Mueble1.jpg?resize=274%2C300&amp;ssl=1 274w, https:\/\/i0.wp.com\/eltrabajo.cl\/portal\/wp-content\/uploads\/2014\/07\/Mueble1.jpg?resize=400%2C437&amp;ssl=1 400w\" width=\"259\" height=\"283\" loading=\"lazy\" data-original-width=\"259\" data-original-height=\"283\" itemprop=\"http:\/\/schema.org\/image\" title=\"Mueble1\" alt=\"MEJORES MUEBLES.- Algunos muebles fueron reparados o reemplazados con estos proyectos, las familias ahora deber\u00e1n cuidarlos para que sean bien aprovechados.\" style=\"width: 259px; height: 283px;\" \/> <\/a> <div class=\"tiled-gallery-caption\" itemprop=\"caption description\"> MEJORES MUEBLES.- Algunos muebles fueron reparados o reemplazados con estos proyectos, las familias ahora deber\u00e1n cuidarlos para que sean bien aprovechados. <\/div> <\/div> <\/div> <!-- close group --> <\/div> <!-- close row --> <\/div>\n","protected":false},"excerpt":{"rendered":"<p>Felices se encuentran los vecinos de Villa Las Acacias, en sus distintas etapas, ya que en el \u00faltimo llamado de los Pavimentos Participativos lograron una importante cantidad de pasajes y calles que&#8230;<\/p>\n","protected":false},"author":482,"featured_media":48592,"comment_status":"open","ping_status":"closed","sticky":false,"template":"","format":"standard","meta":{"advanced_seo_description":"","jetpack_seo_html_title":"","jetpack_seo_noindex":false,"_jetpack_memberships_contains_paid_content":false,"footnotes":""},"categories":[15],"tags":[],"class_list":["post-48591","post","type-post","status-publish","format-standard","has-post-thumbnail","hentry","category-comunidad"],"jetpack_featured_media_url":"https:\/\/i0.wp.com\/eltrabajo.cl\/portal\/wp-content\/uploads\/2014\/07\/Techumbre2.jpg?fit=529%2C401&ssl=1","jetpack_sharing_enabled":true,"jetpack_likes_enabled":true,"jetpack-related-posts":[],"_links":{"self":[{"href":"https:\/\/eltrabajo.cl\/portal\/wp-json\/wp\/v2\/posts\/48591","targetHints":{"allow":["GET"]}}],"collection":[{"href":"https:\/\/eltrabajo.cl\/portal\/wp-json\/wp\/v2\/posts"}],"about":[{"href":"https:\/\/eltrabajo.cl\/portal\/wp-json\/wp\/v2\/types\/post"}],"author":[{"embeddable":true,"href":"https:\/\/eltrabajo.cl\/portal\/wp-json\/wp\/v2\/users\/482"}],"replies":[{"embeddable":true,"href":"https:\/\/eltrabajo.cl\/portal\/wp-json\/wp\/v2\/comments?post=48591"}],"version-history":[{"count":0,"href":"https:\/\/eltrabajo.cl\/portal\/wp-json\/wp\/v2\/posts\/48591\/revisions"}],"wp:featuredmedia":[{"embeddable":true,"href":"https:\/\/eltrabajo.cl\/portal\/wp-json\/wp\/v2\/media\/48592"}],"wp:attachment":[{"href":"https:\/\/eltrabajo.cl\/portal\/wp-json\/wp\/v2\/media?parent=48591"}],"wp:term":[{"taxonomy":"category","embeddable":true,"href":"https:\/\/eltrabajo.cl\/portal\/wp-json\/wp\/v2\/categories?post=48591"},{"taxonomy":"post_tag","embeddable":true,"href":"https:\/\/eltrabajo.cl\/portal\/wp-json\/wp\/v2\/tags?post=48591"}],"curies":[{"name":"wp","href":"https:\/\/api.w.org\/{rel}","templated":true}]}}