{"id":48602,"date":"2014-07-08T09:38:06","date_gmt":"2014-07-08T13:38:06","guid":{"rendered":"http:\/\/www.eltrabajo.cl\/portal\/?p=48602"},"modified":"2014-07-08T09:38:06","modified_gmt":"2014-07-08T13:38:06","slug":"caen-dos-adolescentes-cuando-robaban-motocicleta","status":"publish","type":"post","link":"https:\/\/eltrabajo.cl\/portal\/caen-dos-adolescentes-cuando-robaban-motocicleta\/","title":{"rendered":"Caen dos adolescentes cuando robaban motocicleta"},"content":{"rendered":"<figure id=\"attachment_48603\" aria-describedby=\"caption-attachment-48603\" style=\"width: 317px\" class=\"wp-caption alignleft\"><a href=\"https:\/\/i0.wp.com\/www.eltrabajo.cl\/portal\/wp-content\/uploads\/2014\/07\/RoboMoto1.jpg\"><img data-recalc-dims=\"1\" loading=\"lazy\" decoding=\"async\" class=\" wp-image-48603 \" alt=\"Personal de Carabineros de San Felipe detuvo a los adolescentes cuando se desplazaban en la motocicleta, por lo cual fueron formalizados por el Ministerio P\u00fablico.\" src=\"https:\/\/i0.wp.com\/www.eltrabajo.cl\/portal\/wp-content\/uploads\/2014\/07\/RoboMoto1.jpg?resize=317%2C341\" width=\"317\" height=\"341\" srcset=\"https:\/\/i0.wp.com\/eltrabajo.cl\/portal\/wp-content\/uploads\/2014\/07\/RoboMoto1.jpg?w=529&amp;ssl=1 529w, https:\/\/i0.wp.com\/eltrabajo.cl\/portal\/wp-content\/uploads\/2014\/07\/RoboMoto1.jpg?resize=139%2C150&amp;ssl=1 139w, https:\/\/i0.wp.com\/eltrabajo.cl\/portal\/wp-content\/uploads\/2014\/07\/RoboMoto1.jpg?resize=279%2C300&amp;ssl=1 279w, https:\/\/i0.wp.com\/eltrabajo.cl\/portal\/wp-content\/uploads\/2014\/07\/RoboMoto1.jpg?resize=400%2C429&amp;ssl=1 400w\" sizes=\"auto, (max-width: 317px) 100vw, 317px\" \/><\/a><figcaption id=\"caption-attachment-48603\" class=\"wp-caption-text\">Personal de Carabineros de San Felipe detuvo a los adolescentes cuando se desplazaban en la motocicleta, por lo cual fueron formalizados por el Ministerio P\u00fablico.<\/figcaption><\/figure>\n<p>Alrededor de las 03:10 horas de la madrugada del pasado s\u00e1bado, dos adolescentes de 15 y 16 a\u00f1os de edad fueron sorprendidos de manera flagrante sustrayendo una motocicleta que se encontraba estacionada en el ante-jard\u00edn de una vivienda de Poblaci\u00f3n Pedro Aguirre Cerca en San Felipe.<\/p>\n<p>Tras un patrullaje preventivo por ese sector, los efectivos policiales observaron cuando los imputados se desplazaban con el veh\u00edculo de dos ruedas quienes al percatarse de la presencia de Carabineros huyeron en direcci\u00f3n desconocida logrando ser capturados.<\/p>\n<p>Las diligencias continuaron cuando la Polic\u00eda uniformada se contact\u00f3 con el due\u00f1o de la vivienda, quien indic\u00f3 ser el propietario de la motocicleta, desconociendo hasta ese entonces la sustracci\u00f3n de la especie. Los imputados fueron sometidos a control de detenci\u00f3n ante el Juzgado de Garant\u00eda de San Felipe, quedando sujetos a cautelares designadas por el Servicio Nacional de Menores Sename hasta esclarecer la investigaci\u00f3n que abordar\u00e1 el Ministerio P\u00fablico.<\/p>\n<p>Pablo Salinas Sald\u00edas<\/p>\n<p>&nbsp;<\/p>\n","protected":false},"excerpt":{"rendered":"<p>Alrededor de las 03:10 horas de la madrugada del pasado s\u00e1bado, dos adolescentes de 15 y 16 a\u00f1os de edad fueron sorprendidos de manera flagrante sustrayendo una motocicleta que se encontraba estacionada&#8230;<\/p>\n","protected":false},"author":482,"featured_media":48603,"comment_status":"open","ping_status":"closed","sticky":false,"template":"","format":"standard","meta":{"advanced_seo_description":"","jetpack_seo_html_title":"","jetpack_seo_noindex":false,"_jetpack_memberships_contains_paid_content":false,"footnotes":""},"categories":[21],"tags":[],"class_list":["post-48602","post","type-post","status-publish","format-standard","has-post-thumbnail","hentry","category-policial"],"jetpack_featured_media_url":"https:\/\/i0.wp.com\/eltrabajo.cl\/portal\/wp-content\/uploads\/2014\/07\/RoboMoto1.jpg?fit=529%2C568&ssl=1","jetpack_sharing_enabled":true,"jetpack_likes_enabled":true,"jetpack-related-posts":[],"_links":{"self":[{"href":"https:\/\/eltrabajo.cl\/portal\/wp-json\/wp\/v2\/posts\/48602","targetHints":{"allow":["GET"]}}],"collection":[{"href":"https:\/\/eltrabajo.cl\/portal\/wp-json\/wp\/v2\/posts"}],"about":[{"href":"https:\/\/eltrabajo.cl\/portal\/wp-json\/wp\/v2\/types\/post"}],"author":[{"embeddable":true,"href":"https:\/\/eltrabajo.cl\/portal\/wp-json\/wp\/v2\/users\/482"}],"replies":[{"embeddable":true,"href":"https:\/\/eltrabajo.cl\/portal\/wp-json\/wp\/v2\/comments?post=48602"}],"version-history":[{"count":0,"href":"https:\/\/eltrabajo.cl\/portal\/wp-json\/wp\/v2\/posts\/48602\/revisions"}],"wp:featuredmedia":[{"embeddable":true,"href":"https:\/\/eltrabajo.cl\/portal\/wp-json\/wp\/v2\/media\/48603"}],"wp:attachment":[{"href":"https:\/\/eltrabajo.cl\/portal\/wp-json\/wp\/v2\/media?parent=48602"}],"wp:term":[{"taxonomy":"category","embeddable":true,"href":"https:\/\/eltrabajo.cl\/portal\/wp-json\/wp\/v2\/categories?post=48602"},{"taxonomy":"post_tag","embeddable":true,"href":"https:\/\/eltrabajo.cl\/portal\/wp-json\/wp\/v2\/tags?post=48602"}],"curies":[{"name":"wp","href":"https:\/\/api.w.org\/{rel}","templated":true}]}}