{"id":48606,"date":"2014-07-08T09:39:36","date_gmt":"2014-07-08T13:39:36","guid":{"rendered":"http:\/\/www.eltrabajo.cl\/portal\/?p=48606"},"modified":"2014-07-08T09:39:36","modified_gmt":"2014-07-08T13:39:36","slug":"capturado-garfield-tras-asaltar-y-dar-paliza-a-su-victima","status":"publish","type":"post","link":"https:\/\/eltrabajo.cl\/portal\/capturado-garfield-tras-asaltar-y-dar-paliza-a-su-victima\/","title":{"rendered":"Capturado \u2018Garfield\u2019 tras asaltar y dar paliza a su v\u00edctima"},"content":{"rendered":"<figure id=\"attachment_48607\" aria-describedby=\"caption-attachment-48607\" style=\"width: 528px\" class=\"wp-caption alignnone\"><a href=\"https:\/\/i0.wp.com\/www.eltrabajo.cl\/portal\/wp-content\/uploads\/2014\/07\/Detenido1.jpg\"><img data-recalc-dims=\"1\" loading=\"lazy\" decoding=\"async\" class=\"size-full wp-image-48607\" alt=\"GARFIELD DETENIDO.- El imputado apodado \u2018El Garfield\u2019 fue detenido por Carabineros de la Subcomisar\u00eda de Llay Llay, siendo formalizado por el delito de Robo con violencia.\" src=\"https:\/\/i0.wp.com\/www.eltrabajo.cl\/portal\/wp-content\/uploads\/2014\/07\/Detenido1.jpg?resize=528%2C367\" width=\"528\" height=\"367\" srcset=\"https:\/\/i0.wp.com\/eltrabajo.cl\/portal\/wp-content\/uploads\/2014\/07\/Detenido1.jpg?w=528&amp;ssl=1 528w, https:\/\/i0.wp.com\/eltrabajo.cl\/portal\/wp-content\/uploads\/2014\/07\/Detenido1.jpg?resize=200%2C139&amp;ssl=1 200w, https:\/\/i0.wp.com\/eltrabajo.cl\/portal\/wp-content\/uploads\/2014\/07\/Detenido1.jpg?resize=300%2C208&amp;ssl=1 300w, https:\/\/i0.wp.com\/eltrabajo.cl\/portal\/wp-content\/uploads\/2014\/07\/Detenido1.jpg?resize=150%2C104&amp;ssl=1 150w, https:\/\/i0.wp.com\/eltrabajo.cl\/portal\/wp-content\/uploads\/2014\/07\/Detenido1.jpg?resize=400%2C278&amp;ssl=1 400w\" sizes=\"auto, (max-width: 528px) 100vw, 528px\" \/><\/a><figcaption id=\"caption-attachment-48607\" class=\"wp-caption-text\">GARFIELD DETENIDO.- El imputado apodado \u2018El Garfield\u2019 fue detenido por Carabineros de la Subcomisar\u00eda de Llay Llay, siendo formalizado por el delito de Robo con violencia.<\/figcaption><\/figure>\n<p>Con golpes de pies y pu\u00f1os en forma desmedida, tres sujetos agredieron a un joven de 25 a\u00f1os en los momentos que \u00e9ste abandonaba un local nocturno en pleno centro de la comuna de Llay Llay, siendo v\u00edctima del robo de dinero en efectivo que portaba. Los hechos fueron denunciados por el afectado, quien concurri\u00f3 hasta la Subcomisar\u00eda de Carabineros de la comuna de Llay Llay a eso de las 05:00 horas de la madrugada del pasado domingo, manifestando que al salir del local \u2018La Pizzer\u00eda\u2019, ubicado en la intersecci\u00f3n de calles O\u2019Higgins con Balmaceda fue intimidado por tres sujetos.<\/p>\n<p><strong>\u00a0QUED\u00d3 GRABADO<\/strong><\/p>\n<p>En esos momentos los delincuentes comenzaron a propinarles golpes de pies y pu\u00f1os, mientras uno de los antisociales sustrajo desde el bolsillo del pantal\u00f3n del agredido $50.000 en efectivo, para luego darse a la fuga del lugar. Posteriormente la v\u00edctima logr\u00f3 identificar a uno de sus agresores conocido como \u2018El Garfield\u2019, por lo que Carabineros se traslad\u00f3 hasta su domicilio ubicado en Villa El Sauce de esa comuna, siendo detenido por su participaci\u00f3n en este delito que qued\u00f3 registrado en las c\u00e1maras de tele-vigilancia que cuenta esa intersecci\u00f3n.<\/p>\n<p>\u201cLas diligencias realizadas por el personal de Carabineros de la comuna de Llay Llay determinaron la identidad de este sujeto que tiene antecedentes por robo, el cual fue detenido al interior de su domicilio siendo reconocido posteriormente por la v\u00edctima como uno de los autores del hecho\u201d, precis\u00f3 el Subcomisario de Carabineros, Capit\u00e1n Felipe Maureira. En tanto el agredido debi\u00f3 ser trasladado hasta el centro hospitalario de esa comuna diagnosticado con lesiones de car\u00e1cter leve.<\/p>\n<p>En tanto el imputado identificado como Jonathan M.L. de 20 a\u00f1os de edad, fue sometido a control de detenci\u00f3n ante el Juzgado de Garant\u00eda de San Felipe al mediod\u00eda de ayer lunes, siendo formalizado por el Fiscal Osvaldo Basso por el delito de Robo con violencia, requiriendo ante la Jueza Roc\u00edo Oscariz Collarte la cautelar de Prisi\u00f3n Preventiva la que fue acogida por el tribunal por un plazo de 45 d\u00edas decretados para la investigaci\u00f3n del caso.<\/p>\n<p>\u201cSe tiene que continuar investigando el caso para determinar la participaci\u00f3n de los otros sujetos en este delito, en tanto el Ministerio P\u00fablico requiri\u00f3 la cautelar de Prisi\u00f3n Preventiva para el imputado que logr\u00f3 ser identificado por la v\u00edctima por representar un peligro para la sociedad\u201d, consign\u00f3 el Fiscal Jefe, Osvaldo Basso Cerda.<\/p>\n<p>Pablo Salinas Sald\u00edas<\/p>\n","protected":false},"excerpt":{"rendered":"<p>Con golpes de pies y pu\u00f1os en forma desmedida, tres sujetos agredieron a un joven de 25 a\u00f1os en los momentos que \u00e9ste abandonaba un local nocturno en pleno centro de la&#8230;<\/p>\n","protected":false},"author":482,"featured_media":48607,"comment_status":"open","ping_status":"closed","sticky":false,"template":"","format":"standard","meta":{"advanced_seo_description":"","jetpack_seo_html_title":"","jetpack_seo_noindex":false,"_jetpack_memberships_contains_paid_content":false,"footnotes":""},"categories":[21],"tags":[],"class_list":["post-48606","post","type-post","status-publish","format-standard","has-post-thumbnail","hentry","category-policial"],"jetpack_featured_media_url":"https:\/\/i0.wp.com\/eltrabajo.cl\/portal\/wp-content\/uploads\/2014\/07\/Detenido1.jpg?fit=528%2C367&ssl=1","jetpack_sharing_enabled":true,"jetpack_likes_enabled":true,"jetpack-related-posts":[],"_links":{"self":[{"href":"https:\/\/eltrabajo.cl\/portal\/wp-json\/wp\/v2\/posts\/48606","targetHints":{"allow":["GET"]}}],"collection":[{"href":"https:\/\/eltrabajo.cl\/portal\/wp-json\/wp\/v2\/posts"}],"about":[{"href":"https:\/\/eltrabajo.cl\/portal\/wp-json\/wp\/v2\/types\/post"}],"author":[{"embeddable":true,"href":"https:\/\/eltrabajo.cl\/portal\/wp-json\/wp\/v2\/users\/482"}],"replies":[{"embeddable":true,"href":"https:\/\/eltrabajo.cl\/portal\/wp-json\/wp\/v2\/comments?post=48606"}],"version-history":[{"count":0,"href":"https:\/\/eltrabajo.cl\/portal\/wp-json\/wp\/v2\/posts\/48606\/revisions"}],"wp:featuredmedia":[{"embeddable":true,"href":"https:\/\/eltrabajo.cl\/portal\/wp-json\/wp\/v2\/media\/48607"}],"wp:attachment":[{"href":"https:\/\/eltrabajo.cl\/portal\/wp-json\/wp\/v2\/media?parent=48606"}],"wp:term":[{"taxonomy":"category","embeddable":true,"href":"https:\/\/eltrabajo.cl\/portal\/wp-json\/wp\/v2\/categories?post=48606"},{"taxonomy":"post_tag","embeddable":true,"href":"https:\/\/eltrabajo.cl\/portal\/wp-json\/wp\/v2\/tags?post=48606"}],"curies":[{"name":"wp","href":"https:\/\/api.w.org\/{rel}","templated":true}]}}