{"id":48615,"date":"2014-07-09T09:44:32","date_gmt":"2014-07-09T13:44:32","guid":{"rendered":"http:\/\/www.eltrabajo.cl\/portal\/?p=48615"},"modified":"2014-07-09T09:44:32","modified_gmt":"2014-07-09T13:44:32","slug":"habilitan-plan-invierno-para-auxiliar-a-personas-en-condicion-de-calle","status":"publish","type":"post","link":"https:\/\/eltrabajo.cl\/portal\/habilitan-plan-invierno-para-auxiliar-a-personas-en-condicion-de-calle\/","title":{"rendered":"Habilitan Plan Invierno para auxiliar a personas en condici\u00f3n de calle"},"content":{"rendered":"<figure id=\"attachment_48616\" aria-describedby=\"caption-attachment-48616\" style=\"width: 528px\" class=\"wp-caption alignnone\"><a href=\"https:\/\/i0.wp.com\/www.eltrabajo.cl\/portal\/wp-content\/uploads\/2014\/07\/Humanitario1.jpg\"><img data-recalc-dims=\"1\" loading=\"lazy\" decoding=\"async\" class=\"size-full wp-image-48616\" alt=\"AYUDA HUMANITARIA.- Para quienes realicen los llamados desde celulares, el tel\u00e9fono es el 02-25797201. Tanto esta l\u00ednea como el n\u00famero 800 221 800 estar\u00e1n habilitadas hasta el fin del Plan Invierno 2014.\" src=\"https:\/\/i0.wp.com\/www.eltrabajo.cl\/portal\/wp-content\/uploads\/2014\/07\/Humanitario1.jpg?resize=528%2C401\" width=\"528\" height=\"401\" srcset=\"https:\/\/i0.wp.com\/eltrabajo.cl\/portal\/wp-content\/uploads\/2014\/07\/Humanitario1.jpg?w=528&amp;ssl=1 528w, https:\/\/i0.wp.com\/eltrabajo.cl\/portal\/wp-content\/uploads\/2014\/07\/Humanitario1.jpg?resize=197%2C150&amp;ssl=1 197w, https:\/\/i0.wp.com\/eltrabajo.cl\/portal\/wp-content\/uploads\/2014\/07\/Humanitario1.jpg?resize=300%2C227&amp;ssl=1 300w, https:\/\/i0.wp.com\/eltrabajo.cl\/portal\/wp-content\/uploads\/2014\/07\/Humanitario1.jpg?resize=150%2C113&amp;ssl=1 150w, https:\/\/i0.wp.com\/eltrabajo.cl\/portal\/wp-content\/uploads\/2014\/07\/Humanitario1.jpg?resize=400%2C303&amp;ssl=1 400w\" sizes=\"auto, (max-width: 528px) 100vw, 528px\" \/><\/a><figcaption id=\"caption-attachment-48616\" class=\"wp-caption-text\">AYUDA HUMANITARIA.- Para quienes realicen los llamados desde celulares, el tel\u00e9fono es el 02-25797201. Tanto esta l\u00ednea como el n\u00famero 800 221 800 estar\u00e1n habilitadas hasta el fin del Plan Invierno 2014.<\/figcaption><\/figure>\n<p><strong>ACONCAGUA.<\/strong>&#8211; El Ministerio de Desarrollo Social habilit\u00f3 en el Valle de Aconcagua, un n\u00famero gratuito para reportar a las personas que se encuentran en situaci\u00f3n de calle y que requieren ayuda. El Plan Invierno considera la implementaci\u00f3n de reforzamiento para dar cobertura a los chilenos m\u00e1s vulnerables en la \u00e9poca m\u00e1s dura del a\u00f1o por las bajas temperaturas y lluvias. Consiste b\u00e1sicamente en la habilitaci\u00f3n de albergues y el despliegue de rutas calle.<\/p>\n<p>De manera complementaria, tambi\u00e9n se considera la disponibilidad de un servicio telef\u00f3nico de atenci\u00f3n para que la comunidad pueda reportar casos de personas en situaci\u00f3n de calle que requieran de respuesta inmediata. El n\u00famero es el 800 221 800.<\/p>\n<p>\u201cHago un llamado a la comunidad para que nos contribuya y nos colabore en esto, porque en la medida en que nosotros tengamos informaci\u00f3n nueva vamos a poder reaccionar oportunamente. Tenemos este n\u00famero 800 con el cual todos podemos comunicarnos. Yo le pido a las personas que lo hagan, que se comuniquen\u201d, dijo el Secretario Regional Ministerial de Desarrollo Social de Valpara\u00edso, Abel Gallardo.<\/p>\n<p><strong>LLAMADAS GRATIS<\/strong><\/p>\n<p>Este \u2018Call center\u2019 atiende las 24 horas, es gratis para quien llama y opera activando la red de apoyo disponible -seg\u00fan cada uno de los requerimientos particulares- derivando estos a un encargado regional. \u201cNosotros tenemos una ruta predeterminada para atender a estas personas entreg\u00e1ndoles, por ejemplo, alimentaci\u00f3n caliente durante dos veces al d\u00eda y ropa de abrigo en las noches heladas o de lluvia. Pero nosotros podemos modificar esta ruta si tenemos informaci\u00f3n respecto de que hay nuevas personas en otro espacio de la ciudad\u201d, explic\u00f3 el Seremi.<\/p>\n<p>Para quienes realicen los llamados desde celulares, el tel\u00e9fono es el 02-25797201. Tanto esta l\u00ednea como el n\u00famero 800 221 800 estar\u00e1n habilitadas hasta el fin del Plan Invierno 2014. Cabe recordar que en la comuna de Los Andes el albergue para personas en situaci\u00f3n de calle est\u00e1 cargo de la municipalidad y se encuentra ubicado en Avenida Salvador Allende.<\/p>\n<p>&nbsp;<\/p>\n","protected":false},"excerpt":{"rendered":"<p>ACONCAGUA.&#8211; El Ministerio de Desarrollo Social habilit\u00f3 en el Valle de Aconcagua, un n\u00famero gratuito para reportar a las personas que se encuentran en situaci\u00f3n de calle y que requieren ayuda. El&#8230;<\/p>\n","protected":false},"author":482,"featured_media":48616,"comment_status":"open","ping_status":"closed","sticky":false,"template":"","format":"standard","meta":{"advanced_seo_description":"","jetpack_seo_html_title":"","jetpack_seo_noindex":false,"_jetpack_memberships_contains_paid_content":false,"footnotes":""},"categories":[15],"tags":[],"class_list":["post-48615","post","type-post","status-publish","format-standard","has-post-thumbnail","hentry","category-comunidad"],"jetpack_featured_media_url":"https:\/\/i0.wp.com\/eltrabajo.cl\/portal\/wp-content\/uploads\/2014\/07\/Humanitario1.jpg?fit=528%2C401&ssl=1","jetpack_sharing_enabled":true,"jetpack_likes_enabled":true,"jetpack-related-posts":[],"_links":{"self":[{"href":"https:\/\/eltrabajo.cl\/portal\/wp-json\/wp\/v2\/posts\/48615","targetHints":{"allow":["GET"]}}],"collection":[{"href":"https:\/\/eltrabajo.cl\/portal\/wp-json\/wp\/v2\/posts"}],"about":[{"href":"https:\/\/eltrabajo.cl\/portal\/wp-json\/wp\/v2\/types\/post"}],"author":[{"embeddable":true,"href":"https:\/\/eltrabajo.cl\/portal\/wp-json\/wp\/v2\/users\/482"}],"replies":[{"embeddable":true,"href":"https:\/\/eltrabajo.cl\/portal\/wp-json\/wp\/v2\/comments?post=48615"}],"version-history":[{"count":0,"href":"https:\/\/eltrabajo.cl\/portal\/wp-json\/wp\/v2\/posts\/48615\/revisions"}],"wp:featuredmedia":[{"embeddable":true,"href":"https:\/\/eltrabajo.cl\/portal\/wp-json\/wp\/v2\/media\/48616"}],"wp:attachment":[{"href":"https:\/\/eltrabajo.cl\/portal\/wp-json\/wp\/v2\/media?parent=48615"}],"wp:term":[{"taxonomy":"category","embeddable":true,"href":"https:\/\/eltrabajo.cl\/portal\/wp-json\/wp\/v2\/categories?post=48615"},{"taxonomy":"post_tag","embeddable":true,"href":"https:\/\/eltrabajo.cl\/portal\/wp-json\/wp\/v2\/tags?post=48615"}],"curies":[{"name":"wp","href":"https:\/\/api.w.org\/{rel}","templated":true}]}}