{"id":48643,"date":"2014-07-09T10:02:39","date_gmt":"2014-07-09T14:02:39","guid":{"rendered":"http:\/\/www.eltrabajo.cl\/portal\/?p=48643"},"modified":"2014-07-09T10:02:39","modified_gmt":"2014-07-09T14:02:39","slug":"camaras-delataron-a-delincuente-robando-en-supermercado","status":"publish","type":"post","link":"https:\/\/eltrabajo.cl\/portal\/camaras-delataron-a-delincuente-robando-en-supermercado\/","title":{"rendered":"C\u00e1maras delataron a delincuente robando en supermercado"},"content":{"rendered":"<figure id=\"attachment_48644\" aria-describedby=\"caption-attachment-48644\" style=\"width: 370px\" class=\"wp-caption alignleft\"><a href=\"https:\/\/i0.wp.com\/www.eltrabajo.cl\/portal\/wp-content\/uploads\/2014\/07\/Capturadito1.jpg\"><img data-recalc-dims=\"1\" loading=\"lazy\" decoding=\"async\" class=\" wp-image-48644 \" alt=\"El detenido fue formalizado por robo frustrado en el Juzgado de Garant\u00eda de San Felipe quedando citado a un procedimiento simplificado en una pr\u00f3xima fecha.\" src=\"https:\/\/i0.wp.com\/www.eltrabajo.cl\/portal\/wp-content\/uploads\/2014\/07\/Capturadito1.jpg?resize=370%2C256\" width=\"370\" height=\"256\" srcset=\"https:\/\/i0.wp.com\/eltrabajo.cl\/portal\/wp-content\/uploads\/2014\/07\/Capturadito1.jpg?w=528&amp;ssl=1 528w, https:\/\/i0.wp.com\/eltrabajo.cl\/portal\/wp-content\/uploads\/2014\/07\/Capturadito1.jpg?resize=200%2C138&amp;ssl=1 200w, https:\/\/i0.wp.com\/eltrabajo.cl\/portal\/wp-content\/uploads\/2014\/07\/Capturadito1.jpg?resize=300%2C207&amp;ssl=1 300w, https:\/\/i0.wp.com\/eltrabajo.cl\/portal\/wp-content\/uploads\/2014\/07\/Capturadito1.jpg?resize=150%2C103&amp;ssl=1 150w, https:\/\/i0.wp.com\/eltrabajo.cl\/portal\/wp-content\/uploads\/2014\/07\/Capturadito1.jpg?resize=400%2C277&amp;ssl=1 400w\" sizes=\"auto, (max-width: 370px) 100vw, 370px\" \/><\/a><figcaption id=\"caption-attachment-48644\" class=\"wp-caption-text\">El detenido fue formalizado por robo frustrado en el Juzgado de Garant\u00eda de San Felipe quedando citado a un procedimiento simplificado en una pr\u00f3xima fecha.<\/figcaption><\/figure>\n<p>Gracias a las c\u00e1maras de vigilancia ubicadas en Calle Edwards de la comuna de Llay Llay, se logr\u00f3 dar alerta a Carabineros a concurrir hasta las dependencias de Supermercado El Canario a capturar a un sujeto que hab\u00eda ingresado hasta el interior para cometer un robo.<\/p>\n<p>El video se registr\u00f3 a eso de la medianoche de ayer martes, cuando el imputado identificado como Luis Sebasti\u00e1n J.D. de 22 a\u00f1os de edad, ingres\u00f3 hasta dicho local comercial por el sector donde se ubica la bodega. Esto permiti\u00f3 a que los efectivos policiales se trasladaran hasta el lugar encontrando al sujeto en el interior del supermercado frustrando de esta forma el robo que pretend\u00eda cometer.<\/p>\n<p>\u00abEs importante resaltar el uso de las c\u00e1maras de vigilancia de la comuna que fueron instaladas lo que nos permite estar alerta y poder frustrar este tipo de delitos a corto plazo logrando capturar a los delincuentes\u00bb, destac\u00f3 el Capit\u00e1n Felipe Maureira, Subcomisario de Carabineros de Llay Llay.<\/p>\n<p>Luis Sebasti\u00e1n, quien ya cuenta con antecedentes penales por Robo, fue formalizado por Robo frustrado por el Fiscal Osvaldo Basso, quedando requerido para una pr\u00f3xima fecha de procedimiento simplificado. Durante la audiencia el persecutor requiri\u00f3 una pena de 540 d\u00edas que ser\u00e1n debatidas en el Juzgado de Garant\u00eda de San Felipe.<\/p>\n<p>Pablo Salinas Sald\u00edas.<\/p>\n","protected":false},"excerpt":{"rendered":"<p>Gracias a las c\u00e1maras de vigilancia ubicadas en Calle Edwards de la comuna de Llay Llay, se logr\u00f3 dar alerta a Carabineros a concurrir hasta las dependencias de Supermercado El Canario a&#8230;<\/p>\n","protected":false},"author":482,"featured_media":48644,"comment_status":"open","ping_status":"closed","sticky":false,"template":"","format":"standard","meta":{"advanced_seo_description":"","jetpack_seo_html_title":"","jetpack_seo_noindex":false,"_jetpack_memberships_contains_paid_content":false,"footnotes":""},"categories":[21],"tags":[],"class_list":["post-48643","post","type-post","status-publish","format-standard","has-post-thumbnail","hentry","category-policial"],"jetpack_featured_media_url":"https:\/\/i0.wp.com\/eltrabajo.cl\/portal\/wp-content\/uploads\/2014\/07\/Capturadito1.jpg?fit=528%2C366&ssl=1","jetpack_sharing_enabled":true,"jetpack_likes_enabled":true,"jetpack-related-posts":[],"_links":{"self":[{"href":"https:\/\/eltrabajo.cl\/portal\/wp-json\/wp\/v2\/posts\/48643","targetHints":{"allow":["GET"]}}],"collection":[{"href":"https:\/\/eltrabajo.cl\/portal\/wp-json\/wp\/v2\/posts"}],"about":[{"href":"https:\/\/eltrabajo.cl\/portal\/wp-json\/wp\/v2\/types\/post"}],"author":[{"embeddable":true,"href":"https:\/\/eltrabajo.cl\/portal\/wp-json\/wp\/v2\/users\/482"}],"replies":[{"embeddable":true,"href":"https:\/\/eltrabajo.cl\/portal\/wp-json\/wp\/v2\/comments?post=48643"}],"version-history":[{"count":0,"href":"https:\/\/eltrabajo.cl\/portal\/wp-json\/wp\/v2\/posts\/48643\/revisions"}],"wp:featuredmedia":[{"embeddable":true,"href":"https:\/\/eltrabajo.cl\/portal\/wp-json\/wp\/v2\/media\/48644"}],"wp:attachment":[{"href":"https:\/\/eltrabajo.cl\/portal\/wp-json\/wp\/v2\/media?parent=48643"}],"wp:term":[{"taxonomy":"category","embeddable":true,"href":"https:\/\/eltrabajo.cl\/portal\/wp-json\/wp\/v2\/categories?post=48643"},{"taxonomy":"post_tag","embeddable":true,"href":"https:\/\/eltrabajo.cl\/portal\/wp-json\/wp\/v2\/tags?post=48643"}],"curies":[{"name":"wp","href":"https:\/\/api.w.org\/{rel}","templated":true}]}}