{"id":48648,"date":"2014-07-09T10:07:54","date_gmt":"2014-07-09T14:07:54","guid":{"rendered":"http:\/\/www.eltrabajo.cl\/portal\/?p=48648"},"modified":"2014-07-09T10:10:08","modified_gmt":"2014-07-09T14:10:08","slug":"de-punalada-en-el-pecho-mujer-asesino-a-su-pareja","status":"publish","type":"post","link":"https:\/\/eltrabajo.cl\/portal\/de-punalada-en-el-pecho-mujer-asesino-a-su-pareja\/","title":{"rendered":"De pu\u00f1alada en el pecho mujer asesin\u00f3 a su pareja"},"content":{"rendered":"<figure id=\"attachment_48649\" aria-describedby=\"caption-attachment-48649\" style=\"width: 370px\" class=\"wp-caption alignleft\"><a href=\"https:\/\/i0.wp.com\/www.eltrabajo.cl\/portal\/wp-content\/uploads\/2014\/07\/Muerto1.jpg\"><img data-recalc-dims=\"1\" loading=\"lazy\" decoding=\"async\" class=\" wp-image-48649 \" alt=\"En el ante-jard\u00edn de esta vivienda, ubicada en Pasaje Roberto Huerta de poblaci\u00f3n Pedro Aguirre de la comuna de Santa Mar\u00eda, fue hallado el cuerpo de Jorge Benavides Manr\u00edquez muerto de una certera estocada en el t\u00f3rax.\" src=\"https:\/\/i0.wp.com\/www.eltrabajo.cl\/portal\/wp-content\/uploads\/2014\/07\/Muerto1.jpg?resize=370%2C475\" width=\"370\" height=\"475\" srcset=\"https:\/\/i0.wp.com\/eltrabajo.cl\/portal\/wp-content\/uploads\/2014\/07\/Muerto1.jpg?w=529&amp;ssl=1 529w, https:\/\/i0.wp.com\/eltrabajo.cl\/portal\/wp-content\/uploads\/2014\/07\/Muerto1.jpg?resize=116%2C150&amp;ssl=1 116w, https:\/\/i0.wp.com\/eltrabajo.cl\/portal\/wp-content\/uploads\/2014\/07\/Muerto1.jpg?resize=233%2C300&amp;ssl=1 233w, https:\/\/i0.wp.com\/eltrabajo.cl\/portal\/wp-content\/uploads\/2014\/07\/Muerto1.jpg?resize=400%2C513&amp;ssl=1 400w\" sizes=\"auto, (max-width: 370px) 100vw, 370px\" \/><\/a><figcaption id=\"caption-attachment-48649\" class=\"wp-caption-text\">En el ante-jard\u00edn de esta vivienda, ubicada en Pasaje Roberto Huerta de poblaci\u00f3n Pedro Aguirre de la comuna de Santa Mar\u00eda, fue hallado el cuerpo de Jorge Benavides Manr\u00edquez muerto de una certera estocada en el t\u00f3rax.<\/figcaption><\/figure>\n<p>Una sangriento amanecer es el que se vivi\u00f3 este martes en una vivienda de Santa Mar\u00eda, luego que tras una ri\u00f1a entre conyugues, la mujer decidiera hundirle un pu\u00f1al en el pecho a su compa\u00f1ero sentimental.<\/p>\n<p>Aparentemente una acalorada discusi\u00f3n de pareja habr\u00eda motivado a una mujer de 35 a\u00f1os dar una certera estocada con arma blanca a la altura del coraz\u00f3n a su pareja, v\u00edctima identificada como Jorge Patricio Benavides Manr\u00edquez de 34 a\u00f1os, quien fue hallado sin vida tendido en el ante-jard\u00edn de la vivienda, ubicada en Pasaje Roberto Huerta de Poblaci\u00f3n Pedro Aguirre Cerda de la comuna de Santa Mar\u00eda.<\/p>\n<p><strong>\u00a0NOCHE DE SANGRE<\/strong><\/p>\n<p>Los hechos se habr\u00edan originado cerca de la medianoche de ayer martes, cuando una mujer requiri\u00f3 la presencia de Carabineros del Ret\u00e9n de esa comuna para denunciar que su pololo hab\u00eda ingresado clandestinamente hasta su vivienda, tras negarse a salir tras las constantes llamadas.<\/p>\n<p>Las primeras versiones de los sucesos que relat\u00f3 la mujer a la Polic\u00eda, se\u00f1alan que Benavides Manr\u00edquez llam\u00f3 a la puerta de su vivienda encontr\u00e1ndose en estado de ebriedad, a lo que ella le neg\u00f3 su entrada. Posteriormente este habr\u00eda escalado la reja de cierre y se habr\u00eda ca\u00eddo al suelo, clav\u00e1ndose el arma blanca en el pecho.<\/p>\n<p>Hasta esos minutos su relato resultaba cre\u00edble, dado a que requiri\u00f3 telef\u00f3nicamente la presencia del personal de Samu, que confirm\u00f3 en el sitio del suceso la muerte de Jorge Benavides Manr\u00edquez. Asimismo personal de Carabineros de esa comuna tom\u00f3 conocimiento de este hallazgo de muerte, registrando las declaraciones de la pareja de la v\u00edctima.<\/p>\n<figure id=\"attachment_48650\" aria-describedby=\"caption-attachment-48650\" style=\"width: 222px\" class=\"wp-caption alignright\"><a href=\"https:\/\/i0.wp.com\/www.eltrabajo.cl\/portal\/wp-content\/uploads\/2014\/07\/carlos-alegria.jpg\"><img data-recalc-dims=\"1\" loading=\"lazy\" decoding=\"async\" class=\" wp-image-48650  \" alt=\"Subcomisario Carlos Alegr\u00eda de la Brigada de Homicidios.\" src=\"https:\/\/i0.wp.com\/www.eltrabajo.cl\/portal\/wp-content\/uploads\/2014\/07\/carlos-alegria.jpg?resize=222%2C295\" width=\"222\" height=\"295\" srcset=\"https:\/\/i0.wp.com\/eltrabajo.cl\/portal\/wp-content\/uploads\/2014\/07\/carlos-alegria.jpg?w=529&amp;ssl=1 529w, https:\/\/i0.wp.com\/eltrabajo.cl\/portal\/wp-content\/uploads\/2014\/07\/carlos-alegria.jpg?resize=113%2C150&amp;ssl=1 113w, https:\/\/i0.wp.com\/eltrabajo.cl\/portal\/wp-content\/uploads\/2014\/07\/carlos-alegria.jpg?resize=226%2C300&amp;ssl=1 226w, https:\/\/i0.wp.com\/eltrabajo.cl\/portal\/wp-content\/uploads\/2014\/07\/carlos-alegria.jpg?resize=400%2C530&amp;ssl=1 400w\" sizes=\"auto, (max-width: 222px) 100vw, 222px\" \/><\/a><figcaption id=\"caption-attachment-48650\" class=\"wp-caption-text\">Subcomisario Carlos Alegr\u00eda de la Brigada de Homicidios.<\/figcaption><\/figure>\n<p><strong>MUJER CONFIESA<\/strong><\/p>\n<p>Pasadas las 01:30 de la madrugada concurri\u00f3 hasta la vivienda el Fiscal de Turno Julio Palacios Bobadilla, quien dispuso de las diligencias del personal de la Brigada de Homicidios de Los Andes para aclarar los hechos, efectu\u00e1ndose durante todo d\u00eda de ayer diversos procedimientos, mismos que indican que la mujer habr\u00eda confesado el crimen tras haber sostenido una discusi\u00f3n con su pareja al interior de su domicilio y lo habr\u00eda atacado con un arma blanca.<\/p>\n<p>\u201cEl d\u00eda de ayer la Brigada de Homicidios concurri\u00f3 hasta la comuna de Santa Mar\u00eda, donde observan que al interior de un inmueble se encuentra Benavides Manr\u00edquez fallecido, producto de heridas corto-punzantes en la regi\u00f3n del t\u00f3rax y del ment\u00f3n, se efectuaron diligencias para establecer c\u00f3mo ocurrieron los hechos, la imputada habr\u00eda indicado haber sostenido una discusi\u00f3n con la v\u00edctima\u201d, indic\u00f3 el Subcomisario de la Polic\u00eda de Investigaciones, Carlos Alegr\u00eda.<\/p>\n<p>Hasta el cierre de esta edici\u00f3n se esperaban los resultados de la autopsia realizada en el Servicio M\u00e9dico Legal de San Felipe y la confirmaci\u00f3n de la fiscal\u00eda para someter a la imputada a control de detenci\u00f3n en el Juzgado de Garant\u00eda de San Felipe al mediod\u00eda de hoy mi\u00e9rcoles. Pablo Salinas Sald\u00edas<\/p>\n<p>&nbsp;<\/p>\n","protected":false},"excerpt":{"rendered":"<p>Una sangriento amanecer es el que se vivi\u00f3 este martes en una vivienda de Santa Mar\u00eda, luego que tras una ri\u00f1a entre conyugues, la mujer decidiera hundirle un pu\u00f1al en el pecho&#8230;<\/p>\n","protected":false},"author":482,"featured_media":48649,"comment_status":"open","ping_status":"closed","sticky":false,"template":"","format":"standard","meta":{"advanced_seo_description":"","jetpack_seo_html_title":"","jetpack_seo_noindex":false,"_jetpack_memberships_contains_paid_content":false,"footnotes":""},"categories":[21],"tags":[],"class_list":["post-48648","post","type-post","status-publish","format-standard","has-post-thumbnail","hentry","category-policial"],"jetpack_featured_media_url":"https:\/\/i0.wp.com\/eltrabajo.cl\/portal\/wp-content\/uploads\/2014\/07\/Muerto1.jpg?fit=529%2C679&ssl=1","jetpack_sharing_enabled":true,"jetpack_likes_enabled":true,"jetpack-related-posts":[],"_links":{"self":[{"href":"https:\/\/eltrabajo.cl\/portal\/wp-json\/wp\/v2\/posts\/48648","targetHints":{"allow":["GET"]}}],"collection":[{"href":"https:\/\/eltrabajo.cl\/portal\/wp-json\/wp\/v2\/posts"}],"about":[{"href":"https:\/\/eltrabajo.cl\/portal\/wp-json\/wp\/v2\/types\/post"}],"author":[{"embeddable":true,"href":"https:\/\/eltrabajo.cl\/portal\/wp-json\/wp\/v2\/users\/482"}],"replies":[{"embeddable":true,"href":"https:\/\/eltrabajo.cl\/portal\/wp-json\/wp\/v2\/comments?post=48648"}],"version-history":[{"count":0,"href":"https:\/\/eltrabajo.cl\/portal\/wp-json\/wp\/v2\/posts\/48648\/revisions"}],"wp:featuredmedia":[{"embeddable":true,"href":"https:\/\/eltrabajo.cl\/portal\/wp-json\/wp\/v2\/media\/48649"}],"wp:attachment":[{"href":"https:\/\/eltrabajo.cl\/portal\/wp-json\/wp\/v2\/media?parent=48648"}],"wp:term":[{"taxonomy":"category","embeddable":true,"href":"https:\/\/eltrabajo.cl\/portal\/wp-json\/wp\/v2\/categories?post=48648"},{"taxonomy":"post_tag","embeddable":true,"href":"https:\/\/eltrabajo.cl\/portal\/wp-json\/wp\/v2\/tags?post=48648"}],"curies":[{"name":"wp","href":"https:\/\/api.w.org\/{rel}","templated":true}]}}