{"id":48656,"date":"2014-07-09T09:49:45","date_gmt":"2014-07-09T13:49:45","guid":{"rendered":"http:\/\/www.eltrabajo.cl\/portal\/?p=48656"},"modified":"2014-07-09T10:20:25","modified_gmt":"2014-07-09T14:20:25","slug":"realizaran-marcha-en-defensa-del-agua-de-aconcagua","status":"publish","type":"post","link":"https:\/\/eltrabajo.cl\/portal\/realizaran-marcha-en-defensa-del-agua-de-aconcagua\/","title":{"rendered":"Realizar\u00e1n marcha en defensa del agua de Aconcagua"},"content":{"rendered":"<figure id=\"attachment_48657\" aria-describedby=\"caption-attachment-48657\" style=\"width: 528px\" class=\"wp-caption alignnone\"><a href=\"https:\/\/i0.wp.com\/www.eltrabajo.cl\/portal\/wp-content\/uploads\/2014\/07\/Aguas1.jpg\"><img data-recalc-dims=\"1\" loading=\"lazy\" decoding=\"async\" class=\"size-full wp-image-48657\" alt=\"VIENE MARCHA.- Para fines del mes de julio diversas organizaciones ecologistas, sociales y municipios, estar\u00edan convocando a una gran marcha en defensa del agua en el Valle de Aconcagua. (Archivo)\" src=\"https:\/\/i0.wp.com\/www.eltrabajo.cl\/portal\/wp-content\/uploads\/2014\/07\/Aguas1.jpg?resize=528%2C401\" width=\"528\" height=\"401\" srcset=\"https:\/\/i0.wp.com\/eltrabajo.cl\/portal\/wp-content\/uploads\/2014\/07\/Aguas1.jpg?w=528&amp;ssl=1 528w, https:\/\/i0.wp.com\/eltrabajo.cl\/portal\/wp-content\/uploads\/2014\/07\/Aguas1.jpg?resize=197%2C150&amp;ssl=1 197w, https:\/\/i0.wp.com\/eltrabajo.cl\/portal\/wp-content\/uploads\/2014\/07\/Aguas1.jpg?resize=300%2C227&amp;ssl=1 300w, https:\/\/i0.wp.com\/eltrabajo.cl\/portal\/wp-content\/uploads\/2014\/07\/Aguas1.jpg?resize=150%2C113&amp;ssl=1 150w, https:\/\/i0.wp.com\/eltrabajo.cl\/portal\/wp-content\/uploads\/2014\/07\/Aguas1.jpg?resize=400%2C303&amp;ssl=1 400w\" sizes=\"auto, (max-width: 528px) 100vw, 528px\" \/><\/a><figcaption id=\"caption-attachment-48657\" class=\"wp-caption-text\">VIENE MARCHA.- Para fines del mes de julio diversas organizaciones ecologistas, sociales y municipios, estar\u00edan convocando a una gran marcha en defensa del agua en el Valle de Aconcagua. (Archivo)<\/figcaption><\/figure>\n<p><strong>LOS ANDES.-<\/strong> Para fines del mes de julio diversas organizaciones ecologistas, sociales y municipios, estar\u00edan convocando a una gran marcha en defensa del agua en el Valle de Aconcagua, muy similar a la efectuada el a\u00f1o pasado. As\u00ed lo corrobor\u00f3 el Alcalde de San Esteban, Ren\u00e9 Mardones, quien se\u00f1al\u00f3 que la idea es protestar por la destrucci\u00f3n de los glaciares que implicar\u00e1 la ejecuci\u00f3n del Proyecto Expansi\u00f3n 244 de la Divisi\u00f3n Andina y tambi\u00e9n la construcci\u00f3n del embalse en el sector de Puntilla del Viento.<\/p>\n<figure id=\"attachment_48658\" aria-describedby=\"caption-attachment-48658\" style=\"width: 317px\" class=\"wp-caption alignright\"><a href=\"https:\/\/i0.wp.com\/www.eltrabajo.cl\/portal\/wp-content\/uploads\/2014\/07\/Alcalde-Mardones.jpg\"><img data-recalc-dims=\"1\" loading=\"lazy\" decoding=\"async\" class=\" wp-image-48658 \" alt=\"Alcalde de San Esteban, Ren\u00e9 Mardones.\" src=\"https:\/\/i0.wp.com\/www.eltrabajo.cl\/portal\/wp-content\/uploads\/2014\/07\/Alcalde-Mardones.jpg?resize=317%2C215\" width=\"317\" height=\"215\" srcset=\"https:\/\/i0.wp.com\/eltrabajo.cl\/portal\/wp-content\/uploads\/2014\/07\/Alcalde-Mardones.jpg?w=528&amp;ssl=1 528w, https:\/\/i0.wp.com\/eltrabajo.cl\/portal\/wp-content\/uploads\/2014\/07\/Alcalde-Mardones.jpg?resize=200%2C135&amp;ssl=1 200w, https:\/\/i0.wp.com\/eltrabajo.cl\/portal\/wp-content\/uploads\/2014\/07\/Alcalde-Mardones.jpg?resize=300%2C203&amp;ssl=1 300w, https:\/\/i0.wp.com\/eltrabajo.cl\/portal\/wp-content\/uploads\/2014\/07\/Alcalde-Mardones.jpg?resize=150%2C101&amp;ssl=1 150w, https:\/\/i0.wp.com\/eltrabajo.cl\/portal\/wp-content\/uploads\/2014\/07\/Alcalde-Mardones.jpg?resize=400%2C271&amp;ssl=1 400w\" sizes=\"auto, (max-width: 317px) 100vw, 317px\" \/><\/a><figcaption id=\"caption-attachment-48658\" class=\"wp-caption-text\">Alcalde de San Esteban, Ren\u00e9 Mardones.<\/figcaption><\/figure>\n<p>Mardones acus\u00f3 que en estos momentos la Divisi\u00f3n Andina se encuentra realizando una intervenci\u00f3n parcial de los glaciares sin autorizaci\u00f3n de la Conama y dijo que en los pr\u00f3ximos d\u00edas presentar\u00e1n evidencia fotogr\u00e1fica de esta intervenci\u00f3n no regulada de la cordillera y que afecta las reservas de agua para el valle. El edil reafirm\u00f3 que esta marcha tendr\u00e1 un car\u00e1cter pac\u00edfico y cultural donde actuar\u00e1n grupos musicales de trayectoria, \u201cpues la idea es defender nuestra agua y a nuestros glaciares\u201d.<\/p>\n<p><strong>LAS PROPUESTAS<\/strong><\/p>\n<p>Por otra parte, el alcalde dijo que la marcha tambi\u00e9n ser\u00e1 una forma de demostrar la oposici\u00f3n de la gente al emplazamiento del embalse, argumentando que existen razones t\u00e9cnicas de peso que hacen inviable su ubicaci\u00f3n en el sector de Puntilla del Viento.<\/p>\n<p>\u201cLos cerros donde se emplazar\u00e1 el embalse no resistir\u00e1n el peso de la cortina que contendr\u00e1 90 millones de metros c\u00fabicos y por eso nosotros estamos proponiendo otras alternativas al ministerio, como Los Rosales en Calle Larga; Lomas de la Iglesia en R\u00edo Colorado o Campos de Ahumada, ya que hay que terminar con este tema de querer desterrar la gente del camino internacional\u201d, argument\u00f3.<\/p>\n<p>Por ello, Mardones dijo que llevar\u00e1n adelante esta gran marcha donde esperan convocar a miles de personas en defensa de nuestra agua. Por otra parte, el alcalde de San Esteban neg\u00f3 las cr\u00edticas formuladas en su contra respecto a que estar\u00eda incitando a la violencia a los vecinos del camino internacional, se\u00f1alando que \u00e9l lo \u00fanico que ha hecho es apoyarlos.<\/p>\n<p>\u201cYo no incito a nadie, s\u00f3lo acompa\u00f1o a las personas, jam\u00e1s he llevado neum\u00e1ticos en la camioneta, y s\u00f3lo solidarizo con los vecinos, no es mi af\u00e1n incitar a la violencia, pues siempre est\u00e1 la voluntad de dialogar con el gobierno, pero la gente tiene derecho a expresarse y ni siquiera me han sacado fotos poniendo neum\u00e1ticos en la calle\u201d, expres\u00f3 el alcalde.<\/p>\n","protected":false},"excerpt":{"rendered":"<p>LOS ANDES.- Para fines del mes de julio diversas organizaciones ecologistas, sociales y municipios, estar\u00edan convocando a una gran marcha en defensa del agua en el Valle de Aconcagua, muy similar a&#8230;<\/p>\n","protected":false},"author":482,"featured_media":48657,"comment_status":"open","ping_status":"closed","sticky":false,"template":"","format":"standard","meta":{"advanced_seo_description":"","jetpack_seo_html_title":"","jetpack_seo_noindex":false,"_jetpack_memberships_contains_paid_content":false,"footnotes":""},"categories":[15],"tags":[],"class_list":["post-48656","post","type-post","status-publish","format-standard","has-post-thumbnail","hentry","category-comunidad"],"jetpack_featured_media_url":"https:\/\/i0.wp.com\/eltrabajo.cl\/portal\/wp-content\/uploads\/2014\/07\/Aguas1.jpg?fit=528%2C401&ssl=1","jetpack_sharing_enabled":true,"jetpack_likes_enabled":true,"jetpack-related-posts":[],"_links":{"self":[{"href":"https:\/\/eltrabajo.cl\/portal\/wp-json\/wp\/v2\/posts\/48656","targetHints":{"allow":["GET"]}}],"collection":[{"href":"https:\/\/eltrabajo.cl\/portal\/wp-json\/wp\/v2\/posts"}],"about":[{"href":"https:\/\/eltrabajo.cl\/portal\/wp-json\/wp\/v2\/types\/post"}],"author":[{"embeddable":true,"href":"https:\/\/eltrabajo.cl\/portal\/wp-json\/wp\/v2\/users\/482"}],"replies":[{"embeddable":true,"href":"https:\/\/eltrabajo.cl\/portal\/wp-json\/wp\/v2\/comments?post=48656"}],"version-history":[{"count":0,"href":"https:\/\/eltrabajo.cl\/portal\/wp-json\/wp\/v2\/posts\/48656\/revisions"}],"wp:featuredmedia":[{"embeddable":true,"href":"https:\/\/eltrabajo.cl\/portal\/wp-json\/wp\/v2\/media\/48657"}],"wp:attachment":[{"href":"https:\/\/eltrabajo.cl\/portal\/wp-json\/wp\/v2\/media?parent=48656"}],"wp:term":[{"taxonomy":"category","embeddable":true,"href":"https:\/\/eltrabajo.cl\/portal\/wp-json\/wp\/v2\/categories?post=48656"},{"taxonomy":"post_tag","embeddable":true,"href":"https:\/\/eltrabajo.cl\/portal\/wp-json\/wp\/v2\/tags?post=48656"}],"curies":[{"name":"wp","href":"https:\/\/api.w.org\/{rel}","templated":true}]}}