{"id":48664,"date":"2014-07-10T09:08:45","date_gmt":"2014-07-10T13:08:45","guid":{"rendered":"http:\/\/www.eltrabajo.cl\/portal\/?p=48664"},"modified":"2014-07-10T09:08:45","modified_gmt":"2014-07-10T13:08:45","slug":"el-uni-uni-se-encamina-al-fin-de-la-pretemporada","status":"publish","type":"post","link":"https:\/\/eltrabajo.cl\/portal\/el-uni-uni-se-encamina-al-fin-de-la-pretemporada\/","title":{"rendered":"El Un\u00ed Un\u00ed se encamina al fin de la pretemporada"},"content":{"rendered":"<figure id=\"attachment_48665\" aria-describedby=\"caption-attachment-48665\" style=\"width: 529px\" class=\"wp-caption alignnone\"><a href=\"https:\/\/i0.wp.com\/www.eltrabajo.cl\/portal\/wp-content\/uploads\/2014\/07\/uni-en-pretemporada.jpg\"><img data-recalc-dims=\"1\" loading=\"lazy\" decoding=\"async\" class=\"size-full wp-image-48665\" alt=\"Desde esta semana el plantel albirrojo est\u00e1 haciendo la pretemporada en su Complejo Deportivo.\" src=\"https:\/\/i0.wp.com\/www.eltrabajo.cl\/portal\/wp-content\/uploads\/2014\/07\/uni-en-pretemporada.jpg?resize=529%2C401\" width=\"529\" height=\"401\" srcset=\"https:\/\/i0.wp.com\/eltrabajo.cl\/portal\/wp-content\/uploads\/2014\/07\/uni-en-pretemporada.jpg?w=529&amp;ssl=1 529w, https:\/\/i0.wp.com\/eltrabajo.cl\/portal\/wp-content\/uploads\/2014\/07\/uni-en-pretemporada.jpg?resize=197%2C150&amp;ssl=1 197w, https:\/\/i0.wp.com\/eltrabajo.cl\/portal\/wp-content\/uploads\/2014\/07\/uni-en-pretemporada.jpg?resize=300%2C227&amp;ssl=1 300w, https:\/\/i0.wp.com\/eltrabajo.cl\/portal\/wp-content\/uploads\/2014\/07\/uni-en-pretemporada.jpg?resize=150%2C113&amp;ssl=1 150w, https:\/\/i0.wp.com\/eltrabajo.cl\/portal\/wp-content\/uploads\/2014\/07\/uni-en-pretemporada.jpg?resize=400%2C303&amp;ssl=1 400w\" sizes=\"auto, (max-width: 529px) 100vw, 529px\" \/><\/a><figcaption id=\"caption-attachment-48665\" class=\"wp-caption-text\">Desde esta semana el plantel albirrojo est\u00e1 haciendo la pretemporada en su Complejo Deportivo.<\/figcaption><\/figure>\n<p>Poco menos de una semana resta para que Uni\u00f3n San Felipe ponga fin a su pretemporada, labor que no ha estado exenta de problemas debido a las bajas temperaturas en que han debido trabajar los jugadores albirrojos. Esta situaci\u00f3n provoc\u00f3 que se produjeran cambios en la parte final del trabajo f\u00edsico previo al torneo que arrancar\u00e1 el 2 de agosto. Desde este lunes el plantel trabaja en el complejo deportivo del Un\u00ed, adem\u00e1s que ya no se comienza a laburar de madrugada, para evitar resfr\u00edos, seg\u00fan lo inform\u00f3 a El Trabajo Deportivo el Profesor Leonardo Villegas, quien tambi\u00e9n aport\u00f3 que el traslado hasta el laboratorio unionista se produjo debido a que el otro lugar donde estaban trabajando el piso estaba muy duro, lo que pod\u00eda causar tendinitis.<\/p>\n<p>Este s\u00e1bado a las 16:30 horas en la capital, el Un\u00ed jugar\u00e1 su segundo partido amistoso enfrentando al Audax Italiano.<\/p>\n<p>&nbsp;<\/p>\n","protected":false},"excerpt":{"rendered":"<p>Poco menos de una semana resta para que Uni\u00f3n San Felipe ponga fin a su pretemporada, labor que no ha estado exenta de problemas debido a las bajas temperaturas en que han&#8230;<\/p>\n","protected":false},"author":482,"featured_media":48665,"comment_status":"open","ping_status":"closed","sticky":false,"template":"","format":"standard","meta":{"advanced_seo_description":"","jetpack_seo_html_title":"","jetpack_seo_noindex":false,"_jetpack_memberships_contains_paid_content":false,"footnotes":""},"categories":[19],"tags":[],"class_list":["post-48664","post","type-post","status-publish","format-standard","has-post-thumbnail","hentry","category-deportes"],"jetpack_featured_media_url":"https:\/\/i0.wp.com\/eltrabajo.cl\/portal\/wp-content\/uploads\/2014\/07\/uni-en-pretemporada.jpg?fit=529%2C401&ssl=1","jetpack_sharing_enabled":true,"jetpack_likes_enabled":true,"jetpack-related-posts":[],"_links":{"self":[{"href":"https:\/\/eltrabajo.cl\/portal\/wp-json\/wp\/v2\/posts\/48664","targetHints":{"allow":["GET"]}}],"collection":[{"href":"https:\/\/eltrabajo.cl\/portal\/wp-json\/wp\/v2\/posts"}],"about":[{"href":"https:\/\/eltrabajo.cl\/portal\/wp-json\/wp\/v2\/types\/post"}],"author":[{"embeddable":true,"href":"https:\/\/eltrabajo.cl\/portal\/wp-json\/wp\/v2\/users\/482"}],"replies":[{"embeddable":true,"href":"https:\/\/eltrabajo.cl\/portal\/wp-json\/wp\/v2\/comments?post=48664"}],"version-history":[{"count":0,"href":"https:\/\/eltrabajo.cl\/portal\/wp-json\/wp\/v2\/posts\/48664\/revisions"}],"wp:featuredmedia":[{"embeddable":true,"href":"https:\/\/eltrabajo.cl\/portal\/wp-json\/wp\/v2\/media\/48665"}],"wp:attachment":[{"href":"https:\/\/eltrabajo.cl\/portal\/wp-json\/wp\/v2\/media?parent=48664"}],"wp:term":[{"taxonomy":"category","embeddable":true,"href":"https:\/\/eltrabajo.cl\/portal\/wp-json\/wp\/v2\/categories?post=48664"},{"taxonomy":"post_tag","embeddable":true,"href":"https:\/\/eltrabajo.cl\/portal\/wp-json\/wp\/v2\/tags?post=48664"}],"curies":[{"name":"wp","href":"https:\/\/api.w.org\/{rel}","templated":true}]}}