{"id":48667,"date":"2014-07-10T09:09:37","date_gmt":"2014-07-10T13:09:37","guid":{"rendered":"http:\/\/www.eltrabajo.cl\/portal\/?p=48667"},"modified":"2014-07-10T09:09:37","modified_gmt":"2014-07-10T13:09:37","slug":"paciente-regreso-por-su-cuenta-tras-fugarse-del-hospital-psiquiatrico","status":"publish","type":"post","link":"https:\/\/eltrabajo.cl\/portal\/paciente-regreso-por-su-cuenta-tras-fugarse-del-hospital-psiquiatrico\/","title":{"rendered":"Paciente regres\u00f3 por su cuenta tras fugarse del hospital psiqui\u00e1trico"},"content":{"rendered":"<figure id=\"attachment_48668\" aria-describedby=\"caption-attachment-48668\" style=\"width: 529px\" class=\"wp-caption alignnone\"><a href=\"https:\/\/i0.wp.com\/www.eltrabajo.cl\/portal\/wp-content\/uploads\/2014\/07\/Hospital12.jpg\"><img data-recalc-dims=\"1\" loading=\"lazy\" decoding=\"async\" class=\"size-full wp-image-48668\" alt=\"El usuario ingres\u00f3 pasadas las 10:00 horas por la puerta principal del hospital psiqui\u00e1trico, luego de haber permanecido extraviado por m\u00e1s de 24 horas.\" src=\"https:\/\/i0.wp.com\/www.eltrabajo.cl\/portal\/wp-content\/uploads\/2014\/07\/Hospital12.jpg?resize=529%2C401\" width=\"529\" height=\"401\" srcset=\"https:\/\/i0.wp.com\/eltrabajo.cl\/portal\/wp-content\/uploads\/2014\/07\/Hospital12.jpg?w=529&amp;ssl=1 529w, https:\/\/i0.wp.com\/eltrabajo.cl\/portal\/wp-content\/uploads\/2014\/07\/Hospital12.jpg?resize=197%2C150&amp;ssl=1 197w, https:\/\/i0.wp.com\/eltrabajo.cl\/portal\/wp-content\/uploads\/2014\/07\/Hospital12.jpg?resize=300%2C227&amp;ssl=1 300w, https:\/\/i0.wp.com\/eltrabajo.cl\/portal\/wp-content\/uploads\/2014\/07\/Hospital12.jpg?resize=150%2C113&amp;ssl=1 150w, https:\/\/i0.wp.com\/eltrabajo.cl\/portal\/wp-content\/uploads\/2014\/07\/Hospital12.jpg?resize=400%2C303&amp;ssl=1 400w\" sizes=\"auto, (max-width: 529px) 100vw, 529px\" \/><\/a><figcaption id=\"caption-attachment-48668\" class=\"wp-caption-text\">El usuario ingres\u00f3 pasadas las 10:00 horas por la puerta principal del hospital psiqui\u00e1trico, luego de haber permanecido extraviado por m\u00e1s de 24 horas.<\/figcaption><\/figure>\n<p><strong>PUTAENDO.<\/strong>&#8211; En horas de la ma\u00f1ana de este mi\u00e9rcoles, el usuario que hizo abandono de tratamiento durante la ma\u00f1ana del martes y que era intensamente buscado por funcionarios del hospital psiqui\u00e1trico, regres\u00f3 al recinto por sus propios medios. As\u00ed lo confirm\u00f3 la Directora del Phillipe Pinel, Jeanette De la Barrera en contacto telef\u00f3nico con nuestro medio y se\u00f1al\u00f3 que el usuario ingres\u00f3 pasadas las 10:00 horas por la puerta principal del hospital psiqui\u00e1trico, luego de haber permanecido extraviado por m\u00e1s de 24 horas, adem\u00e1s sostuvo que todo indica que probablemente se intern\u00f3 hacia los cerros colindantes al recinto, eso s\u00ed destac\u00f3 que desde el momento en que el usuario hizo abandono de tratamiento se organizaron varios equipos de b\u00fasqueda que incluso rastrearon en horas de la noche los extensos sectores cercanos al Hospital Psiqui\u00e1trico para tratar de ubicar al usuario extraviado.<\/p>\n<p>De la Barrera indic\u00f3 que tal como lo establecen los protocolos, Carabineros fue informado de esta situaci\u00f3n y se hab\u00eda realizado la denuncia correspondiente, por lo que tambi\u00e9n en horas de la ma\u00f1ana de este mi\u00e9rcoles se inform\u00f3 a la polic\u00eda uniformada sobre esta situaci\u00f3n, por lo que trasladaron al usuario hasta el Servicio de Urgencia del Hospital San Antonio para constatar su estado de salud.<\/p>\n<p>La directora del hospital psiqui\u00e1trico se\u00f1al\u00f3 que el usuario que hizo abandono de tratamiento regres\u00f3 en buen estado de salud y en este momento ha reingresado a la unidad correspondiente donde recibi\u00f3 un tratamiento y vigilancia especial, mientras que se ha iniciado una investigaci\u00f3n interna para esclarecer los motivos por los cuales el usuario hizo abandono de su tratamiento y saliera desde el Hospital Psiqui\u00e1trico sin ser advertido.<\/p>\n<p>Patricio Gallardo M.<\/p>\n<p>&nbsp;<\/p>\n","protected":false},"excerpt":{"rendered":"<p>PUTAENDO.&#8211; En horas de la ma\u00f1ana de este mi\u00e9rcoles, el usuario que hizo abandono de tratamiento durante la ma\u00f1ana del martes y que era intensamente buscado por funcionarios del hospital psiqui\u00e1trico, regres\u00f3&#8230;<\/p>\n","protected":false},"author":482,"featured_media":48668,"comment_status":"open","ping_status":"closed","sticky":false,"template":"","format":"standard","meta":{"advanced_seo_description":"","jetpack_seo_html_title":"","jetpack_seo_noindex":false,"_jetpack_memberships_contains_paid_content":false,"footnotes":""},"categories":[15],"tags":[],"class_list":["post-48667","post","type-post","status-publish","format-standard","has-post-thumbnail","hentry","category-comunidad"],"jetpack_featured_media_url":"https:\/\/i0.wp.com\/eltrabajo.cl\/portal\/wp-content\/uploads\/2014\/07\/Hospital12.jpg?fit=529%2C401&ssl=1","jetpack_sharing_enabled":true,"jetpack_likes_enabled":true,"jetpack-related-posts":[],"_links":{"self":[{"href":"https:\/\/eltrabajo.cl\/portal\/wp-json\/wp\/v2\/posts\/48667","targetHints":{"allow":["GET"]}}],"collection":[{"href":"https:\/\/eltrabajo.cl\/portal\/wp-json\/wp\/v2\/posts"}],"about":[{"href":"https:\/\/eltrabajo.cl\/portal\/wp-json\/wp\/v2\/types\/post"}],"author":[{"embeddable":true,"href":"https:\/\/eltrabajo.cl\/portal\/wp-json\/wp\/v2\/users\/482"}],"replies":[{"embeddable":true,"href":"https:\/\/eltrabajo.cl\/portal\/wp-json\/wp\/v2\/comments?post=48667"}],"version-history":[{"count":0,"href":"https:\/\/eltrabajo.cl\/portal\/wp-json\/wp\/v2\/posts\/48667\/revisions"}],"wp:featuredmedia":[{"embeddable":true,"href":"https:\/\/eltrabajo.cl\/portal\/wp-json\/wp\/v2\/media\/48668"}],"wp:attachment":[{"href":"https:\/\/eltrabajo.cl\/portal\/wp-json\/wp\/v2\/media?parent=48667"}],"wp:term":[{"taxonomy":"category","embeddable":true,"href":"https:\/\/eltrabajo.cl\/portal\/wp-json\/wp\/v2\/categories?post=48667"},{"taxonomy":"post_tag","embeddable":true,"href":"https:\/\/eltrabajo.cl\/portal\/wp-json\/wp\/v2\/tags?post=48667"}],"curies":[{"name":"wp","href":"https:\/\/api.w.org\/{rel}","templated":true}]}}