{"id":48670,"date":"2014-07-10T09:10:43","date_gmt":"2014-07-10T13:10:43","guid":{"rendered":"http:\/\/www.eltrabajo.cl\/portal\/?p=48670"},"modified":"2014-07-10T09:10:43","modified_gmt":"2014-07-10T13:10:43","slug":"fundacion-integra-implementa-programa-vacaciones-en-mi-jardin","status":"publish","type":"post","link":"https:\/\/eltrabajo.cl\/portal\/fundacion-integra-implementa-programa-vacaciones-en-mi-jardin\/","title":{"rendered":"Fundaci\u00f3n Integra implementa Programa Vacaciones en mi jard\u00edn"},"content":{"rendered":"<figure id=\"attachment_48671\" aria-describedby=\"caption-attachment-48671\" style=\"width: 529px\" class=\"wp-caption alignnone\"><a href=\"https:\/\/i0.wp.com\/www.eltrabajo.cl\/portal\/wp-content\/uploads\/2014\/07\/Pinturitas1.jpg\"><img data-recalc-dims=\"1\" loading=\"lazy\" decoding=\"async\" class=\"size-full wp-image-48671\" alt=\"Fundaci\u00f3n Integra ha implementado el Programa Vacaciones en mi jard\u00edn, que en Los Andes est\u00e1 funcionando en el Jard\u00edn Infantil Monta\u00f1ita.\" src=\"https:\/\/i0.wp.com\/www.eltrabajo.cl\/portal\/wp-content\/uploads\/2014\/07\/Pinturitas1.jpg?resize=529%2C401\" width=\"529\" height=\"401\" srcset=\"https:\/\/i0.wp.com\/eltrabajo.cl\/portal\/wp-content\/uploads\/2014\/07\/Pinturitas1.jpg?w=529&amp;ssl=1 529w, https:\/\/i0.wp.com\/eltrabajo.cl\/portal\/wp-content\/uploads\/2014\/07\/Pinturitas1.jpg?resize=197%2C150&amp;ssl=1 197w, https:\/\/i0.wp.com\/eltrabajo.cl\/portal\/wp-content\/uploads\/2014\/07\/Pinturitas1.jpg?resize=300%2C227&amp;ssl=1 300w, https:\/\/i0.wp.com\/eltrabajo.cl\/portal\/wp-content\/uploads\/2014\/07\/Pinturitas1.jpg?resize=150%2C113&amp;ssl=1 150w, https:\/\/i0.wp.com\/eltrabajo.cl\/portal\/wp-content\/uploads\/2014\/07\/Pinturitas1.jpg?resize=400%2C303&amp;ssl=1 400w\" sizes=\"auto, (max-width: 529px) 100vw, 529px\" \/><\/a><figcaption id=\"caption-attachment-48671\" class=\"wp-caption-text\">Fundaci\u00f3n Integra ha implementado el Programa Vacaciones en mi jard\u00edn, que en Los Andes est\u00e1 funcionando en el Jard\u00edn Infantil Monta\u00f1ita.<\/figcaption><\/figure>\n<p><strong>LOS ANDES.-<\/strong> Si bien las vacaciones constituyen un periodo de descanso necesario, tambi\u00e9n para los ni\u00f1os hay muchas familias que por su trabajo o situaci\u00f3n de vulnerabilidad, no cuentan con las condiciones de cuidado, protecci\u00f3n, e incluso alimentaci\u00f3n necesarias que requieren sus hijos. Para estas familias, Fundaci\u00f3n Integra ha implementado el Programa Vacaciones en mi jard\u00edn, que en Los Andes est\u00e1 funcionando en el Jard\u00edn Infantil Monta\u00f1ita, atendiendo a un total de 44 ni\u00f1os durante el per\u00edodo de vacaciones de invierno comprendido entre el 7 y el 18 de julio.<\/p>\n<p>La Directora Regional de Fundaci\u00f3n Integra, Paola \u00c1lvarez, explic\u00f3 que \u201cel objetivo de este programa es que los ni\u00f1os se diviertan y disfruten seguros mientras sus padres trabajan. Para ello, las educadoras y agentes educativas a cargo de la atenci\u00f3n estar\u00e1n desarrollando actividades l\u00fadicas con \u00e9nfasis en el bienestar, el juego y la recreaci\u00f3n, permitiendo a los ni\u00f1os disfrutar de un verdadero periodo de vacaciones\u201d, coment\u00f3 \u00c1lvarez.<\/p>\n<p>La autoridad regional inform\u00f3 que a nivel regional el programa est\u00e1 funcionando en ocho establecimientos de educaci\u00f3n parvularia de siete comunas distintas y agreg\u00f3 que \u201cpara su \u00f3ptimo funcionamiento hemos contratado a m\u00e1s de 100 educadoras y t\u00e9cnicas, adem\u00e1s de personal de servicio que estar\u00e1 a cargo del cuidado y el desarrollo de las actividades para nuestros ni\u00f1os. Estos equipos han sido completamente capacitados por nuestra fundaci\u00f3n y estar\u00e1n bajo el apoyo y supervisi\u00f3n de profesionales de nuestra direcci\u00f3n regional\u201d. El programa estar\u00e1 funcionando de lunes a viernes en jornada completa, desde las 08:30 a las 19:30 horas, y contempla la entrega de alimentaci\u00f3n diaria a todos los ni\u00f1os. Para consultas pueden contactarse con la Direcci\u00f3n Regional de Fundaci\u00f3n Integra al Fono: 2264502 \u2013 2264500, o a la l\u00ednea gratuita nacional 800 540 011.<\/p>\n<p>&nbsp;<\/p>\n","protected":false},"excerpt":{"rendered":"<p>LOS ANDES.- Si bien las vacaciones constituyen un periodo de descanso necesario, tambi\u00e9n para los ni\u00f1os hay muchas familias que por su trabajo o situaci\u00f3n de vulnerabilidad, no cuentan con las condiciones&#8230;<\/p>\n","protected":false},"author":482,"featured_media":48671,"comment_status":"open","ping_status":"closed","sticky":false,"template":"","format":"standard","meta":{"advanced_seo_description":"","jetpack_seo_html_title":"","jetpack_seo_noindex":false,"_jetpack_memberships_contains_paid_content":false,"footnotes":""},"categories":[15],"tags":[],"class_list":["post-48670","post","type-post","status-publish","format-standard","has-post-thumbnail","hentry","category-comunidad"],"jetpack_featured_media_url":"https:\/\/i0.wp.com\/eltrabajo.cl\/portal\/wp-content\/uploads\/2014\/07\/Pinturitas1.jpg?fit=529%2C401&ssl=1","jetpack_sharing_enabled":true,"jetpack_likes_enabled":true,"jetpack-related-posts":[],"_links":{"self":[{"href":"https:\/\/eltrabajo.cl\/portal\/wp-json\/wp\/v2\/posts\/48670","targetHints":{"allow":["GET"]}}],"collection":[{"href":"https:\/\/eltrabajo.cl\/portal\/wp-json\/wp\/v2\/posts"}],"about":[{"href":"https:\/\/eltrabajo.cl\/portal\/wp-json\/wp\/v2\/types\/post"}],"author":[{"embeddable":true,"href":"https:\/\/eltrabajo.cl\/portal\/wp-json\/wp\/v2\/users\/482"}],"replies":[{"embeddable":true,"href":"https:\/\/eltrabajo.cl\/portal\/wp-json\/wp\/v2\/comments?post=48670"}],"version-history":[{"count":0,"href":"https:\/\/eltrabajo.cl\/portal\/wp-json\/wp\/v2\/posts\/48670\/revisions"}],"wp:featuredmedia":[{"embeddable":true,"href":"https:\/\/eltrabajo.cl\/portal\/wp-json\/wp\/v2\/media\/48671"}],"wp:attachment":[{"href":"https:\/\/eltrabajo.cl\/portal\/wp-json\/wp\/v2\/media?parent=48670"}],"wp:term":[{"taxonomy":"category","embeddable":true,"href":"https:\/\/eltrabajo.cl\/portal\/wp-json\/wp\/v2\/categories?post=48670"},{"taxonomy":"post_tag","embeddable":true,"href":"https:\/\/eltrabajo.cl\/portal\/wp-json\/wp\/v2\/tags?post=48670"}],"curies":[{"name":"wp","href":"https:\/\/api.w.org\/{rel}","templated":true}]}}