{"id":48674,"date":"2014-07-10T09:13:03","date_gmt":"2014-07-10T13:13:03","guid":{"rendered":"http:\/\/www.eltrabajo.cl\/portal\/?p=48674"},"modified":"2014-07-10T09:13:03","modified_gmt":"2014-07-10T13:13:03","slug":"comienza-reparacion-de-veredas-en-el-centro-de-la-comuna","status":"publish","type":"post","link":"https:\/\/eltrabajo.cl\/portal\/comienza-reparacion-de-veredas-en-el-centro-de-la-comuna\/","title":{"rendered":"Comienza reparaci\u00f3n de veredas en el centro de la comuna"},"content":{"rendered":"<figure id=\"attachment_48675\" aria-describedby=\"caption-attachment-48675\" style=\"width: 529px\" class=\"wp-caption alignnone\"><a href=\"https:\/\/i0.wp.com\/www.eltrabajo.cl\/portal\/wp-content\/uploads\/2014\/07\/Veredas1.jpg\"><img data-recalc-dims=\"1\" loading=\"lazy\" decoding=\"async\" class=\"size-full wp-image-48675\" alt=\"En lo inmediato, estos trabajos permitir\u00e1n reparar los puntos m\u00e1s cr\u00edticos de veredas en mal estado, adem\u00e1s de rebajar y nivelar las diferencias de hasta 8 cent\u00edmetros entre un bloque y otro.\" src=\"https:\/\/i0.wp.com\/www.eltrabajo.cl\/portal\/wp-content\/uploads\/2014\/07\/Veredas1.jpg?resize=529%2C358\" width=\"529\" height=\"358\" srcset=\"https:\/\/i0.wp.com\/eltrabajo.cl\/portal\/wp-content\/uploads\/2014\/07\/Veredas1.jpg?w=529&amp;ssl=1 529w, https:\/\/i0.wp.com\/eltrabajo.cl\/portal\/wp-content\/uploads\/2014\/07\/Veredas1.jpg?resize=200%2C135&amp;ssl=1 200w, https:\/\/i0.wp.com\/eltrabajo.cl\/portal\/wp-content\/uploads\/2014\/07\/Veredas1.jpg?resize=300%2C203&amp;ssl=1 300w, https:\/\/i0.wp.com\/eltrabajo.cl\/portal\/wp-content\/uploads\/2014\/07\/Veredas1.jpg?resize=150%2C101&amp;ssl=1 150w, https:\/\/i0.wp.com\/eltrabajo.cl\/portal\/wp-content\/uploads\/2014\/07\/Veredas1.jpg?resize=400%2C270&amp;ssl=1 400w\" sizes=\"auto, (max-width: 529px) 100vw, 529px\" \/><\/a><figcaption id=\"caption-attachment-48675\" class=\"wp-caption-text\">En lo inmediato, estos trabajos permitir\u00e1n reparar los puntos m\u00e1s cr\u00edticos de veredas en mal estado, adem\u00e1s de rebajar y nivelar las diferencias de hasta 8 cent\u00edmetros entre un bloque y otro.<\/figcaption><\/figure>\n<p><strong>PUTAENDO<\/strong>.- Tal como se hab\u00eda comprometido el Alcalde Guillermo Reyes, la ma\u00f1ana de mi\u00e9rcoles comenzaron los trabajos de reparaci\u00f3n de algunas veredas del centro de la comuna. D\u00edas atr\u00e1s la primera autoridad comunal asegur\u00f3 que se implementar\u00eda una reparaci\u00f3n de los lugares m\u00e1s cr\u00edticos a la espera del proyecto de recambio integral de las veredas del centro de Putaendo.<\/p>\n<p>En este sentido, funcionarios de talleres municipales durante la ma\u00f1ana de este mi\u00e9rcoles comenzaron las reparaciones en Calle Sarmiento y llegaron hasta el frontis de la vivienda, donde comenzaron a reparar la vereda de la se\u00f1ora Carola Toro que sufri\u00f3 una grave lesi\u00f3n tras tropezar producto del mal estado del cemento. V\u00edctor Silva Aranda agradeci\u00f3 el reportaje realizado por Diario El Trabajo y tambi\u00e9n agradeci\u00f3 la prontitud del municipio en dar una respuesta a un requerimiento que desde hace mucho tiempo se hab\u00eda planteado y que no ten\u00eda soluci\u00f3n.<\/p>\n<p>Patricio Gallardo M.<\/p>\n<p>&nbsp;<\/p>\n","protected":false},"excerpt":{"rendered":"<p>PUTAENDO.- Tal como se hab\u00eda comprometido el Alcalde Guillermo Reyes, la ma\u00f1ana de mi\u00e9rcoles comenzaron los trabajos de reparaci\u00f3n de algunas veredas del centro de la comuna. D\u00edas atr\u00e1s la primera autoridad&#8230;<\/p>\n","protected":false},"author":482,"featured_media":48675,"comment_status":"open","ping_status":"closed","sticky":false,"template":"","format":"standard","meta":{"advanced_seo_description":"","jetpack_seo_html_title":"","jetpack_seo_noindex":false,"_jetpack_memberships_contains_paid_content":false,"footnotes":""},"categories":[15],"tags":[],"class_list":["post-48674","post","type-post","status-publish","format-standard","has-post-thumbnail","hentry","category-comunidad"],"jetpack_featured_media_url":"https:\/\/i0.wp.com\/eltrabajo.cl\/portal\/wp-content\/uploads\/2014\/07\/Veredas1.jpg?fit=529%2C358&ssl=1","jetpack_sharing_enabled":true,"jetpack_likes_enabled":true,"jetpack-related-posts":[],"_links":{"self":[{"href":"https:\/\/eltrabajo.cl\/portal\/wp-json\/wp\/v2\/posts\/48674","targetHints":{"allow":["GET"]}}],"collection":[{"href":"https:\/\/eltrabajo.cl\/portal\/wp-json\/wp\/v2\/posts"}],"about":[{"href":"https:\/\/eltrabajo.cl\/portal\/wp-json\/wp\/v2\/types\/post"}],"author":[{"embeddable":true,"href":"https:\/\/eltrabajo.cl\/portal\/wp-json\/wp\/v2\/users\/482"}],"replies":[{"embeddable":true,"href":"https:\/\/eltrabajo.cl\/portal\/wp-json\/wp\/v2\/comments?post=48674"}],"version-history":[{"count":0,"href":"https:\/\/eltrabajo.cl\/portal\/wp-json\/wp\/v2\/posts\/48674\/revisions"}],"wp:featuredmedia":[{"embeddable":true,"href":"https:\/\/eltrabajo.cl\/portal\/wp-json\/wp\/v2\/media\/48675"}],"wp:attachment":[{"href":"https:\/\/eltrabajo.cl\/portal\/wp-json\/wp\/v2\/media?parent=48674"}],"wp:term":[{"taxonomy":"category","embeddable":true,"href":"https:\/\/eltrabajo.cl\/portal\/wp-json\/wp\/v2\/categories?post=48674"},{"taxonomy":"post_tag","embeddable":true,"href":"https:\/\/eltrabajo.cl\/portal\/wp-json\/wp\/v2\/tags?post=48674"}],"curies":[{"name":"wp","href":"https:\/\/api.w.org\/{rel}","templated":true}]}}