{"id":48677,"date":"2014-07-10T09:16:14","date_gmt":"2014-07-10T13:16:14","guid":{"rendered":"http:\/\/www.eltrabajo.cl\/portal\/?p=48677"},"modified":"2014-07-10T09:16:14","modified_gmt":"2014-07-10T13:16:14","slug":"realizan-la-primera-escuela-provincial-de-dirigentes-mayores","status":"publish","type":"post","link":"https:\/\/eltrabajo.cl\/portal\/realizan-la-primera-escuela-provincial-de-dirigentes-mayores\/","title":{"rendered":"Realizan la primera Escuela Provincial de Dirigentes Mayores"},"content":{"rendered":"<figure id=\"attachment_48678\" aria-describedby=\"caption-attachment-48678\" style=\"width: 529px\" class=\"wp-caption alignnone\"><a href=\"https:\/\/i0.wp.com\/www.eltrabajo.cl\/portal\/wp-content\/uploads\/2014\/07\/Abuelos11.jpg\"><img data-recalc-dims=\"1\" loading=\"lazy\" decoding=\"async\" class=\"size-full wp-image-48678\" alt=\"Los adultos mayores de las cuatro comunas de Los Andes participaron en esta actividad, en la que reciben una gran cantidad de informaciones.\" src=\"https:\/\/i0.wp.com\/www.eltrabajo.cl\/portal\/wp-content\/uploads\/2014\/07\/Abuelos11.jpg?resize=529%2C347\" width=\"529\" height=\"347\" srcset=\"https:\/\/i0.wp.com\/eltrabajo.cl\/portal\/wp-content\/uploads\/2014\/07\/Abuelos11.jpg?w=529&amp;ssl=1 529w, https:\/\/i0.wp.com\/eltrabajo.cl\/portal\/wp-content\/uploads\/2014\/07\/Abuelos11.jpg?resize=200%2C131&amp;ssl=1 200w, https:\/\/i0.wp.com\/eltrabajo.cl\/portal\/wp-content\/uploads\/2014\/07\/Abuelos11.jpg?resize=300%2C196&amp;ssl=1 300w, https:\/\/i0.wp.com\/eltrabajo.cl\/portal\/wp-content\/uploads\/2014\/07\/Abuelos11.jpg?resize=150%2C98&amp;ssl=1 150w, https:\/\/i0.wp.com\/eltrabajo.cl\/portal\/wp-content\/uploads\/2014\/07\/Abuelos11.jpg?resize=400%2C262&amp;ssl=1 400w\" sizes=\"auto, (max-width: 529px) 100vw, 529px\" \/><\/a><figcaption id=\"caption-attachment-48678\" class=\"wp-caption-text\">Los adultos mayores de las cuatro comunas de Los Andes participaron en esta actividad, en la que reciben una gran cantidad de informaciones.<\/figcaption><\/figure>\n<p><strong>CALLE LARGA<\/strong>.- En dependencias del Centro Cultural Presidente Pedro Aguirre Cerda, se realiz\u00f3 la Primera Escuela Provincial de Dirigentes Mayores de Los Andes, actividad que cont\u00f3 con la participaci\u00f3n de m\u00e1s de 90 adultos mayores y dirigentes de diversas agrupaciones sociales de la provincia. Esta actividad que fue organizada por el Servicio Nacional del Adulto Mayor, Senama, Regi\u00f3n de Valpara\u00edso, la Gobernaci\u00f3n de Los Andes y que cont\u00f3 con el apoyo de la Municipalidad de Calle Larga, tuvo por objetivo capacitar a los dirigentes sobre tem\u00e1ticas relacionadas con su labor en las diversas agrupaciones sociales.<\/p>\n<p>Sergio Jara Molina, encargado de programas del Senama, Regi\u00f3n de Valpara\u00edso, explic\u00f3 la importancia de esta actividad. \u201cEstamos realizando la Primera Escuela Provincial de Dirigentes Mayores de Los Andes, actividad que se enmarca dentro del programa de participaci\u00f3n de nuestro servicio y lo que se busca es entregar herramientas a los adultos mayores l\u00edderes de sus organizaciones para que ellos puedan traspasar estos conocimientos a los socios de sus organizaciones e ir empoderando cada vez m\u00e1s el liderazgo de los adultos mayores en nuestra comunidad\u201d, sostuvo Jara.<\/p>\n<p>Por su parte el Alcalde Nelson Venegas, apoy\u00f3 la realizaci\u00f3n de estas importantes iniciativas en la comuna. \u201cPara nosotros es gratificante que los adultos mayores no s\u00f3lo de Calle Larga, sino que tambi\u00e9n de otras comunas puedan reunirse en el Centro Cultural Presidente Pedro Aguirre Cerda, sobre todo para tratar temas sumamente importantes como los derechos de los adultos mayores, todo lo que tiene que ver con vivienda de los adultos mayores. Siempre lo hemos se\u00f1alado, este pa\u00eds no le ha respondido a los adultos mayores como corresponde, en alguna medida lo que queremos hacer es revertir esta situaci\u00f3n y si podemos revertir en algo esta situaci\u00f3n, lo vamos a hacer porque ellos se lo merecen\u201d, sostuvo el alcalde de Calle Larga.<\/p>\n<p>Tambi\u00e9n la Gobernadora de Los Andes, Mar\u00eda Victoria Rodr\u00edguez, destac\u00f3 la importante participaci\u00f3n de adultos mayores en \u00e9sta actividad.<\/p>\n<p>\u201cEs sumamente importante que los adultos mayores de las cuatro comunas de Los Andes participen en esta actividad, en la que reciben una gran cantidad de informaciones. Es s\u00faper importante que ellos se capaciten ya que de ser un grupo pasivo, en la actualidad son sumamente activos en el desarrollo local, por lo tanto es sumamente importante que se capaciten para que sigan aportando a nuestras comunidades\u201d, destac\u00f3 la gobernadora.<\/p>\n<div class=\"tiled-gallery type-rectangular tiled-gallery-unresized\" data-original-width=\"640\" data-carousel-extra='null' itemscope itemtype=\"http:\/\/schema.org\/ImageGallery\" > <div class=\"gallery-row\" style=\"width: 640px; height: 215px;\" data-original-width=\"640\" data-original-height=\"215\" > <div class=\"gallery-group images-1\" style=\"width: 398px; height: 215px;\" data-original-width=\"398\" data-original-height=\"215\" > <div class=\"tiled-gallery-item tiled-gallery-item-large\" itemprop=\"associatedMedia\" itemscope itemtype=\"http:\/\/schema.org\/ImageObject\"> <a href=\"https:\/\/eltrabajo.cl\/portal\/realizan-la-primera-escuela-provincial-de-dirigentes-mayores\/abuelos2-5\/\" border=\"0\" itemprop=\"url\"> <meta itemprop=\"width\" content=\"394\"> <meta itemprop=\"height\" content=\"211\"> <img decoding=\"async\" class=\"\" data-attachment-id=\"48679\" data-orig-file=\"https:\/\/eltrabajo.cl\/portal\/wp-content\/uploads\/2014\/07\/Abuelos2.jpg\" data-orig-size=\"528,283\" data-comments-opened=\"1\" data-image-meta=\"{&quot;aperture&quot;:&quot;0&quot;,&quot;credit&quot;:&quot;&quot;,&quot;camera&quot;:&quot;&quot;,&quot;caption&quot;:&quot;&quot;,&quot;created_timestamp&quot;:&quot;0&quot;,&quot;copyright&quot;:&quot;&quot;,&quot;focal_length&quot;:&quot;0&quot;,&quot;iso&quot;:&quot;0&quot;,&quot;shutter_speed&quot;:&quot;0&quot;,&quot;title&quot;:&quot;&quot;}\" data-image-title=\"Abuelos2\" data-image-description=\"&lt;p&gt;Esta actividad que cont\u00f3 con la participaci\u00f3n de m\u00e1s de 90 adultos mayores y dirigentes de diversas agrupaciones sociales de la provincia.&lt;\/p&gt; \" data-medium-file=\"https:\/\/i0.wp.com\/eltrabajo.cl\/portal\/wp-content\/uploads\/2014\/07\/Abuelos2.jpg?fit=300%2C160&#038;ssl=1\" data-large-file=\"https:\/\/i0.wp.com\/eltrabajo.cl\/portal\/wp-content\/uploads\/2014\/07\/Abuelos2.jpg?fit=528%2C283&#038;ssl=1\" src=\"https:\/\/i0.wp.com\/eltrabajo.cl\/portal\/wp-content\/uploads\/2014\/07\/Abuelos2.jpg?w=394&#038;h=211&#038;ssl=1\" srcset=\"https:\/\/i0.wp.com\/eltrabajo.cl\/portal\/wp-content\/uploads\/2014\/07\/Abuelos2.jpg?w=528&amp;ssl=1 528w, https:\/\/i0.wp.com\/eltrabajo.cl\/portal\/wp-content\/uploads\/2014\/07\/Abuelos2.jpg?resize=200%2C107&amp;ssl=1 200w, https:\/\/i0.wp.com\/eltrabajo.cl\/portal\/wp-content\/uploads\/2014\/07\/Abuelos2.jpg?resize=300%2C160&amp;ssl=1 300w, https:\/\/i0.wp.com\/eltrabajo.cl\/portal\/wp-content\/uploads\/2014\/07\/Abuelos2.jpg?resize=150%2C80&amp;ssl=1 150w, https:\/\/i0.wp.com\/eltrabajo.cl\/portal\/wp-content\/uploads\/2014\/07\/Abuelos2.jpg?resize=400%2C214&amp;ssl=1 400w\" width=\"394\" height=\"211\" loading=\"lazy\" data-original-width=\"394\" data-original-height=\"211\" itemprop=\"http:\/\/schema.org\/image\" title=\"Abuelos2\" alt=\"Esta actividad que cont\u00f3 con la participaci\u00f3n de m\u00e1s de 90 adultos mayores y dirigentes de diversas agrupaciones sociales de la provincia.\" style=\"width: 394px; height: 211px;\" \/> <\/a> <div class=\"tiled-gallery-caption\" itemprop=\"caption description\"> Esta actividad que cont\u00f3 con la participaci\u00f3n de m\u00e1s de 90 adultos mayores y dirigentes de diversas agrupaciones sociales de la provincia. <\/div> <\/div> <\/div> <!-- close group --> <div class=\"gallery-group images-1\" style=\"width: 242px; height: 215px;\" data-original-width=\"242\" data-original-height=\"215\" > <div class=\"tiled-gallery-item tiled-gallery-item-small\" itemprop=\"associatedMedia\" itemscope itemtype=\"http:\/\/schema.org\/ImageObject\"> <a href=\"https:\/\/eltrabajo.cl\/portal\/realizan-la-primera-escuela-provincial-de-dirigentes-mayores\/sergio-jara\/\" border=\"0\" itemprop=\"url\"> <meta itemprop=\"width\" content=\"238\"> <meta itemprop=\"height\" content=\"211\"> <img decoding=\"async\" class=\"\" data-attachment-id=\"48680\" data-orig-file=\"https:\/\/eltrabajo.cl\/portal\/wp-content\/uploads\/2014\/07\/sergio-jara.jpg\" data-orig-size=\"529,470\" data-comments-opened=\"1\" data-image-meta=\"{&quot;aperture&quot;:&quot;0&quot;,&quot;credit&quot;:&quot;&quot;,&quot;camera&quot;:&quot;&quot;,&quot;caption&quot;:&quot;&quot;,&quot;created_timestamp&quot;:&quot;0&quot;,&quot;copyright&quot;:&quot;&quot;,&quot;focal_length&quot;:&quot;0&quot;,&quot;iso&quot;:&quot;0&quot;,&quot;shutter_speed&quot;:&quot;0&quot;,&quot;title&quot;:&quot;&quot;}\" data-image-title=\"sergio jara\" data-image-description=\"&lt;p&gt;Sergio Jara Molina, encargado de programas del Senama, Regi\u00f3n de Valpara\u00edso.&lt;\/p&gt; \" data-medium-file=\"https:\/\/i0.wp.com\/eltrabajo.cl\/portal\/wp-content\/uploads\/2014\/07\/sergio-jara.jpg?fit=300%2C266&#038;ssl=1\" data-large-file=\"https:\/\/i0.wp.com\/eltrabajo.cl\/portal\/wp-content\/uploads\/2014\/07\/sergio-jara.jpg?fit=529%2C470&#038;ssl=1\" src=\"https:\/\/i0.wp.com\/eltrabajo.cl\/portal\/wp-content\/uploads\/2014\/07\/sergio-jara.jpg?w=238&#038;h=211&#038;ssl=1\" srcset=\"https:\/\/i0.wp.com\/eltrabajo.cl\/portal\/wp-content\/uploads\/2014\/07\/sergio-jara.jpg?w=529&amp;ssl=1 529w, https:\/\/i0.wp.com\/eltrabajo.cl\/portal\/wp-content\/uploads\/2014\/07\/sergio-jara.jpg?resize=168%2C150&amp;ssl=1 168w, https:\/\/i0.wp.com\/eltrabajo.cl\/portal\/wp-content\/uploads\/2014\/07\/sergio-jara.jpg?resize=300%2C266&amp;ssl=1 300w, https:\/\/i0.wp.com\/eltrabajo.cl\/portal\/wp-content\/uploads\/2014\/07\/sergio-jara.jpg?resize=150%2C133&amp;ssl=1 150w, https:\/\/i0.wp.com\/eltrabajo.cl\/portal\/wp-content\/uploads\/2014\/07\/sergio-jara.jpg?resize=400%2C355&amp;ssl=1 400w\" width=\"238\" height=\"211\" loading=\"lazy\" data-original-width=\"238\" data-original-height=\"211\" itemprop=\"http:\/\/schema.org\/image\" title=\"sergio jara\" alt=\"Sergio Jara Molina, encargado de programas del Senama, Regi\u00f3n de Valpara\u00edso.\" style=\"width: 238px; height: 211px;\" \/> <\/a> <div class=\"tiled-gallery-caption\" itemprop=\"caption description\"> Sergio Jara Molina, encargado de programas del Senama, Regi\u00f3n de Valpara\u00edso. <\/div> <\/div> <\/div> <!-- close group --> <\/div> <!-- close row --> <\/div>\n","protected":false},"excerpt":{"rendered":"<p>CALLE LARGA.- En dependencias del Centro Cultural Presidente Pedro Aguirre Cerda, se realiz\u00f3 la Primera Escuela Provincial de Dirigentes Mayores de Los Andes, actividad que cont\u00f3 con la participaci\u00f3n de m\u00e1s de&#8230;<\/p>\n","protected":false},"author":482,"featured_media":48678,"comment_status":"open","ping_status":"closed","sticky":false,"template":"","format":"standard","meta":{"advanced_seo_description":"","jetpack_seo_html_title":"","jetpack_seo_noindex":false,"_jetpack_memberships_contains_paid_content":false,"footnotes":""},"categories":[15],"tags":[],"class_list":["post-48677","post","type-post","status-publish","format-standard","has-post-thumbnail","hentry","category-comunidad"],"jetpack_featured_media_url":"https:\/\/i0.wp.com\/eltrabajo.cl\/portal\/wp-content\/uploads\/2014\/07\/Abuelos11.jpg?fit=529%2C347&ssl=1","jetpack_sharing_enabled":true,"jetpack_likes_enabled":true,"jetpack-related-posts":[],"_links":{"self":[{"href":"https:\/\/eltrabajo.cl\/portal\/wp-json\/wp\/v2\/posts\/48677","targetHints":{"allow":["GET"]}}],"collection":[{"href":"https:\/\/eltrabajo.cl\/portal\/wp-json\/wp\/v2\/posts"}],"about":[{"href":"https:\/\/eltrabajo.cl\/portal\/wp-json\/wp\/v2\/types\/post"}],"author":[{"embeddable":true,"href":"https:\/\/eltrabajo.cl\/portal\/wp-json\/wp\/v2\/users\/482"}],"replies":[{"embeddable":true,"href":"https:\/\/eltrabajo.cl\/portal\/wp-json\/wp\/v2\/comments?post=48677"}],"version-history":[{"count":0,"href":"https:\/\/eltrabajo.cl\/portal\/wp-json\/wp\/v2\/posts\/48677\/revisions"}],"wp:featuredmedia":[{"embeddable":true,"href":"https:\/\/eltrabajo.cl\/portal\/wp-json\/wp\/v2\/media\/48678"}],"wp:attachment":[{"href":"https:\/\/eltrabajo.cl\/portal\/wp-json\/wp\/v2\/media?parent=48677"}],"wp:term":[{"taxonomy":"category","embeddable":true,"href":"https:\/\/eltrabajo.cl\/portal\/wp-json\/wp\/v2\/categories?post=48677"},{"taxonomy":"post_tag","embeddable":true,"href":"https:\/\/eltrabajo.cl\/portal\/wp-json\/wp\/v2\/tags?post=48677"}],"curies":[{"name":"wp","href":"https:\/\/api.w.org\/{rel}","templated":true}]}}