{"id":48686,"date":"2014-07-10T09:18:43","date_gmt":"2014-07-10T13:18:43","guid":{"rendered":"http:\/\/www.eltrabajo.cl\/portal\/?p=48686"},"modified":"2014-07-10T09:18:43","modified_gmt":"2014-07-10T13:18:43","slug":"cuenta-cuentos-sorprende-a-usuarios-del-san-camilo","status":"publish","type":"post","link":"https:\/\/eltrabajo.cl\/portal\/cuenta-cuentos-sorprende-a-usuarios-del-san-camilo\/","title":{"rendered":"Cuenta-cuentos sorprende a usuarios del San Camilo"},"content":{"rendered":"<figure id=\"attachment_48687\" aria-describedby=\"caption-attachment-48687\" style=\"width: 529px\" class=\"wp-caption alignnone\"><a href=\"https:\/\/i0.wp.com\/www.eltrabajo.cl\/portal\/wp-content\/uploads\/2014\/07\/Bravo1.jpg\"><img data-recalc-dims=\"1\" loading=\"lazy\" decoding=\"async\" class=\"size-full wp-image-48687\" alt=\"USUARIOS SORPRENDIDOS.- Este proyecto es parte del programa del Consejo Nacional de la Cultura y la Artes de la V Regi\u00f3n y busca fomentar el h\u00e1bito de lectura tanto en ni\u00f1os como en adultos.\" src=\"https:\/\/i0.wp.com\/www.eltrabajo.cl\/portal\/wp-content\/uploads\/2014\/07\/Bravo1.jpg?resize=529%2C369\" width=\"529\" height=\"369\" srcset=\"https:\/\/i0.wp.com\/eltrabajo.cl\/portal\/wp-content\/uploads\/2014\/07\/Bravo1.jpg?w=529&amp;ssl=1 529w, https:\/\/i0.wp.com\/eltrabajo.cl\/portal\/wp-content\/uploads\/2014\/07\/Bravo1.jpg?resize=200%2C139&amp;ssl=1 200w, https:\/\/i0.wp.com\/eltrabajo.cl\/portal\/wp-content\/uploads\/2014\/07\/Bravo1.jpg?resize=300%2C209&amp;ssl=1 300w, https:\/\/i0.wp.com\/eltrabajo.cl\/portal\/wp-content\/uploads\/2014\/07\/Bravo1.jpg?resize=150%2C104&amp;ssl=1 150w, https:\/\/i0.wp.com\/eltrabajo.cl\/portal\/wp-content\/uploads\/2014\/07\/Bravo1.jpg?resize=400%2C279&amp;ssl=1 400w\" sizes=\"auto, (max-width: 529px) 100vw, 529px\" \/><\/a><figcaption id=\"caption-attachment-48687\" class=\"wp-caption-text\">USUARIOS SORPRENDIDOS.- Este proyecto es parte del programa del Consejo Nacional de la Cultura y la Artes de la V Regi\u00f3n y busca fomentar el h\u00e1bito de lectura tanto en ni\u00f1os como en adultos.<\/figcaption><\/figure>\n<p>Gratamente agradecidos se mostraron los usuarios del Hospital San Camilo, luego de que mientras esperaban su atenci\u00f3n en los diversos policl\u00ednicos, fueran sorprendidos por una verdadera \u2018cuenta-cuentos\u2019, la actriz Claudia Bravo, quien luego de presentarse comenzaba a relatarles una entretenida historia de fantas\u00eda que sin darse cuenta, les hac\u00eda la espera m\u00e1s agradable y placentera.<\/p>\n<p>El proyecto es parte del Plan de Fomento Lector de la Direcci\u00f3n Regional del Consejo de la Cultura y las Artes, el cual busca de manera l\u00fadica fomentar el h\u00e1bito de la lectura tanto en ni\u00f1os como en adultos. De esta manera, la \u2018cuenta-cuentos\u2019 seguir\u00e1 visitando las dependencias del Hospital San Camilo de aqu\u00ed hasta diciembre, sorprendiendo a los usuarios de las salas de espera e incluso a los pacientes hospitalizados, ya que como una verdadera profesional, tiene \u2018cuento para rato\u2019.<\/p>\n<figure id=\"attachment_48688\" aria-describedby=\"caption-attachment-48688\" style=\"width: 423px\" class=\"wp-caption alignright\"><a href=\"https:\/\/i0.wp.com\/www.eltrabajo.cl\/portal\/wp-content\/uploads\/2014\/07\/Bravo2.jpg\"><img data-recalc-dims=\"1\" loading=\"lazy\" decoding=\"async\" class=\" wp-image-48688 \" alt=\"BRILLANTE FUERZA HISTRIONAL.- La actriz Claudia Bravo, quien luego de presentarse hizo de las suyas en las salas de espera del Hospital San Camilo.\" src=\"https:\/\/i0.wp.com\/www.eltrabajo.cl\/portal\/wp-content\/uploads\/2014\/07\/Bravo2.jpg?resize=423%2C244\" width=\"423\" height=\"244\" srcset=\"https:\/\/i0.wp.com\/eltrabajo.cl\/portal\/wp-content\/uploads\/2014\/07\/Bravo2.jpg?w=529&amp;ssl=1 529w, https:\/\/i0.wp.com\/eltrabajo.cl\/portal\/wp-content\/uploads\/2014\/07\/Bravo2.jpg?resize=200%2C115&amp;ssl=1 200w, https:\/\/i0.wp.com\/eltrabajo.cl\/portal\/wp-content\/uploads\/2014\/07\/Bravo2.jpg?resize=300%2C172&amp;ssl=1 300w, https:\/\/i0.wp.com\/eltrabajo.cl\/portal\/wp-content\/uploads\/2014\/07\/Bravo2.jpg?resize=150%2C86&amp;ssl=1 150w, https:\/\/i0.wp.com\/eltrabajo.cl\/portal\/wp-content\/uploads\/2014\/07\/Bravo2.jpg?resize=400%2C230&amp;ssl=1 400w\" sizes=\"auto, (max-width: 423px) 100vw, 423px\" \/><\/a><figcaption id=\"caption-attachment-48688\" class=\"wp-caption-text\">BRILLANTE FUERZA HISTRIONAL.- La actriz Claudia Bravo, quien luego de presentarse hizo de las suyas en las salas de espera del Hospital San Camilo.<\/figcaption><\/figure>\n<p>\u201cNosotros agradecemos enormemente este regalo del Consejo de Cultura, ya que no es la primera intervenci\u00f3n que realiza en nuestro establecimiento, pudiendo agradar a personas que muchas veces est\u00e1n pasando momentos ingratos, y a la vez fomentando la lectura, pudiendo darnos la oportunidad de entregar una atenci\u00f3n amena y humanizada a nuestros usuarios\u201d, asegur\u00f3 el Director del Hospital San Camilo, Dr. N\u00e9stor Irribarra.<\/p>\n<p>Y es que desde hace a\u00f1os, existe un acuerdo entre ambas entidades que se ha traducido en el regalo de bibliotecas para Pediatr\u00eda y para las salas de espera, as\u00ed como tambi\u00e9n a trav\u00e9s de la visita de una compa\u00f1\u00eda de teatro que tambi\u00e9n incentivaba la lectura de los ni\u00f1os de manera l\u00fadica y formativa.<\/p>\n<p>&nbsp;<\/p>\n","protected":false},"excerpt":{"rendered":"<p>Gratamente agradecidos se mostraron los usuarios del Hospital San Camilo, luego de que mientras esperaban su atenci\u00f3n en los diversos policl\u00ednicos, fueran sorprendidos por una verdadera \u2018cuenta-cuentos\u2019, la actriz Claudia Bravo, quien&#8230;<\/p>\n","protected":false},"author":482,"featured_media":48687,"comment_status":"open","ping_status":"closed","sticky":false,"template":"","format":"standard","meta":{"advanced_seo_description":"","jetpack_seo_html_title":"","jetpack_seo_noindex":false,"_jetpack_memberships_contains_paid_content":false,"footnotes":""},"categories":[15],"tags":[],"class_list":["post-48686","post","type-post","status-publish","format-standard","has-post-thumbnail","hentry","category-comunidad"],"jetpack_featured_media_url":"https:\/\/i0.wp.com\/eltrabajo.cl\/portal\/wp-content\/uploads\/2014\/07\/Bravo1.jpg?fit=529%2C369&ssl=1","jetpack_sharing_enabled":true,"jetpack_likes_enabled":true,"jetpack-related-posts":[],"_links":{"self":[{"href":"https:\/\/eltrabajo.cl\/portal\/wp-json\/wp\/v2\/posts\/48686","targetHints":{"allow":["GET"]}}],"collection":[{"href":"https:\/\/eltrabajo.cl\/portal\/wp-json\/wp\/v2\/posts"}],"about":[{"href":"https:\/\/eltrabajo.cl\/portal\/wp-json\/wp\/v2\/types\/post"}],"author":[{"embeddable":true,"href":"https:\/\/eltrabajo.cl\/portal\/wp-json\/wp\/v2\/users\/482"}],"replies":[{"embeddable":true,"href":"https:\/\/eltrabajo.cl\/portal\/wp-json\/wp\/v2\/comments?post=48686"}],"version-history":[{"count":0,"href":"https:\/\/eltrabajo.cl\/portal\/wp-json\/wp\/v2\/posts\/48686\/revisions"}],"wp:featuredmedia":[{"embeddable":true,"href":"https:\/\/eltrabajo.cl\/portal\/wp-json\/wp\/v2\/media\/48687"}],"wp:attachment":[{"href":"https:\/\/eltrabajo.cl\/portal\/wp-json\/wp\/v2\/media?parent=48686"}],"wp:term":[{"taxonomy":"category","embeddable":true,"href":"https:\/\/eltrabajo.cl\/portal\/wp-json\/wp\/v2\/categories?post=48686"},{"taxonomy":"post_tag","embeddable":true,"href":"https:\/\/eltrabajo.cl\/portal\/wp-json\/wp\/v2\/tags?post=48686"}],"curies":[{"name":"wp","href":"https:\/\/api.w.org\/{rel}","templated":true}]}}