{"id":48702,"date":"2014-07-10T09:30:22","date_gmt":"2014-07-10T13:30:22","guid":{"rendered":"http:\/\/www.eltrabajo.cl\/portal\/?p=48702"},"modified":"2014-07-10T09:30:22","modified_gmt":"2014-07-10T13:30:22","slug":"ducto-danado-tiene-a-vecinos-viviendo-a-puertas-cerradas-por-mal-olor","status":"publish","type":"post","link":"https:\/\/eltrabajo.cl\/portal\/ducto-danado-tiene-a-vecinos-viviendo-a-puertas-cerradas-por-mal-olor\/","title":{"rendered":"Ducto da\u00f1ado tiene a vecinos viviendo a puertas cerradas por mal olor"},"content":{"rendered":"<figure id=\"attachment_48703\" aria-describedby=\"caption-attachment-48703\" style=\"width: 529px\" class=\"wp-caption alignnone\"><a href=\"https:\/\/i0.wp.com\/www.eltrabajo.cl\/portal\/wp-content\/uploads\/2014\/07\/Caca1.jpg\"><img data-recalc-dims=\"1\" loading=\"lazy\" decoding=\"async\" class=\"size-full wp-image-48703\" alt=\"PESTILENCIA.- La situaci\u00f3n es sumamente grave, sobre todo con las altas temperaturas registradas en los \u00faltimos d\u00edas, lo que ha obligado a que en su casa tengan que estar pr\u00e1cticamente con las ventanas y puertas cerradas.\" src=\"https:\/\/i0.wp.com\/www.eltrabajo.cl\/portal\/wp-content\/uploads\/2014\/07\/Caca1.jpg?resize=529%2C358\" width=\"529\" height=\"358\" srcset=\"https:\/\/i0.wp.com\/eltrabajo.cl\/portal\/wp-content\/uploads\/2014\/07\/Caca1.jpg?w=529&amp;ssl=1 529w, https:\/\/i0.wp.com\/eltrabajo.cl\/portal\/wp-content\/uploads\/2014\/07\/Caca1.jpg?resize=200%2C135&amp;ssl=1 200w, https:\/\/i0.wp.com\/eltrabajo.cl\/portal\/wp-content\/uploads\/2014\/07\/Caca1.jpg?resize=300%2C203&amp;ssl=1 300w, https:\/\/i0.wp.com\/eltrabajo.cl\/portal\/wp-content\/uploads\/2014\/07\/Caca1.jpg?resize=150%2C101&amp;ssl=1 150w, https:\/\/i0.wp.com\/eltrabajo.cl\/portal\/wp-content\/uploads\/2014\/07\/Caca1.jpg?resize=400%2C270&amp;ssl=1 400w\" sizes=\"auto, (max-width: 529px) 100vw, 529px\" \/><\/a><figcaption id=\"caption-attachment-48703\" class=\"wp-caption-text\">PESTILENCIA.- La situaci\u00f3n es sumamente grave, sobre todo con las altas temperaturas registradas en los \u00faltimos d\u00edas, lo que ha obligado a que en su casa tengan que estar pr\u00e1cticamente con las ventanas y puertas cerradas.<\/figcaption><\/figure>\n<p><strong>PUTAENDO.<\/strong>&#8211; Una preocupante situaci\u00f3n que podr\u00eda generar un inconveniente sanitario est\u00e1n viviendo los vecinos de Cerro El Llano, luego que un ducto que transporta las aguas servidas se rompiera y estos l\u00edquidos comenzaron a escurrir cerro abajo al costado de algunas viviendas.<\/p>\n<p>Fernando Irarr\u00e1zabal, Presidente de la Junta de Vecinos de El Llano, asegur\u00f3 que hace m\u00e1s de un mes se percataron que el ducto que transporta las aguas servidas desde la parte alta de Cerro El Llano hasta el alcantarillado se rompi\u00f3 y comenzaron a escurrir estas aguas servidas, lo que afecta a varios vecinos producto de los malos olores y la humedad que est\u00e1 generando en los cimientos de un domicilio.<\/p>\n<p>El dirigente adem\u00e1s sostuvo que las aguas servidas han comenzado a escurrir cerro abajo, aunque aclar\u00f3 que afortunadamente en esa parte del cerro no existen viviendas, de todas maneras el olor que generan las aguas servidas es insoportable, incluso en horas de la noche. Frente a esta situaci\u00f3n, Irarr\u00e1zabal indic\u00f3 que realiz\u00f3 el reclamo en la oficina de Esval en Putaendo a principios del mes pasado, pero que hasta la fecha no le han entregado una soluci\u00f3n a pesar que en dos ocasiones representantes de Esval llegaron al lugar a verificar la situaci\u00f3n.<\/p>\n<p>Gloria Henr\u00edquez es propietaria de la vivienda que colinda justamente con el lugar donde est\u00e1 la rotura y asegur\u00f3 que la situaci\u00f3n es sumamente grave, sobre todo con las altas temperaturas registradas en los \u00faltimos d\u00edas, lo que ha obligado a que en su casa tengan que estar pr\u00e1cticamente con las ventanas y puertas cerradas y han debido invertir una no despreciable suma de dinero en desodorantes ambientales, ya que seg\u00fan sus palabras \u201cel olor a mierda hace imposible llevar una vida normal en mi casa y esto tambi\u00e9n afecta a mis vecinos\u201d, puntualiz\u00f3.<\/p>\n<p><strong>ESVAL RESPONDE<\/strong><\/p>\n<p>Con la finalidad de no tan s\u00f3lo informar de este hecho sino de ayudar a buscar una soluci\u00f3n, contactamos telef\u00f3nicamente al Gerente Zonal de Esval, Alejandro Romero, quien luego de recabar los antecedentes nos indic\u00f3 que independiente que el ducto que transporta las aguas servidas desde El Llano hasta el alcantarillado corresponda o no a Esval y entendiendo que se trata de un tema sanitario que pone en riesgo la salud de los vecinos, ha ordenado que en forma inmediata y no m\u00e1s all\u00e1 de 24 horas, personal especializado de Esval se traslade al lugar para reparar el ducto que est\u00e1 originando este inconveniente sanitario.<\/p>\n<p>Patricio Gallardo M.<\/p>\n<div class=\"tiled-gallery type-rectangular tiled-gallery-unresized\" data-original-width=\"640\" data-carousel-extra='null' itemscope itemtype=\"http:\/\/schema.org\/ImageGallery\" > <div class=\"gallery-row\" style=\"width: 640px; height: 294px;\" data-original-width=\"640\" data-original-height=\"294\" > <div class=\"gallery-group images-1\" style=\"width: 308px; height: 294px;\" data-original-width=\"308\" data-original-height=\"294\" > <div class=\"tiled-gallery-item tiled-gallery-item-large\" itemprop=\"associatedMedia\" itemscope itemtype=\"http:\/\/schema.org\/ImageObject\"> <a href=\"https:\/\/eltrabajo.cl\/portal\/ducto-danado-tiene-a-vecinos-viviendo-a-puertas-cerradas-por-mal-olor\/fernando-irarrazabal\/\" border=\"0\" itemprop=\"url\"> <meta itemprop=\"width\" content=\"304\"> <meta itemprop=\"height\" content=\"290\"> <img decoding=\"async\" class=\"\" data-attachment-id=\"48704\" data-orig-file=\"https:\/\/eltrabajo.cl\/portal\/wp-content\/uploads\/2014\/07\/FERNANDO-IRARRAZABAL.jpg\" data-orig-size=\"529,506\" data-comments-opened=\"1\" data-image-meta=\"{&quot;aperture&quot;:&quot;5&quot;,&quot;credit&quot;:&quot;&quot;,&quot;camera&quot;:&quot;Canon EOS REBEL T3i&quot;,&quot;caption&quot;:&quot;&quot;,&quot;created_timestamp&quot;:&quot;1404902046&quot;,&quot;copyright&quot;:&quot;[wopmind]&quot;,&quot;focal_length&quot;:&quot;18&quot;,&quot;iso&quot;:&quot;100&quot;,&quot;shutter_speed&quot;:&quot;0.016666666666667&quot;,&quot;title&quot;:&quot;&quot;}\" data-image-title=\"FERNANDO IRARRAZABAL\" data-image-description=\"&lt;p&gt;Fernando Irarr\u00e1zabal, Presidente de la Junta de Vecinos de El Llano.&lt;\/p&gt; \" data-medium-file=\"https:\/\/i0.wp.com\/eltrabajo.cl\/portal\/wp-content\/uploads\/2014\/07\/FERNANDO-IRARRAZABAL.jpg?fit=300%2C286&#038;ssl=1\" data-large-file=\"https:\/\/i0.wp.com\/eltrabajo.cl\/portal\/wp-content\/uploads\/2014\/07\/FERNANDO-IRARRAZABAL.jpg?fit=529%2C506&#038;ssl=1\" src=\"https:\/\/i0.wp.com\/eltrabajo.cl\/portal\/wp-content\/uploads\/2014\/07\/FERNANDO-IRARRAZABAL.jpg?w=304&#038;h=290&#038;ssl=1\" srcset=\"https:\/\/i0.wp.com\/eltrabajo.cl\/portal\/wp-content\/uploads\/2014\/07\/FERNANDO-IRARRAZABAL.jpg?w=529&amp;ssl=1 529w, https:\/\/i0.wp.com\/eltrabajo.cl\/portal\/wp-content\/uploads\/2014\/07\/FERNANDO-IRARRAZABAL.jpg?resize=156%2C150&amp;ssl=1 156w, https:\/\/i0.wp.com\/eltrabajo.cl\/portal\/wp-content\/uploads\/2014\/07\/FERNANDO-IRARRAZABAL.jpg?resize=300%2C286&amp;ssl=1 300w, https:\/\/i0.wp.com\/eltrabajo.cl\/portal\/wp-content\/uploads\/2014\/07\/FERNANDO-IRARRAZABAL.jpg?resize=150%2C143&amp;ssl=1 150w, https:\/\/i0.wp.com\/eltrabajo.cl\/portal\/wp-content\/uploads\/2014\/07\/FERNANDO-IRARRAZABAL.jpg?resize=400%2C382&amp;ssl=1 400w\" width=\"304\" height=\"290\" loading=\"lazy\" data-original-width=\"304\" data-original-height=\"290\" itemprop=\"http:\/\/schema.org\/image\" title=\"FERNANDO IRARRAZABAL\" alt=\"Fernando Irarr\u00e1zabal, Presidente de la Junta de Vecinos de El Llano.\" style=\"width: 304px; height: 290px;\" \/> <\/a> <div class=\"tiled-gallery-caption\" itemprop=\"caption description\"> Fernando Irarr\u00e1zabal, Presidente de la Junta de Vecinos de El Llano. <\/div> <\/div> <\/div> <!-- close group --> <div class=\"gallery-group images-1\" style=\"width: 332px; height: 294px;\" data-original-width=\"332\" data-original-height=\"294\" > <div class=\"tiled-gallery-item tiled-gallery-item-large\" itemprop=\"associatedMedia\" itemscope itemtype=\"http:\/\/schema.org\/ImageObject\"> <a href=\"https:\/\/eltrabajo.cl\/portal\/ducto-danado-tiene-a-vecinos-viviendo-a-puertas-cerradas-por-mal-olor\/gloria-henriquez\/\" border=\"0\" itemprop=\"url\"> <meta itemprop=\"width\" content=\"328\"> <meta itemprop=\"height\" content=\"290\"> <img decoding=\"async\" class=\"\" data-attachment-id=\"48705\" data-orig-file=\"https:\/\/eltrabajo.cl\/portal\/wp-content\/uploads\/2014\/07\/GLORIA-HENRIQUEZ.jpg\" data-orig-size=\"529,468\" data-comments-opened=\"1\" data-image-meta=\"{&quot;aperture&quot;:&quot;5&quot;,&quot;credit&quot;:&quot;&quot;,&quot;camera&quot;:&quot;Canon EOS REBEL T3i&quot;,&quot;caption&quot;:&quot;&quot;,&quot;created_timestamp&quot;:&quot;1404902170&quot;,&quot;copyright&quot;:&quot;[wopmind]&quot;,&quot;focal_length&quot;:&quot;18&quot;,&quot;iso&quot;:&quot;100&quot;,&quot;shutter_speed&quot;:&quot;0.016666666666667&quot;,&quot;title&quot;:&quot;&quot;}\" data-image-title=\"GLORIA HENRIQUEZ\" data-image-description=\"&lt;p&gt;Gloria Henr\u00edquez, propietaria de la vivienda que colinda justamente con el lugar donde est\u00e1 la rotura.&lt;\/p&gt; \" data-medium-file=\"https:\/\/i0.wp.com\/eltrabajo.cl\/portal\/wp-content\/uploads\/2014\/07\/GLORIA-HENRIQUEZ.jpg?fit=300%2C265&#038;ssl=1\" data-large-file=\"https:\/\/i0.wp.com\/eltrabajo.cl\/portal\/wp-content\/uploads\/2014\/07\/GLORIA-HENRIQUEZ.jpg?fit=529%2C468&#038;ssl=1\" src=\"https:\/\/i0.wp.com\/eltrabajo.cl\/portal\/wp-content\/uploads\/2014\/07\/GLORIA-HENRIQUEZ.jpg?w=328&#038;h=290&#038;ssl=1\" srcset=\"https:\/\/i0.wp.com\/eltrabajo.cl\/portal\/wp-content\/uploads\/2014\/07\/GLORIA-HENRIQUEZ.jpg?w=529&amp;ssl=1 529w, https:\/\/i0.wp.com\/eltrabajo.cl\/portal\/wp-content\/uploads\/2014\/07\/GLORIA-HENRIQUEZ.jpg?resize=169%2C150&amp;ssl=1 169w, https:\/\/i0.wp.com\/eltrabajo.cl\/portal\/wp-content\/uploads\/2014\/07\/GLORIA-HENRIQUEZ.jpg?resize=300%2C265&amp;ssl=1 300w, https:\/\/i0.wp.com\/eltrabajo.cl\/portal\/wp-content\/uploads\/2014\/07\/GLORIA-HENRIQUEZ.jpg?resize=150%2C132&amp;ssl=1 150w, https:\/\/i0.wp.com\/eltrabajo.cl\/portal\/wp-content\/uploads\/2014\/07\/GLORIA-HENRIQUEZ.jpg?resize=400%2C353&amp;ssl=1 400w\" width=\"328\" height=\"290\" loading=\"lazy\" data-original-width=\"328\" data-original-height=\"290\" itemprop=\"http:\/\/schema.org\/image\" title=\"GLORIA HENRIQUEZ\" alt=\"Gloria Henr\u00edquez, propietaria de la vivienda que colinda justamente con el lugar donde est\u00e1 la rotura.\" style=\"width: 328px; height: 290px;\" \/> <\/a> <div class=\"tiled-gallery-caption\" itemprop=\"caption description\"> Gloria Henr\u00edquez, propietaria de la vivienda que colinda justamente con el lugar donde est\u00e1 la rotura. <\/div> <\/div> <\/div> <!-- close group --> <\/div> <!-- close row --> <\/div>\n","protected":false},"excerpt":{"rendered":"<p>PUTAENDO.&#8211; Una preocupante situaci\u00f3n que podr\u00eda generar un inconveniente sanitario est\u00e1n viviendo los vecinos de Cerro El Llano, luego que un ducto que transporta las aguas servidas se rompiera y estos l\u00edquidos&#8230;<\/p>\n","protected":false},"author":482,"featured_media":48703,"comment_status":"open","ping_status":"closed","sticky":false,"template":"","format":"standard","meta":{"advanced_seo_description":"","jetpack_seo_html_title":"","jetpack_seo_noindex":false,"_jetpack_memberships_contains_paid_content":false,"footnotes":""},"categories":[15],"tags":[],"class_list":["post-48702","post","type-post","status-publish","format-standard","has-post-thumbnail","hentry","category-comunidad"],"jetpack_featured_media_url":"https:\/\/i0.wp.com\/eltrabajo.cl\/portal\/wp-content\/uploads\/2014\/07\/Caca1.jpg?fit=529%2C358&ssl=1","jetpack_sharing_enabled":true,"jetpack_likes_enabled":true,"jetpack-related-posts":[],"_links":{"self":[{"href":"https:\/\/eltrabajo.cl\/portal\/wp-json\/wp\/v2\/posts\/48702","targetHints":{"allow":["GET"]}}],"collection":[{"href":"https:\/\/eltrabajo.cl\/portal\/wp-json\/wp\/v2\/posts"}],"about":[{"href":"https:\/\/eltrabajo.cl\/portal\/wp-json\/wp\/v2\/types\/post"}],"author":[{"embeddable":true,"href":"https:\/\/eltrabajo.cl\/portal\/wp-json\/wp\/v2\/users\/482"}],"replies":[{"embeddable":true,"href":"https:\/\/eltrabajo.cl\/portal\/wp-json\/wp\/v2\/comments?post=48702"}],"version-history":[{"count":0,"href":"https:\/\/eltrabajo.cl\/portal\/wp-json\/wp\/v2\/posts\/48702\/revisions"}],"wp:featuredmedia":[{"embeddable":true,"href":"https:\/\/eltrabajo.cl\/portal\/wp-json\/wp\/v2\/media\/48703"}],"wp:attachment":[{"href":"https:\/\/eltrabajo.cl\/portal\/wp-json\/wp\/v2\/media?parent=48702"}],"wp:term":[{"taxonomy":"category","embeddable":true,"href":"https:\/\/eltrabajo.cl\/portal\/wp-json\/wp\/v2\/categories?post=48702"},{"taxonomy":"post_tag","embeddable":true,"href":"https:\/\/eltrabajo.cl\/portal\/wp-json\/wp\/v2\/tags?post=48702"}],"curies":[{"name":"wp","href":"https:\/\/api.w.org\/{rel}","templated":true}]}}