{"id":48708,"date":"2014-07-10T09:33:13","date_gmt":"2014-07-10T13:33:13","guid":{"rendered":"http:\/\/www.eltrabajo.cl\/portal\/?p=48708"},"modified":"2014-07-10T09:33:13","modified_gmt":"2014-07-10T13:33:13","slug":"guardia-de-seguridad-se-robo-hasta-los-juguetes-de-fiscalia-andina","status":"publish","type":"post","link":"https:\/\/eltrabajo.cl\/portal\/guardia-de-seguridad-se-robo-hasta-los-juguetes-de-fiscalia-andina\/","title":{"rendered":"Guardia de seguridad se rob\u00f3 hasta los juguetes de fiscal\u00eda andina"},"content":{"rendered":"<figure id=\"attachment_48709\" aria-describedby=\"caption-attachment-48709\" style=\"width: 370px\" class=\"wp-caption alignleft\"><a href=\"https:\/\/i0.wp.com\/www.eltrabajo.cl\/portal\/wp-content\/uploads\/2014\/07\/Guarda1.jpg\"><img data-recalc-dims=\"1\" loading=\"lazy\" decoding=\"async\" class=\" wp-image-48709 \" alt=\"QUED\u00d3 LIBRE.- El guardia de iniciales K.A.R.N., de 18 a\u00f1os, recuper\u00f3 su libertad quedando sujeto a la medida cautelar de Arraigo nacional.\" src=\"https:\/\/i0.wp.com\/www.eltrabajo.cl\/portal\/wp-content\/uploads\/2014\/07\/Guarda1.jpg?resize=370%2C262\" width=\"370\" height=\"262\" srcset=\"https:\/\/i0.wp.com\/eltrabajo.cl\/portal\/wp-content\/uploads\/2014\/07\/Guarda1.jpg?w=528&amp;ssl=1 528w, https:\/\/i0.wp.com\/eltrabajo.cl\/portal\/wp-content\/uploads\/2014\/07\/Guarda1.jpg?resize=200%2C141&amp;ssl=1 200w, https:\/\/i0.wp.com\/eltrabajo.cl\/portal\/wp-content\/uploads\/2014\/07\/Guarda1.jpg?resize=300%2C212&amp;ssl=1 300w, https:\/\/i0.wp.com\/eltrabajo.cl\/portal\/wp-content\/uploads\/2014\/07\/Guarda1.jpg?resize=150%2C106&amp;ssl=1 150w, https:\/\/i0.wp.com\/eltrabajo.cl\/portal\/wp-content\/uploads\/2014\/07\/Guarda1.jpg?resize=400%2C283&amp;ssl=1 400w\" sizes=\"auto, (max-width: 370px) 100vw, 370px\" \/><\/a><figcaption id=\"caption-attachment-48709\" class=\"wp-caption-text\">QUED\u00d3 LIBRE.- El guardia de iniciales K.A.R.N., de 18 a\u00f1os, recuper\u00f3 su libertad quedando sujeto a la medida cautelar de Arraigo nacional.<\/figcaption><\/figure>\n<p><strong>LOS ANDES.<\/strong>&#8211; Un guardia de seguridad que cumpli\u00f3 turno el fin de semana en dependencias de la Fiscal\u00eda de Los Andes, fue detenido tras haber robado dinero en efectivo y un juguete desde las oficinas de los funcionarios de esa repartici\u00f3n p\u00fablica. El guardia de iniciales K.A.R.N., de 18 a\u00f1os, entr\u00f3 el d\u00eda s\u00e1bado en la ma\u00f1ana a cumplir su turno como funcionario de una empresa de seguridad externa, recibiendo las llaves de todas las dependencias ubicadas en Avenida San Rafael N\u00ba 2151, no obstante que sus rondas deb\u00eda efectuarlas s\u00f3lo por los pasillos del edificio.<\/p>\n<p><strong>\u00a0LA TENTACI\u00d3N<\/strong><\/p>\n<p>Como ten\u00eda las llaves de las oficinas, el joven trabador se sinti\u00f3 tentado por ingresar a las diversas oficinas de los funcionarios y comenz\u00f3 posteriormente a registrar los cajones. Fue as\u00ed como desde dos escritorios sustrajo dinero en efectivo que los empleados de la fiscal\u00eda guardaban a manera de ahorro consistente en la suma de $218.000 en efectivo.<\/p>\n<figure id=\"attachment_48710\" aria-describedby=\"caption-attachment-48710\" style=\"width: 370px\" class=\"wp-caption alignright\"><a href=\"https:\/\/i0.wp.com\/www.eltrabajo.cl\/portal\/wp-content\/uploads\/2014\/07\/Juguete1.jpg\"><img data-recalc-dims=\"1\" loading=\"lazy\" decoding=\"async\" class=\" wp-image-48710 \" alt=\"A tanto lleg\u00f3 su osad\u00eda del imputado, que sustrajo un juguete de los Transformer, particularmente a Bomblebee.\" src=\"https:\/\/i0.wp.com\/www.eltrabajo.cl\/portal\/wp-content\/uploads\/2014\/07\/Juguete1.jpg?resize=370%2C281\" width=\"370\" height=\"281\" srcset=\"https:\/\/i0.wp.com\/eltrabajo.cl\/portal\/wp-content\/uploads\/2014\/07\/Juguete1.jpg?w=529&amp;ssl=1 529w, https:\/\/i0.wp.com\/eltrabajo.cl\/portal\/wp-content\/uploads\/2014\/07\/Juguete1.jpg?resize=197%2C150&amp;ssl=1 197w, https:\/\/i0.wp.com\/eltrabajo.cl\/portal\/wp-content\/uploads\/2014\/07\/Juguete1.jpg?resize=300%2C227&amp;ssl=1 300w, https:\/\/i0.wp.com\/eltrabajo.cl\/portal\/wp-content\/uploads\/2014\/07\/Juguete1.jpg?resize=150%2C113&amp;ssl=1 150w, https:\/\/i0.wp.com\/eltrabajo.cl\/portal\/wp-content\/uploads\/2014\/07\/Juguete1.jpg?resize=400%2C303&amp;ssl=1 400w\" sizes=\"auto, (max-width: 370px) 100vw, 370px\" \/><\/a><figcaption id=\"caption-attachment-48710\" class=\"wp-caption-text\">A tanto lleg\u00f3 su osad\u00eda del imputado, que sustrajo un juguete de los Transformer, particularmente a Bomblebee.<\/figcaption><\/figure>\n<p>A tanto lleg\u00f3 su osad\u00eda, que sustrajo un juguete de los Transformer, particularmente a Bomblebee, que un administrativo ten\u00eda como adorno en su escritorio. La ma\u00f1ana del lunes cuando los funcionarios llegaron a sus labores, se percataron de la sustracci\u00f3n del dinero y el juguete, informando al Fiscal de Turno Jorge Alfaro, quien dispuso la concurrencia de la PDI al edificio a fin de levantar huellas.<\/p>\n<p><strong>DEVOLVI\u00d3 TODO<\/strong><\/p>\n<p>Sin embargo desde el primer momento las sospechas recayeron en el guardia, quien era la primera vez que cumpl\u00eda funciones en el edificio. Con la orden de investigar dada por el persecutor, detectives del Grupo Especial de Bienes Robados de la PDI llegaron cerca del mediod\u00eda del lunes hasta la casa del joven guardia, ubicada en el sector de El Sauce.<\/p>\n<p>All\u00ed, al verse consultado por el hecho delictivo, confes\u00f3 de inmediato ser el autor del robo, devolviendo no s\u00f3lo el dinero, sino tambi\u00e9n el transformer. El joven qued\u00f3 en calidad de detenido y la ma\u00f1ana del martes pas\u00f3 a disposici\u00f3n del Ministerio P\u00fablico donde el mismo fiscal Alfaro lo formaliz\u00f3 por el delito de hurto simple consumado.<\/p>\n<p>El persecutor dijo que a\u00fan falta periciar las c\u00e1maras de seguridad que hay en los pasillos del edificio donde habr\u00eda quedado grabado el momento en que el joven hizo ingreso a las oficinas, teniendo ello prohibido. Tras la formalizaci\u00f3n, el joven recuper\u00f3 su libertad quedando sujeto a la medida cautelar de Arraigo nacional. Adem\u00e1s se fij\u00f3 una audiencia para el mes de agosto a fin de explorar una salida alternativa en virtud de la colaboraci\u00f3n que el imputado prest\u00f3 al esclarecimiento de los hechos y que podr\u00eda culminar con una Suspensi\u00f3n Condicional del Procedimiento.<\/p>\n","protected":false},"excerpt":{"rendered":"<p>LOS ANDES.&#8211; Un guardia de seguridad que cumpli\u00f3 turno el fin de semana en dependencias de la Fiscal\u00eda de Los Andes, fue detenido tras haber robado dinero en efectivo y un juguete&#8230;<\/p>\n","protected":false},"author":482,"featured_media":48709,"comment_status":"open","ping_status":"closed","sticky":false,"template":"","format":"standard","meta":{"advanced_seo_description":"","jetpack_seo_html_title":"","jetpack_seo_noindex":false,"_jetpack_memberships_contains_paid_content":false,"footnotes":""},"categories":[21],"tags":[],"class_list":["post-48708","post","type-post","status-publish","format-standard","has-post-thumbnail","hentry","category-policial"],"jetpack_featured_media_url":"https:\/\/i0.wp.com\/eltrabajo.cl\/portal\/wp-content\/uploads\/2014\/07\/Guarda1.jpg?fit=528%2C374&ssl=1","jetpack_sharing_enabled":true,"jetpack_likes_enabled":true,"jetpack-related-posts":[],"_links":{"self":[{"href":"https:\/\/eltrabajo.cl\/portal\/wp-json\/wp\/v2\/posts\/48708","targetHints":{"allow":["GET"]}}],"collection":[{"href":"https:\/\/eltrabajo.cl\/portal\/wp-json\/wp\/v2\/posts"}],"about":[{"href":"https:\/\/eltrabajo.cl\/portal\/wp-json\/wp\/v2\/types\/post"}],"author":[{"embeddable":true,"href":"https:\/\/eltrabajo.cl\/portal\/wp-json\/wp\/v2\/users\/482"}],"replies":[{"embeddable":true,"href":"https:\/\/eltrabajo.cl\/portal\/wp-json\/wp\/v2\/comments?post=48708"}],"version-history":[{"count":0,"href":"https:\/\/eltrabajo.cl\/portal\/wp-json\/wp\/v2\/posts\/48708\/revisions"}],"wp:featuredmedia":[{"embeddable":true,"href":"https:\/\/eltrabajo.cl\/portal\/wp-json\/wp\/v2\/media\/48709"}],"wp:attachment":[{"href":"https:\/\/eltrabajo.cl\/portal\/wp-json\/wp\/v2\/media?parent=48708"}],"wp:term":[{"taxonomy":"category","embeddable":true,"href":"https:\/\/eltrabajo.cl\/portal\/wp-json\/wp\/v2\/categories?post=48708"},{"taxonomy":"post_tag","embeddable":true,"href":"https:\/\/eltrabajo.cl\/portal\/wp-json\/wp\/v2\/tags?post=48708"}],"curies":[{"name":"wp","href":"https:\/\/api.w.org\/{rel}","templated":true}]}}