{"id":48713,"date":"2014-07-10T09:35:41","date_gmt":"2014-07-10T13:35:41","guid":{"rendered":"http:\/\/www.eltrabajo.cl\/portal\/?p=48713"},"modified":"2014-07-10T09:35:41","modified_gmt":"2014-07-10T13:35:41","slug":"mujer-casada-que-asesino-a-su-pareja-podria-quedar-en-libertad","status":"publish","type":"post","link":"https:\/\/eltrabajo.cl\/portal\/mujer-casada-que-asesino-a-su-pareja-podria-quedar-en-libertad\/","title":{"rendered":"Mujer casada que asesin\u00f3 a su pareja podr\u00eda quedar en libertad"},"content":{"rendered":"<figure id=\"attachment_48714\" aria-describedby=\"caption-attachment-48714\" style=\"width: 529px\" class=\"wp-caption alignnone\"><a href=\"https:\/\/i0.wp.com\/www.eltrabajo.cl\/portal\/wp-content\/uploads\/2014\/07\/Asesina1.jpg\"><img data-recalc-dims=\"1\" loading=\"lazy\" decoding=\"async\" class=\"size-full wp-image-48714\" alt=\"Personal de la Brigada de Homicidios de Los Andes traslad\u00f3 a la imputada identificada como Victoria Lazo Barrera por el delito de Homicidio Simple cometido en Santa Mar\u00eda.\" src=\"https:\/\/i0.wp.com\/www.eltrabajo.cl\/portal\/wp-content\/uploads\/2014\/07\/Asesina1.jpg?resize=529%2C406\" width=\"529\" height=\"406\" srcset=\"https:\/\/i0.wp.com\/eltrabajo.cl\/portal\/wp-content\/uploads\/2014\/07\/Asesina1.jpg?w=529&amp;ssl=1 529w, https:\/\/i0.wp.com\/eltrabajo.cl\/portal\/wp-content\/uploads\/2014\/07\/Asesina1.jpg?resize=195%2C150&amp;ssl=1 195w, https:\/\/i0.wp.com\/eltrabajo.cl\/portal\/wp-content\/uploads\/2014\/07\/Asesina1.jpg?resize=300%2C230&amp;ssl=1 300w, https:\/\/i0.wp.com\/eltrabajo.cl\/portal\/wp-content\/uploads\/2014\/07\/Asesina1.jpg?resize=150%2C115&amp;ssl=1 150w, https:\/\/i0.wp.com\/eltrabajo.cl\/portal\/wp-content\/uploads\/2014\/07\/Asesina1.jpg?resize=400%2C306&amp;ssl=1 400w\" sizes=\"auto, (max-width: 529px) 100vw, 529px\" \/><\/a><figcaption id=\"caption-attachment-48714\" class=\"wp-caption-text\">Personal de la Brigada de Homicidios de Los Andes traslad\u00f3 a la imputada identificada como Victoria Lazo Barrera por el delito de Homicidio Simple cometido en Santa Mar\u00eda.<\/figcaption><\/figure>\n<p>Desde hace diez a\u00f1os Victoria Alejandra Lazo Barrera sosten\u00eda una relaci\u00f3n informal con Jorge Patricio Benavides Manr\u00edquez. Durante esa d\u00e9cada su romance se fue transformando del amor al odio, dado que ambos ten\u00edan problemas con el alcohol y que fue derivando en sostener episodios de violencia y amenazas de muerte, hasta que el 8 de julio pasado se sell\u00f3 con un oscuro cap\u00edtulo de sangre.<\/p>\n<p><strong>\u00a0UN TRI\u00c1NGULO\u00a0SENTIMENTAL<\/strong><\/p>\n<p>Hace ya tres a\u00f1os, Victoria decidi\u00f3 contraer nupcias con un hombre mayor para irse a vivir con su esposo a Pasaje Pedro Aguirre Cerda de la poblaci\u00f3n Roberto Huerta de la comuna de Santa Mar\u00eda, sin embargo la mujer nunca decidi\u00f3 romper con su amante, manteniendo la relaci\u00f3n puertas afueras, de lo cual vecinos, amigos incluso hasta el propio esposo sab\u00edan de las infidelidades y del tormentoso tri\u00e1ngulo amoroso.<\/p>\n<p><strong>\u00a0LAS MENTIRAS<\/strong><\/p>\n<p>El pasado lunes Victoria sali\u00f3 de su casa para dirigirse hasta la casa de un amigo, donde estuvo bebiendo alcohol durante la tarde. Al caer la noche se traslad\u00f3 hasta su vivienda para acostarse temprano, comprobando que su esposo no estaba en esos momentos. Fue a eso de la medianoche cuando repentinamente despert\u00f3 con los gritos de amenazas e improperios de boca de su amante Jorge Benavides, quien se encontraba en estado de ebriedad golpeando la reja principal de la vivienda y enfurecido por los celos.<\/p>\n<p>Seg\u00fan las primeras declaraciones de la ahora imputada a la Polic\u00eda, Jorge Benavides ingres\u00f3 clandestinamente a su casa con un cuchillo y se habr\u00eda tropezado e hiri\u00e9ndose accidentalmente. Despu\u00e9s cambi\u00f3 su versi\u00f3n a los efectivos policiales manifestando que al salir de la puerta de su casa divis\u00f3 la silueta de su marido, quien le habr\u00eda propinado la estocada para luego huir del lugar.<\/p>\n<p><strong>\u00a0SE DERRUMB\u00d3<\/strong><\/p>\n<p>Sin embargo al cabo de diversas diligencias con toda la presi\u00f3n encima, Victoria decidi\u00f3 confesar su crimen en una tercera declaraci\u00f3n, se\u00f1alando que su amante, luego de violar su morada, ella abri\u00f3 la puerta principal de la vivienda sosteniendo una discusi\u00f3n con Benavides en el living. En esos momentos se produjo un enfrentamiento entre ambos, ocasi\u00f3n en que Victoria fue hasta la cocina, tom\u00f3 un cuchillo propin\u00e1ndole un puntazo en el ment\u00f3n al \u2018Pato\u2019, como ella lo llamaba, para que saliera de la casa.<\/p>\n<p>Benavides enardecido con lo ocurrido, se abalanz\u00f3 sobre la mujer para atacarla en el ante jard\u00edn de la vivienda. Ah\u00ed la mujer decidi\u00f3 propinarle una certera pu\u00f1alada a la altura del t\u00f3rax cercano al coraz\u00f3n, cayendo tendido en el suelo.<\/p>\n<p>Victoria al ver el cuerpo cubierto de sangre, tom\u00f3 el cuchillo que se parti\u00f3 en dos y lo arroj\u00f3 hasta el patio del vecino para ocultar el arma homicida. Posteriormente dio aviso al personal del Samu y Carabineros del Ret\u00e9n de Santa Mar\u00eda, quienes constataron el fallecimiento del hombre en el sitio del suceso.<\/p>\n<p>De acuerdo a la autopsia realizada por el Servicio M\u00e9dico Legal, el cuerpo presentaba una herida en el ment\u00f3n, heridas en las manos de caracter\u00edsticas defensivas, hematomas y una herida punzo-cortante de tipo homicida en la regi\u00f3n del t\u00f3rax.<\/p>\n<p><strong>\u00a0PRENSA LIMITADA<\/strong><\/p>\n<p>No obstante Victoria Lazo Barrera, de 37 a\u00f1os de edad, fue formalizada ante el Juzgado de Garant\u00eda de San Felipe por el delito de Homicidio simple. Cabe consignar que la Jueza Interina, Daniela Torres Flores, no permiti\u00f3 en primera instancia la presencia de la prensa que requiri\u00f3 los permisos correspondientes para la toma de fotograf\u00edas y videos de la audiencia.<\/p>\n<p>Pese aquello la magistrado permiti\u00f3 el ingreso de periodistas y reporteros s\u00f3lo como oyentes, prohibiendo el registro fotogr\u00e1fico y audiovisual de la formalizaci\u00f3n, una determinaci\u00f3n que jam\u00e1s se hab\u00eda adoptado hasta ahora desde la instauraci\u00f3n de la reforma procesal penal en San Felipe.<\/p>\n<p>Luego de conocerse todos los antecedentes de la investigaci\u00f3n, el abogado de la Defensor\u00eda Penal P\u00fablica, Carlos Guti\u00e9rrez, precis\u00f3 ante la magistrado que pese a la confesi\u00f3n de homicidio por parte de la imputada, existe una eventual Leg\u00edtima Defensa entre un hombre y una mujer, dado a que existen al menos cinco denuncias anteriores de episodios de amenazas y violencia en contra de Victoria Lazo.<\/p>\n<p><strong>QUEDA EN PRISI\u00d3N<\/strong><\/p>\n<p>En tanto el Fiscal del Ministerio P\u00fablico, Osvaldo Basso Cerda, requiri\u00f3 la cautelar de Prisi\u00f3n Preventiva en contra de la acusada por representar un peligro para la sociedad y una eventual condena de Homicidio Simple que parte de los cinco a\u00f1os y un d\u00eda a 15 a\u00f1os de c\u00e1rcel, de acuerdo al C\u00f3digo Procesal Penal.<\/p>\n<p>Sin embargo la Jueza Daniela Torres Flores determin\u00f3 en su resoluci\u00f3n que Victoria Lazo Barrera no representa un peligro para la sociedad, porque existen atenuantes como la colaboraci\u00f3n sustancial en los hechos, su intachable conducta anterior y una Leg\u00edtima Defensa hasta ahora incompleta, por lo que podr\u00eda ser condenada a una pena que podr\u00eda cumplir en libertad, por lo que declin\u00f3 dejarla en Prisi\u00f3n Preventiva, no aplicando ning\u00fan tipo de cautelar.<\/p>\n<p>Asimismo el Fiscal Basso anunci\u00f3 que requerir\u00e1 ante la Ilustr\u00edsima Corte de Apelaciones de Valpara\u00edso para que ese Tribunal de Alzada sea quien acoja o rechace dicha cautelar, mientras que la imputada deber\u00e1 permanecer en custodia de Gendarmer\u00eda en el Centro de Cumplimiento Penitenciario Femenino en la comuna de Los Andes, a la espera de esta resoluci\u00f3n.<\/p>\n<p>\u00abAtendido a la gravedad de los mismos hechos, el Ministerio P\u00fablico decidi\u00f3 solicitar la medida cautelar de Prisi\u00f3n Preventiva sobre la base de los argumentos expuestos en la audiencia al cabo de los cuales la defensa se opuso y el Tribunal de Garant\u00eda decidi\u00f3 no acoger nuestro requerimiento de Prisi\u00f3n Preventiva, raz\u00f3n por la cual nosotros hicimos uso de la facultad del Art\u00edculo 149 del C\u00f3digo Procesal Penal para que no sea este tribunal, quien en definitiva se pronuncie al respecto, que sea su superior jer\u00e1rquico que es la Corte de Apelaciones de Valpara\u00edso\u00bb, indic\u00f3 el representante del Ministerio P\u00fablico a Diario El Trabajo.<\/p>\n<p><strong>LEG\u00cdTIMA DEFENSA<\/strong><\/p>\n<p>Basso agreg\u00f3 que el tema de la Leg\u00edtima Defensa es algo que se tiene que ventilar durante el transcurso de la investigaci\u00f3n, de acuerdo a los antecedentes que en definitiva deber\u00e1n pronunciarse sobre si concurre o no en forma incompleta, es decir, que el Tribunal deber\u00e1 conocer mediante un juicio dichos antecedentes, dependiendo la convicci\u00f3n que deber\u00e1n formarse los jueces en definitiva al momento de resolver.<\/p>\n<p>El persecutor explic\u00f3 que en este caso no se establece un parricidio, porque esta pareja no viv\u00eda bajo un mismo techo, lo que jur\u00eddicamente no calza dentro de la expresi\u00f3n de ex-conviviente o ex-c\u00f3nyuge, que son los que exige la ley para calificar este delito con ese t\u00e9rmino. Al concluir la audiencia, donde no se presentaron ni familiares ni cercanos tanto de la v\u00edctima como de la imputada, el Abogado Defensor Carlos Guti\u00e9rrez precis\u00f3 que si comprueban en un juicio que existe Leg\u00edtima Defensa completa, la imputada podr\u00eda quedar exenta de responsabilidad penal.<\/p>\n<p>\u00abEs una mujer que estaba sola, el hombre se encontraba en estado de ebriedad con intenciones de agredirla provoc\u00e1ndole miedo a mi representada; ella no tiene antecedentes penales; no provoc\u00f3 en ning\u00fan momento a la v\u00edctima que momentos antes salt\u00f3 la reja de su casa; le dice garabatos; la amenaza, trata de golpearla, pero en esos instantes ella va a buscar un cuchillo. Hay una necesidad que tuvo la mujer en tener un cuchillo para defenderse, pero entre una mujer y un hombre de mayor contextura \u00bfc\u00f3mo se defiende? \u00bfHubiera permitido que la golpeara? y eso se tiene lugar para no presentar la medida cautelar de Prisi\u00f3n Preventiva. Hay cinco denuncias de Violencia que tiene en la carpeta fiscal por Amenazas y Lesiones menos graves en contexto de Violencia Intrafamiliar. Si hay leg\u00edtima defensa completa ella est\u00e1 exenta de responsabilidad penal, por eso la medida cautelar de Prisi\u00f3n Preventiva era muy gravosa a estas alturas y adem\u00e1s con todo lo que colabor\u00f3\u00bb, concluy\u00f3 el profesional.<\/p>\n<p>Pablo Salinas Sald\u00edas<\/p>\n<div class=\"tiled-gallery type-rectangular tiled-gallery-unresized\" data-original-width=\"640\" data-carousel-extra='null' itemscope itemtype=\"http:\/\/schema.org\/ImageGallery\" > <div class=\"gallery-row\" style=\"width: 640px; height: 423px;\" data-original-width=\"640\" data-original-height=\"423\" > <div class=\"gallery-group images-1\" style=\"width: 320px; height: 423px;\" data-original-width=\"320\" data-original-height=\"423\" > <div class=\"tiled-gallery-item tiled-gallery-item-large\" itemprop=\"associatedMedia\" itemscope itemtype=\"http:\/\/schema.org\/ImageObject\"> <a href=\"https:\/\/eltrabajo.cl\/portal\/mujer-casada-que-asesino-a-su-pareja-podria-quedar-en-libertad\/defensor-gutierrez\/\" border=\"0\" itemprop=\"url\"> <meta itemprop=\"width\" content=\"316\"> <meta itemprop=\"height\" content=\"419\"> <img decoding=\"async\" class=\"\" data-attachment-id=\"48715\" data-orig-file=\"https:\/\/eltrabajo.cl\/portal\/wp-content\/uploads\/2014\/07\/Defensor-Gutierrez.jpg\" data-orig-size=\"529,701\" data-comments-opened=\"1\" data-image-meta=\"{&quot;aperture&quot;:&quot;2.4&quot;,&quot;credit&quot;:&quot;&quot;,&quot;camera&quot;:&quot;iPhone 5&quot;,&quot;caption&quot;:&quot;&quot;,&quot;created_timestamp&quot;:&quot;1404912461&quot;,&quot;copyright&quot;:&quot;&quot;,&quot;focal_length&quot;:&quot;4.12&quot;,&quot;iso&quot;:&quot;50&quot;,&quot;shutter_speed&quot;:&quot;0.0050505050505051&quot;,&quot;title&quot;:&quot;&quot;}\" data-image-title=\"Defensor Gutierrez\" data-image-description=\"&lt;p&gt;El abogado defensor de la imputada, Carlos Guti\u00e9rrez, se\u00f1al\u00f3 que existen antecedentes de Leg\u00edtima Defensa a favor de la mujer que podr\u00eda ser condenada a una pena con el beneficio de Libertad vigilada.&lt;\/p&gt; \" data-medium-file=\"https:\/\/i0.wp.com\/eltrabajo.cl\/portal\/wp-content\/uploads\/2014\/07\/Defensor-Gutierrez.jpg?fit=226%2C300&#038;ssl=1\" data-large-file=\"https:\/\/i0.wp.com\/eltrabajo.cl\/portal\/wp-content\/uploads\/2014\/07\/Defensor-Gutierrez.jpg?fit=529%2C701&#038;ssl=1\" src=\"https:\/\/i0.wp.com\/eltrabajo.cl\/portal\/wp-content\/uploads\/2014\/07\/Defensor-Gutierrez.jpg?w=316&#038;h=419&#038;ssl=1\" srcset=\"https:\/\/i0.wp.com\/eltrabajo.cl\/portal\/wp-content\/uploads\/2014\/07\/Defensor-Gutierrez.jpg?w=529&amp;ssl=1 529w, https:\/\/i0.wp.com\/eltrabajo.cl\/portal\/wp-content\/uploads\/2014\/07\/Defensor-Gutierrez.jpg?resize=113%2C150&amp;ssl=1 113w, https:\/\/i0.wp.com\/eltrabajo.cl\/portal\/wp-content\/uploads\/2014\/07\/Defensor-Gutierrez.jpg?resize=226%2C300&amp;ssl=1 226w, https:\/\/i0.wp.com\/eltrabajo.cl\/portal\/wp-content\/uploads\/2014\/07\/Defensor-Gutierrez.jpg?resize=400%2C530&amp;ssl=1 400w\" width=\"316\" height=\"419\" loading=\"lazy\" data-original-width=\"316\" data-original-height=\"419\" itemprop=\"http:\/\/schema.org\/image\" title=\"Defensor Gutierrez\" alt=\"El abogado defensor de la imputada, Carlos Guti\u00e9rrez, se\u00f1al\u00f3 que existen antecedentes de Leg\u00edtima Defensa a favor de la mujer que podr\u00eda ser condenada a una pena con el beneficio de Libertad vigilada.\" style=\"width: 316px; height: 419px;\" \/> <\/a> <div class=\"tiled-gallery-caption\" itemprop=\"caption description\"> El abogado defensor de la imputada, Carlos Guti\u00e9rrez, se\u00f1al\u00f3 que existen antecedentes de Leg\u00edtima Defensa a favor de la mujer que podr\u00eda ser condenada a una pena con el beneficio de Libertad vigilada. <\/div> <\/div> <\/div> <!-- close group --> <div class=\"gallery-group images-1\" style=\"width: 320px; height: 423px;\" data-original-width=\"320\" data-original-height=\"423\" > <div class=\"tiled-gallery-item tiled-gallery-item-large\" itemprop=\"associatedMedia\" itemscope itemtype=\"http:\/\/schema.org\/ImageObject\"> <a href=\"https:\/\/eltrabajo.cl\/portal\/mujer-casada-que-asesino-a-su-pareja-podria-quedar-en-libertad\/fiscal-basso-1\/\" border=\"0\" itemprop=\"url\"> <meta itemprop=\"width\" content=\"316\"> <meta itemprop=\"height\" content=\"419\"> <img decoding=\"async\" class=\"\" data-attachment-id=\"48716\" data-orig-file=\"https:\/\/eltrabajo.cl\/portal\/wp-content\/uploads\/2014\/07\/Fiscal-Basso-1.jpg\" data-orig-size=\"529,701\" data-comments-opened=\"1\" data-image-meta=\"{&quot;aperture&quot;:&quot;2.4&quot;,&quot;credit&quot;:&quot;&quot;,&quot;camera&quot;:&quot;iPhone 5&quot;,&quot;caption&quot;:&quot;&quot;,&quot;created_timestamp&quot;:&quot;1404912239&quot;,&quot;copyright&quot;:&quot;&quot;,&quot;focal_length&quot;:&quot;4.12&quot;,&quot;iso&quot;:&quot;50&quot;,&quot;shutter_speed&quot;:&quot;0.0044642857142857&quot;,&quot;title&quot;:&quot;&quot;}\" data-image-title=\"Fiscal Basso 1\" data-image-description=\"&lt;p&gt;El Fiscal Osvaldo Basso apelar\u00e1 verbalmente ante la Corte de Apelaciones de Valpara\u00edso para que decida acoger la cautelar de prisi\u00f3n preventiva en contra de la imputada, dado a que la Jueza de Garant\u00eda la dejaba en libertad sin ninguna cautelar.&lt;\/p&gt; \" data-medium-file=\"https:\/\/i0.wp.com\/eltrabajo.cl\/portal\/wp-content\/uploads\/2014\/07\/Fiscal-Basso-1.jpg?fit=226%2C300&#038;ssl=1\" data-large-file=\"https:\/\/i0.wp.com\/eltrabajo.cl\/portal\/wp-content\/uploads\/2014\/07\/Fiscal-Basso-1.jpg?fit=529%2C701&#038;ssl=1\" src=\"https:\/\/i0.wp.com\/eltrabajo.cl\/portal\/wp-content\/uploads\/2014\/07\/Fiscal-Basso-1.jpg?w=316&#038;h=419&#038;ssl=1\" srcset=\"https:\/\/i0.wp.com\/eltrabajo.cl\/portal\/wp-content\/uploads\/2014\/07\/Fiscal-Basso-1.jpg?w=529&amp;ssl=1 529w, https:\/\/i0.wp.com\/eltrabajo.cl\/portal\/wp-content\/uploads\/2014\/07\/Fiscal-Basso-1.jpg?resize=113%2C150&amp;ssl=1 113w, https:\/\/i0.wp.com\/eltrabajo.cl\/portal\/wp-content\/uploads\/2014\/07\/Fiscal-Basso-1.jpg?resize=226%2C300&amp;ssl=1 226w, https:\/\/i0.wp.com\/eltrabajo.cl\/portal\/wp-content\/uploads\/2014\/07\/Fiscal-Basso-1.jpg?resize=400%2C530&amp;ssl=1 400w\" width=\"316\" height=\"419\" loading=\"lazy\" data-original-width=\"316\" data-original-height=\"419\" itemprop=\"http:\/\/schema.org\/image\" title=\"Fiscal Basso 1\" alt=\"El Fiscal Osvaldo Basso apelar\u00e1 verbalmente ante la Corte de Apelaciones de Valpara\u00edso para que decida acoger la cautelar de prisi\u00f3n preventiva en contra de la imputada, dado a que la Jueza de Garant\u00eda la dejaba en libertad sin ninguna cautelar.\" style=\"width: 316px; height: 419px;\" \/> <\/a> <div class=\"tiled-gallery-caption\" itemprop=\"caption description\"> El Fiscal Osvaldo Basso apelar\u00e1 verbalmente ante la Corte de Apelaciones de Valpara\u00edso para que decida acoger la cautelar de prisi\u00f3n preventiva en contra de la imputada, dado a que la Jueza de Garant\u00eda la dejaba en libertad sin ninguna cautelar. <\/div> <\/div> <\/div> <!-- close group --> <\/div> <!-- close row --> <\/div>\n","protected":false},"excerpt":{"rendered":"<p>Desde hace diez a\u00f1os Victoria Alejandra Lazo Barrera sosten\u00eda una relaci\u00f3n informal con Jorge Patricio Benavides Manr\u00edquez. Durante esa d\u00e9cada su romance se fue transformando del amor al odio, dado que ambos&#8230;<\/p>\n","protected":false},"author":482,"featured_media":48714,"comment_status":"open","ping_status":"closed","sticky":false,"template":"","format":"standard","meta":{"advanced_seo_description":"","jetpack_seo_html_title":"","jetpack_seo_noindex":false,"_jetpack_memberships_contains_paid_content":false,"footnotes":""},"categories":[21],"tags":[],"class_list":["post-48713","post","type-post","status-publish","format-standard","has-post-thumbnail","hentry","category-policial"],"jetpack_featured_media_url":"https:\/\/i0.wp.com\/eltrabajo.cl\/portal\/wp-content\/uploads\/2014\/07\/Asesina1.jpg?fit=529%2C406&ssl=1","jetpack_sharing_enabled":true,"jetpack_likes_enabled":true,"jetpack-related-posts":[],"_links":{"self":[{"href":"https:\/\/eltrabajo.cl\/portal\/wp-json\/wp\/v2\/posts\/48713","targetHints":{"allow":["GET"]}}],"collection":[{"href":"https:\/\/eltrabajo.cl\/portal\/wp-json\/wp\/v2\/posts"}],"about":[{"href":"https:\/\/eltrabajo.cl\/portal\/wp-json\/wp\/v2\/types\/post"}],"author":[{"embeddable":true,"href":"https:\/\/eltrabajo.cl\/portal\/wp-json\/wp\/v2\/users\/482"}],"replies":[{"embeddable":true,"href":"https:\/\/eltrabajo.cl\/portal\/wp-json\/wp\/v2\/comments?post=48713"}],"version-history":[{"count":0,"href":"https:\/\/eltrabajo.cl\/portal\/wp-json\/wp\/v2\/posts\/48713\/revisions"}],"wp:featuredmedia":[{"embeddable":true,"href":"https:\/\/eltrabajo.cl\/portal\/wp-json\/wp\/v2\/media\/48714"}],"wp:attachment":[{"href":"https:\/\/eltrabajo.cl\/portal\/wp-json\/wp\/v2\/media?parent=48713"}],"wp:term":[{"taxonomy":"category","embeddable":true,"href":"https:\/\/eltrabajo.cl\/portal\/wp-json\/wp\/v2\/categories?post=48713"},{"taxonomy":"post_tag","embeddable":true,"href":"https:\/\/eltrabajo.cl\/portal\/wp-json\/wp\/v2\/tags?post=48713"}],"curies":[{"name":"wp","href":"https:\/\/api.w.org\/{rel}","templated":true}]}}