{"id":48725,"date":"2014-07-11T08:57:22","date_gmt":"2014-07-11T12:57:22","guid":{"rendered":"http:\/\/www.eltrabajo.cl\/portal\/?p=48725"},"modified":"2014-07-11T08:57:22","modified_gmt":"2014-07-11T12:57:22","slug":"el-lunes-el-registro-civil-atendera-en-el-primer-piso-de-gobernacion","status":"publish","type":"post","link":"https:\/\/eltrabajo.cl\/portal\/el-lunes-el-registro-civil-atendera-en-el-primer-piso-de-gobernacion\/","title":{"rendered":"El lunes el Registro Civil atender\u00e1 en el primer piso de Gobernaci\u00f3n"},"content":{"rendered":"<figure id=\"attachment_48726\" aria-describedby=\"caption-attachment-48726\" style=\"width: 529px\" class=\"wp-caption alignnone\"><a href=\"https:\/\/i0.wp.com\/www.eltrabajo.cl\/portal\/wp-content\/uploads\/2014\/07\/Registro1.jpg\"><img data-recalc-dims=\"1\" loading=\"lazy\" decoding=\"async\" class=\"size-full wp-image-48726\" alt=\"El pr\u00f3ximo lunes 14 de julio el  Registro Civil de Los Andes volver\u00e1 a atender p\u00fablico en el primer piso del edificio de la gobernaci\u00f3n provincial.\" src=\"https:\/\/i0.wp.com\/www.eltrabajo.cl\/portal\/wp-content\/uploads\/2014\/07\/Registro1.jpg?resize=529%2C359\" width=\"529\" height=\"359\" srcset=\"https:\/\/i0.wp.com\/eltrabajo.cl\/portal\/wp-content\/uploads\/2014\/07\/Registro1.jpg?w=529&amp;ssl=1 529w, https:\/\/i0.wp.com\/eltrabajo.cl\/portal\/wp-content\/uploads\/2014\/07\/Registro1.jpg?resize=200%2C135&amp;ssl=1 200w, https:\/\/i0.wp.com\/eltrabajo.cl\/portal\/wp-content\/uploads\/2014\/07\/Registro1.jpg?resize=300%2C203&amp;ssl=1 300w, https:\/\/i0.wp.com\/eltrabajo.cl\/portal\/wp-content\/uploads\/2014\/07\/Registro1.jpg?resize=150%2C101&amp;ssl=1 150w, https:\/\/i0.wp.com\/eltrabajo.cl\/portal\/wp-content\/uploads\/2014\/07\/Registro1.jpg?resize=400%2C271&amp;ssl=1 400w\" sizes=\"auto, (max-width: 529px) 100vw, 529px\" \/><\/a><figcaption id=\"caption-attachment-48726\" class=\"wp-caption-text\">El pr\u00f3ximo lunes 14 de julio el Registro Civil de Los Andes volver\u00e1 a atender p\u00fablico en el primer piso del edificio de la gobernaci\u00f3n provincial.<\/figcaption><\/figure>\n<p><strong>LOS ANDES<\/strong>.- El pr\u00f3ximo lunes 14 de julio el Registro Civil de Los Andes volver\u00e1 a atender p\u00fablico en el primer piso del edificio de la gobernaci\u00f3n provincial. Como se recordar\u00e1, producto del terremoto de 2010 que da\u00f1\u00f3 el principal edificio de gobierno provincial, el Registro Civil debi\u00f3 arrendar una propiedad en Calle Rodr\u00edguez N\u00ba 377, donde habilit\u00f3 sus oficinas.<\/p>\n<p>La Oficial Civil de Los Andes, Milagros Riquelme, se\u00f1al\u00f3 que a ra\u00edz de este cambio de dependencias el d\u00eda viernes no atender\u00e1n p\u00fablico a fin de poder iniciar una marcha blanca respecto a los equipos y las redes computacionales.<\/p>\n<p>\u201cEsperamos el lunes estar operativos al 100%, pero yo creo que la comunidad va tener que tenernos un poquito de paciencia entre lunes y martes para empezar las atenciones, pero con toda la voluntad que siempre hemos tenidos\u201d, expres\u00f3 Riquelme.<\/p>\n<p>Por esta raz\u00f3n, pidi\u00f3 a los usuarios que este viernes no asistan a las oficinas del Registro Civil porque no habr\u00e1 ning\u00fan tipo de atenci\u00f3n, \u201cni siquiera entrega de certificados ni cedulas de identidad\u201d.<\/p>\n<p>&nbsp;<\/p>\n","protected":false},"excerpt":{"rendered":"<p>LOS ANDES.- El pr\u00f3ximo lunes 14 de julio el Registro Civil de Los Andes volver\u00e1 a atender p\u00fablico en el primer piso del edificio de la gobernaci\u00f3n provincial. Como se recordar\u00e1, producto&#8230;<\/p>\n","protected":false},"author":482,"featured_media":48726,"comment_status":"open","ping_status":"closed","sticky":false,"template":"","format":"standard","meta":{"advanced_seo_description":"","jetpack_seo_html_title":"","jetpack_seo_noindex":false,"_jetpack_memberships_contains_paid_content":false,"footnotes":""},"categories":[15],"tags":[],"class_list":["post-48725","post","type-post","status-publish","format-standard","has-post-thumbnail","hentry","category-comunidad"],"jetpack_featured_media_url":"https:\/\/i0.wp.com\/eltrabajo.cl\/portal\/wp-content\/uploads\/2014\/07\/Registro1.jpg?fit=529%2C359&ssl=1","jetpack_sharing_enabled":true,"jetpack_likes_enabled":true,"jetpack-related-posts":[],"_links":{"self":[{"href":"https:\/\/eltrabajo.cl\/portal\/wp-json\/wp\/v2\/posts\/48725","targetHints":{"allow":["GET"]}}],"collection":[{"href":"https:\/\/eltrabajo.cl\/portal\/wp-json\/wp\/v2\/posts"}],"about":[{"href":"https:\/\/eltrabajo.cl\/portal\/wp-json\/wp\/v2\/types\/post"}],"author":[{"embeddable":true,"href":"https:\/\/eltrabajo.cl\/portal\/wp-json\/wp\/v2\/users\/482"}],"replies":[{"embeddable":true,"href":"https:\/\/eltrabajo.cl\/portal\/wp-json\/wp\/v2\/comments?post=48725"}],"version-history":[{"count":0,"href":"https:\/\/eltrabajo.cl\/portal\/wp-json\/wp\/v2\/posts\/48725\/revisions"}],"wp:featuredmedia":[{"embeddable":true,"href":"https:\/\/eltrabajo.cl\/portal\/wp-json\/wp\/v2\/media\/48726"}],"wp:attachment":[{"href":"https:\/\/eltrabajo.cl\/portal\/wp-json\/wp\/v2\/media?parent=48725"}],"wp:term":[{"taxonomy":"category","embeddable":true,"href":"https:\/\/eltrabajo.cl\/portal\/wp-json\/wp\/v2\/categories?post=48725"},{"taxonomy":"post_tag","embeddable":true,"href":"https:\/\/eltrabajo.cl\/portal\/wp-json\/wp\/v2\/tags?post=48725"}],"curies":[{"name":"wp","href":"https:\/\/api.w.org\/{rel}","templated":true}]}}