{"id":48728,"date":"2014-07-11T08:58:29","date_gmt":"2014-07-11T12:58:29","guid":{"rendered":"http:\/\/www.eltrabajo.cl\/portal\/?p=48728"},"modified":"2014-07-11T08:58:29","modified_gmt":"2014-07-11T12:58:29","slug":"mujeres-son-certificadas-en-distintas-competencias-laborales","status":"publish","type":"post","link":"https:\/\/eltrabajo.cl\/portal\/mujeres-son-certificadas-en-distintas-competencias-laborales\/","title":{"rendered":"Mujeres son certificadas en distintas competencias laborales"},"content":{"rendered":"<figure id=\"attachment_48729\" aria-describedby=\"caption-attachment-48729\" style=\"width: 528px\" class=\"wp-caption alignnone\"><a href=\"https:\/\/i0.wp.com\/www.eltrabajo.cl\/portal\/wp-content\/uploads\/2014\/07\/Mujeres11.jpg\"><img data-recalc-dims=\"1\" loading=\"lazy\" decoding=\"async\" class=\"size-full wp-image-48729\" alt=\"M\u00e1s de 400 mujeres han sido beneficiadas por los diversos apoyos que entrega el Programa Mujeres jefas de hogar. \" src=\"https:\/\/i0.wp.com\/www.eltrabajo.cl\/portal\/wp-content\/uploads\/2014\/07\/Mujeres11.jpg?resize=528%2C363\" width=\"528\" height=\"363\" srcset=\"https:\/\/i0.wp.com\/eltrabajo.cl\/portal\/wp-content\/uploads\/2014\/07\/Mujeres11.jpg?w=528&amp;ssl=1 528w, https:\/\/i0.wp.com\/eltrabajo.cl\/portal\/wp-content\/uploads\/2014\/07\/Mujeres11.jpg?resize=200%2C137&amp;ssl=1 200w, https:\/\/i0.wp.com\/eltrabajo.cl\/portal\/wp-content\/uploads\/2014\/07\/Mujeres11.jpg?resize=300%2C206&amp;ssl=1 300w, https:\/\/i0.wp.com\/eltrabajo.cl\/portal\/wp-content\/uploads\/2014\/07\/Mujeres11.jpg?resize=150%2C103&amp;ssl=1 150w, https:\/\/i0.wp.com\/eltrabajo.cl\/portal\/wp-content\/uploads\/2014\/07\/Mujeres11.jpg?resize=400%2C275&amp;ssl=1 400w\" sizes=\"auto, (max-width: 528px) 100vw, 528px\" \/><\/a><figcaption id=\"caption-attachment-48729\" class=\"wp-caption-text\">M\u00e1s de 400 mujeres han sido beneficiadas por los diversos apoyos que entrega el Programa Mujeres jefas de hogar.<\/figcaption><\/figure>\n<p><strong>LLAY LLAY<\/strong>.- Usuarias del Programa de Apoyo del Sernam as\u00ed como trabajadoras y jefas de hogar son capacitadas con distintas herramientas para su desarrollo personal y de trabajo. A la fecha m\u00e1s de 400 mujeres han sido beneficiadas por los diversos apoyos que entrega el Programa Mujeres jefas de hogar, que funciona en sinergia entre el Servicio Regional de la Mujer y la municipalidad.<\/p>\n<p>La encargada del \u00c1rea de Apoyo a la mujer, Luz Mar\u00eda Salinas, indic\u00f3 que \u201ccontribuir a la inserci\u00f3n laboral de las mujeres entregando herramientas para enfrentar las principales barreras de acceso que enfrentan en el mercado del trabajo, es nuestro objetivo y la directriz entregada por nuestra Directora Regional, Waleska Castillo L\u00f3pez, y que realizamos con la colaboraci\u00f3n y apoyo del Alcalde Mario Marillanca\u201d.<\/p>\n<p>Durante el primer semestre de este a\u00f1o la oficina del Programa Mujer trabajadoras y Jefas de hogar de Llay Llay ha realizado cuatro talleres de habilitaci\u00f3n laboral, se suman a estos talleres de primeros auxilios y charlas laborales dictadas por el Instituto de Seguridad del Trabajador (IST). \u201cLas mujeres trabajadoras y jefas de hogar de nuestra comuna han recibido ocho aprestos laborales, donde ellas aprenden a confeccionar su curr\u00edculum v\u00edtae y a desenvolverse en una entrevista de trabajo. Tambi\u00e9n recibieron cursos de computaci\u00f3n en la biblioteca municipal dictados por Biblio-Redes, adquiriendo nociones acerca de temas de familia a trav\u00e9s de las charlas dictadas por abogados de la Corporaci\u00f3n de Asistencia Judicial de San Felipe\u201d, dijo Salinas.<\/p>\n<p>El programa contempla una serie de apoyos para las participantes, orientados a lograr que las mujeres se incorporen en mejores condiciones al mercado laboral, dentro de ellos est\u00e1 la nivelaci\u00f3n de estudios, y en la comuna del Viento Viento 40 mujeres est\u00e1n terminando su educaci\u00f3n media en la Escuela Elisa Latapiat, mediante clases que se imparten por las tardes de cada s\u00e1bado.<\/p>\n<p>Las mujeres que pertenecen al programa reciben atenci\u00f3n bucal completamente gratuita en un convenio entre el Sernam y el Ministerio de Salud (Minsal), el cual se concretiza a trav\u00e9s de la atenci\u00f3n que brinda una unidad m\u00f3vil del Cesfam de Llay Llay.<\/p>\n","protected":false},"excerpt":{"rendered":"<p>LLAY LLAY.- Usuarias del Programa de Apoyo del Sernam as\u00ed como trabajadoras y jefas de hogar son capacitadas con distintas herramientas para su desarrollo personal y de trabajo. A la fecha m\u00e1s&#8230;<\/p>\n","protected":false},"author":482,"featured_media":48729,"comment_status":"open","ping_status":"closed","sticky":false,"template":"","format":"standard","meta":{"advanced_seo_description":"","jetpack_seo_html_title":"","jetpack_seo_noindex":false,"_jetpack_memberships_contains_paid_content":false,"footnotes":""},"categories":[15],"tags":[],"class_list":["post-48728","post","type-post","status-publish","format-standard","has-post-thumbnail","hentry","category-comunidad"],"jetpack_featured_media_url":"https:\/\/i0.wp.com\/eltrabajo.cl\/portal\/wp-content\/uploads\/2014\/07\/Mujeres11.jpg?fit=528%2C363&ssl=1","jetpack_sharing_enabled":true,"jetpack_likes_enabled":true,"jetpack-related-posts":[],"_links":{"self":[{"href":"https:\/\/eltrabajo.cl\/portal\/wp-json\/wp\/v2\/posts\/48728","targetHints":{"allow":["GET"]}}],"collection":[{"href":"https:\/\/eltrabajo.cl\/portal\/wp-json\/wp\/v2\/posts"}],"about":[{"href":"https:\/\/eltrabajo.cl\/portal\/wp-json\/wp\/v2\/types\/post"}],"author":[{"embeddable":true,"href":"https:\/\/eltrabajo.cl\/portal\/wp-json\/wp\/v2\/users\/482"}],"replies":[{"embeddable":true,"href":"https:\/\/eltrabajo.cl\/portal\/wp-json\/wp\/v2\/comments?post=48728"}],"version-history":[{"count":0,"href":"https:\/\/eltrabajo.cl\/portal\/wp-json\/wp\/v2\/posts\/48728\/revisions"}],"wp:featuredmedia":[{"embeddable":true,"href":"https:\/\/eltrabajo.cl\/portal\/wp-json\/wp\/v2\/media\/48729"}],"wp:attachment":[{"href":"https:\/\/eltrabajo.cl\/portal\/wp-json\/wp\/v2\/media?parent=48728"}],"wp:term":[{"taxonomy":"category","embeddable":true,"href":"https:\/\/eltrabajo.cl\/portal\/wp-json\/wp\/v2\/categories?post=48728"},{"taxonomy":"post_tag","embeddable":true,"href":"https:\/\/eltrabajo.cl\/portal\/wp-json\/wp\/v2\/tags?post=48728"}],"curies":[{"name":"wp","href":"https:\/\/api.w.org\/{rel}","templated":true}]}}