{"id":48749,"date":"2014-07-11T09:06:27","date_gmt":"2014-07-11T13:06:27","guid":{"rendered":"http:\/\/www.eltrabajo.cl\/portal\/?p=48749"},"modified":"2014-07-11T09:06:27","modified_gmt":"2014-07-11T13:06:27","slug":"son-13-los-pasajes-favorecidos-con-el-llamado-23-de-pavimentos-participativos","status":"publish","type":"post","link":"https:\/\/eltrabajo.cl\/portal\/son-13-los-pasajes-favorecidos-con-el-llamado-23-de-pavimentos-participativos\/","title":{"rendered":"Son 13 los pasajes favorecidos con el Llamado 23 de Pavimentos Participativos"},"content":{"rendered":"<figure id=\"attachment_48750\" aria-describedby=\"caption-attachment-48750\" style=\"width: 529px\" class=\"wp-caption alignnone\"><a href=\"https:\/\/i0.wp.com\/www.eltrabajo.cl\/portal\/wp-content\/uploads\/2014\/07\/Certificados1.jpg\"><img data-recalc-dims=\"1\" loading=\"lazy\" decoding=\"async\" class=\"size-full wp-image-48750\" alt=\"EN HORA BUENA.- Cada uno de los vecinos convocados muestra a las c\u00e1maras de Diario El Trabajo el certificado correspondiente a los pasajes favorecidos con el Llamado 23 del Proyecto Pavimentos Participativos.\" src=\"https:\/\/i0.wp.com\/www.eltrabajo.cl\/portal\/wp-content\/uploads\/2014\/07\/Certificados1.jpg?resize=529%2C273\" width=\"529\" height=\"273\" srcset=\"https:\/\/i0.wp.com\/eltrabajo.cl\/portal\/wp-content\/uploads\/2014\/07\/Certificados1.jpg?w=529&amp;ssl=1 529w, https:\/\/i0.wp.com\/eltrabajo.cl\/portal\/wp-content\/uploads\/2014\/07\/Certificados1.jpg?resize=200%2C103&amp;ssl=1 200w, https:\/\/i0.wp.com\/eltrabajo.cl\/portal\/wp-content\/uploads\/2014\/07\/Certificados1.jpg?resize=300%2C154&amp;ssl=1 300w, https:\/\/i0.wp.com\/eltrabajo.cl\/portal\/wp-content\/uploads\/2014\/07\/Certificados1.jpg?resize=150%2C77&amp;ssl=1 150w, https:\/\/i0.wp.com\/eltrabajo.cl\/portal\/wp-content\/uploads\/2014\/07\/Certificados1.jpg?resize=400%2C206&amp;ssl=1 400w\" sizes=\"auto, (max-width: 529px) 100vw, 529px\" \/><\/a><figcaption id=\"caption-attachment-48750\" class=\"wp-caption-text\">EN HORA BUENA.- Cada uno de los vecinos convocados muestra a las c\u00e1maras de Diario El Trabajo el certificado correspondiente a los pasajes favorecidos con el Llamado 23 del Proyecto Pavimentos Participativos.<\/figcaption><\/figure>\n<p>Hasta la sede de Villa Las Acacias se traslad\u00f3 este jueves el Alcalde Patricio Freire junto al Seremi de Vivienda, Mauricio Candia y el Gobernador Provincial, Eduardo Le\u00f3n, para informar a los vecinos de ese sector de la comuna de San Felipe sobre los pasajes que se vieron beneficiados con el Programa de Pavimentos Participativos en su Llamado N\u00b0 23. La reuni\u00f3n se realiz\u00f3 en la sede de la primera etapa de esa villa, hasta donde lleg\u00f3 una importante cantidad de vecinos de ese sector, quienes se mostraron felices con la informaci\u00f3n que recibieron de las autoridades.<\/p>\n<p>\u201cEstamos felices, cada uno de nuestros vecinos, incluso los que dudaban un poco est\u00e1n s\u00faper contentos, nosotros estamos muy agradecidos de nuestros vecinos por la confianza que nos dieron en juntar la plata que fueron cinco millones de pesos como junta de vecinos, participando en conjunto con la etapa dos y tres. Estamos agradecidos y esto ha sido un trabajo grande tanto de los dirigentes, como de los delegados, agradeciendo al Alcalde que se la ha jugado mucho por nosotros\u201d, dijo Jessica Leiva, presidente de la junta de vecinos de la primera etapa de Villa Las Acacias.<\/p>\n<p><strong>\u00a0TRECE PASAJES<\/strong><\/p>\n<p>En este barrio se ver\u00e1n beneficiados trece pasajes, mismos que corresponden a las tres etapas de la villa y que se suman a otros sectores de la comuna de San Felipe que salieron elegidos en este Llamado 23 del programa. \u201cLos vecinos han hecho un tremendo su trabajo y ponen su cuota en este gran proyecto, lo que da cuenta del trabajo en conjunto que estamos realizando, estamos trabajando junto a la comunidad, a la gobernaci\u00f3n y al gobierno, por ello queremos destacar el nivel de inversi\u00f3n que ha logrado San Felipe. En el primer llamado que se hizo no fuimos muy privilegiados en los montos que se asignaron a la comuna de San Felipe, pero hoy d\u00eda vemos coronado que el 100% de estos proyectos que presentamos han sido beneficiados, es una inversi\u00f3n hist\u00f3rica para la comuna\u201d, se\u00f1al\u00f3 el Alcalde Patricio Freire.<\/p>\n<p><strong>PRIVILEGIADA<\/strong><\/p>\n<p>Seg\u00fan record\u00f3 el Seremi, Mauricio Candia, la comuna de San Felipe obtuvo la mayor cantidad de metros lineales en el Programa de Pavimentos Participativos a nivel regional y destac\u00f3 el trabajo que se realiz\u00f3 a nivel de la Municipalidad de San Felipe y de los vecinos.<\/p>\n<p>\u201cEsto representa un trabajo conjunto, los vecinos uni\u00e9ndose, juntando los recursos y el municipio haciendo su trabajo, presentando los expedientes y el Ministerio de Vivienda apoyando el sentir y la necesidad que exist\u00eda en la comuna de pavimentar estos pasajes\u201d, dijo la autoridad regional.<\/p>\n<p>Las autoridades se trasladaron posteriormente hasta el municipio, donde se realiz\u00f3 la entrega de los certificados a los comit\u00e9s que los acredita como beneficiaros del programa. El Llamado 23 en su primera etapa ya se encuentra avanzado en t\u00e9rminos administrativos, mientras que las obras de estos proyectos seleccionados en la lista de espera podr\u00edan comenzar a principio del pr\u00f3ximo a\u00f1o.<\/p>\n<div class=\"tiled-gallery type-rectangular tiled-gallery-unresized\" data-original-width=\"640\" data-carousel-extra='null' itemscope itemtype=\"http:\/\/schema.org\/ImageGallery\" > <div class=\"gallery-row\" style=\"width: 640px; height: 167px;\" data-original-width=\"640\" data-original-height=\"167\" > <div class=\"gallery-group images-1\" style=\"width: 413px; height: 167px;\" data-original-width=\"413\" data-original-height=\"167\" > <div class=\"tiled-gallery-item tiled-gallery-item-large\" itemprop=\"associatedMedia\" itemscope itemtype=\"http:\/\/schema.org\/ImageObject\"> <a href=\"https:\/\/eltrabajo.cl\/portal\/son-13-los-pasajes-favorecidos-con-el-llamado-23-de-pavimentos-participativos\/certificados2\/\" border=\"0\" itemprop=\"url\"> <meta itemprop=\"width\" content=\"409\"> <meta itemprop=\"height\" content=\"163\"> <img decoding=\"async\" class=\"\" data-attachment-id=\"48751\" data-orig-file=\"https:\/\/eltrabajo.cl\/portal\/wp-content\/uploads\/2014\/07\/Certificados2.jpg\" data-orig-size=\"528,210\" data-comments-opened=\"1\" data-image-meta=\"{&quot;aperture&quot;:&quot;4&quot;,&quot;credit&quot;:&quot;&quot;,&quot;camera&quot;:&quot;NIKON D3000&quot;,&quot;caption&quot;:&quot;&quot;,&quot;created_timestamp&quot;:&quot;1404995647&quot;,&quot;copyright&quot;:&quot;&quot;,&quot;focal_length&quot;:&quot;20&quot;,&quot;iso&quot;:&quot;1600&quot;,&quot;shutter_speed&quot;:&quot;0.025&quot;,&quot;title&quot;:&quot;&quot;}\" data-image-title=\"Certificados2\" data-image-description=\"&lt;p&gt;EN TERRENO.- Hasta la sede de Villa Las Acacias se traslad\u00f3 este jueves el Alcalde Patricio Freire junto al Seremi de Vivienda, Mauricio Candia y el Gobernador Provincial, Eduardo Le\u00f3n.&lt;\/p&gt; \" data-medium-file=\"https:\/\/i0.wp.com\/eltrabajo.cl\/portal\/wp-content\/uploads\/2014\/07\/Certificados2.jpg?fit=300%2C119&#038;ssl=1\" data-large-file=\"https:\/\/i0.wp.com\/eltrabajo.cl\/portal\/wp-content\/uploads\/2014\/07\/Certificados2.jpg?fit=528%2C210&#038;ssl=1\" src=\"https:\/\/i0.wp.com\/eltrabajo.cl\/portal\/wp-content\/uploads\/2014\/07\/Certificados2.jpg?w=409&#038;h=163&#038;ssl=1\" srcset=\"https:\/\/i0.wp.com\/eltrabajo.cl\/portal\/wp-content\/uploads\/2014\/07\/Certificados2.jpg?w=528&amp;ssl=1 528w, https:\/\/i0.wp.com\/eltrabajo.cl\/portal\/wp-content\/uploads\/2014\/07\/Certificados2.jpg?resize=200%2C79&amp;ssl=1 200w, https:\/\/i0.wp.com\/eltrabajo.cl\/portal\/wp-content\/uploads\/2014\/07\/Certificados2.jpg?resize=300%2C119&amp;ssl=1 300w, https:\/\/i0.wp.com\/eltrabajo.cl\/portal\/wp-content\/uploads\/2014\/07\/Certificados2.jpg?resize=150%2C59&amp;ssl=1 150w, https:\/\/i0.wp.com\/eltrabajo.cl\/portal\/wp-content\/uploads\/2014\/07\/Certificados2.jpg?resize=400%2C159&amp;ssl=1 400w\" width=\"409\" height=\"163\" loading=\"lazy\" data-original-width=\"409\" data-original-height=\"163\" itemprop=\"http:\/\/schema.org\/image\" title=\"Certificados2\" alt=\"EN TERRENO.- Hasta la sede de Villa Las Acacias se traslad\u00f3 este jueves el Alcalde Patricio Freire junto al Seremi de Vivienda, Mauricio Candia y el Gobernador Provincial, Eduardo Le\u00f3n.\" style=\"width: 409px; height: 163px;\" \/> <\/a> <div class=\"tiled-gallery-caption\" itemprop=\"caption description\"> EN TERRENO.- Hasta la sede de Villa Las Acacias se traslad\u00f3 este jueves el Alcalde Patricio Freire junto al Seremi de Vivienda, Mauricio Candia y el Gobernador Provincial, Eduardo Le\u00f3n. <\/div> <\/div> <\/div> <!-- close group --> <div class=\"gallery-group images-1\" style=\"width: 227px; height: 167px;\" data-original-width=\"227\" data-original-height=\"167\" > <div class=\"tiled-gallery-item tiled-gallery-item-small\" itemprop=\"associatedMedia\" itemscope itemtype=\"http:\/\/schema.org\/ImageObject\"> <a href=\"https:\/\/eltrabajo.cl\/portal\/son-13-los-pasajes-favorecidos-con-el-llamado-23-de-pavimentos-participativos\/certificados3\/\" border=\"0\" itemprop=\"url\"> <meta itemprop=\"width\" content=\"223\"> <meta itemprop=\"height\" content=\"163\"> <img decoding=\"async\" class=\"\" data-attachment-id=\"48752\" data-orig-file=\"https:\/\/eltrabajo.cl\/portal\/wp-content\/uploads\/2014\/07\/Certificados3.jpg\" data-orig-size=\"529,386\" data-comments-opened=\"1\" data-image-meta=\"{&quot;aperture&quot;:&quot;4&quot;,&quot;credit&quot;:&quot;&quot;,&quot;camera&quot;:&quot;NIKON D3000&quot;,&quot;caption&quot;:&quot;&quot;,&quot;created_timestamp&quot;:&quot;1404995652&quot;,&quot;copyright&quot;:&quot;&quot;,&quot;focal_length&quot;:&quot;20&quot;,&quot;iso&quot;:&quot;1600&quot;,&quot;shutter_speed&quot;:&quot;0.025&quot;,&quot;title&quot;:&quot;&quot;}\" data-image-title=\"Certificados3\" data-image-description=\"&lt;p&gt;VECINOS ESPERANZADOS.- En este barrio se ver\u00e1n beneficiados trece pasajes, mismos que corresponden a las tres etapas de la villa y que se suman a otros sectores de la comuna de San Felipe que salieron elegidos en este Llamado 23 del programa.&lt;\/p&gt; \" data-medium-file=\"https:\/\/i0.wp.com\/eltrabajo.cl\/portal\/wp-content\/uploads\/2014\/07\/Certificados3.jpg?fit=300%2C218&#038;ssl=1\" data-large-file=\"https:\/\/i0.wp.com\/eltrabajo.cl\/portal\/wp-content\/uploads\/2014\/07\/Certificados3.jpg?fit=529%2C386&#038;ssl=1\" src=\"https:\/\/i0.wp.com\/eltrabajo.cl\/portal\/wp-content\/uploads\/2014\/07\/Certificados3.jpg?w=223&#038;h=163&#038;ssl=1\" srcset=\"https:\/\/i0.wp.com\/eltrabajo.cl\/portal\/wp-content\/uploads\/2014\/07\/Certificados3.jpg?w=529&amp;ssl=1 529w, https:\/\/i0.wp.com\/eltrabajo.cl\/portal\/wp-content\/uploads\/2014\/07\/Certificados3.jpg?resize=200%2C145&amp;ssl=1 200w, https:\/\/i0.wp.com\/eltrabajo.cl\/portal\/wp-content\/uploads\/2014\/07\/Certificados3.jpg?resize=300%2C218&amp;ssl=1 300w, https:\/\/i0.wp.com\/eltrabajo.cl\/portal\/wp-content\/uploads\/2014\/07\/Certificados3.jpg?resize=150%2C109&amp;ssl=1 150w, https:\/\/i0.wp.com\/eltrabajo.cl\/portal\/wp-content\/uploads\/2014\/07\/Certificados3.jpg?resize=400%2C291&amp;ssl=1 400w\" width=\"223\" height=\"163\" loading=\"lazy\" data-original-width=\"223\" data-original-height=\"163\" itemprop=\"http:\/\/schema.org\/image\" title=\"Certificados3\" alt=\"VECINOS ESPERANZADOS.- En este barrio se ver\u00e1n beneficiados trece pasajes, mismos que corresponden a las tres etapas de la villa y que se suman a otros sectores de la comuna de San Felipe que salieron elegidos en este Llamado 23 del programa.\" style=\"width: 223px; height: 163px;\" \/> <\/a> <div class=\"tiled-gallery-caption\" itemprop=\"caption description\"> VECINOS ESPERANZADOS.- En este barrio se ver\u00e1n beneficiados trece pasajes, mismos que corresponden a las tres etapas de la villa y que se suman a otros sectores de la comuna de San Felipe que salieron elegidos en este Llamado 23 del programa. <\/div> <\/div> <\/div> <!-- close group --> <\/div> <!-- close row --> <\/div>\n","protected":false},"excerpt":{"rendered":"<p>Hasta la sede de Villa Las Acacias se traslad\u00f3 este jueves el Alcalde Patricio Freire junto al Seremi de Vivienda, Mauricio Candia y el Gobernador Provincial, Eduardo Le\u00f3n, para informar a los&#8230;<\/p>\n","protected":false},"author":482,"featured_media":48750,"comment_status":"open","ping_status":"closed","sticky":false,"template":"","format":"standard","meta":{"advanced_seo_description":"","jetpack_seo_html_title":"","jetpack_seo_noindex":false,"_jetpack_memberships_contains_paid_content":false,"footnotes":""},"categories":[15],"tags":[],"class_list":["post-48749","post","type-post","status-publish","format-standard","has-post-thumbnail","hentry","category-comunidad"],"jetpack_featured_media_url":"https:\/\/i0.wp.com\/eltrabajo.cl\/portal\/wp-content\/uploads\/2014\/07\/Certificados1.jpg?fit=529%2C273&ssl=1","jetpack_sharing_enabled":true,"jetpack_likes_enabled":true,"jetpack-related-posts":[],"_links":{"self":[{"href":"https:\/\/eltrabajo.cl\/portal\/wp-json\/wp\/v2\/posts\/48749","targetHints":{"allow":["GET"]}}],"collection":[{"href":"https:\/\/eltrabajo.cl\/portal\/wp-json\/wp\/v2\/posts"}],"about":[{"href":"https:\/\/eltrabajo.cl\/portal\/wp-json\/wp\/v2\/types\/post"}],"author":[{"embeddable":true,"href":"https:\/\/eltrabajo.cl\/portal\/wp-json\/wp\/v2\/users\/482"}],"replies":[{"embeddable":true,"href":"https:\/\/eltrabajo.cl\/portal\/wp-json\/wp\/v2\/comments?post=48749"}],"version-history":[{"count":0,"href":"https:\/\/eltrabajo.cl\/portal\/wp-json\/wp\/v2\/posts\/48749\/revisions"}],"wp:featuredmedia":[{"embeddable":true,"href":"https:\/\/eltrabajo.cl\/portal\/wp-json\/wp\/v2\/media\/48750"}],"wp:attachment":[{"href":"https:\/\/eltrabajo.cl\/portal\/wp-json\/wp\/v2\/media?parent=48749"}],"wp:term":[{"taxonomy":"category","embeddable":true,"href":"https:\/\/eltrabajo.cl\/portal\/wp-json\/wp\/v2\/categories?post=48749"},{"taxonomy":"post_tag","embeddable":true,"href":"https:\/\/eltrabajo.cl\/portal\/wp-json\/wp\/v2\/tags?post=48749"}],"curies":[{"name":"wp","href":"https:\/\/api.w.org\/{rel}","templated":true}]}}