{"id":48755,"date":"2014-07-11T09:09:54","date_gmt":"2014-07-11T13:09:54","guid":{"rendered":"http:\/\/www.eltrabajo.cl\/portal\/?p=48755"},"modified":"2014-07-11T09:09:54","modified_gmt":"2014-07-11T13:09:54","slug":"marchando-trabajadores-rechazan-multi-rut-de-empresa-pixels","status":"publish","type":"post","link":"https:\/\/eltrabajo.cl\/portal\/marchando-trabajadores-rechazan-multi-rut-de-empresa-pixels\/","title":{"rendered":"Marchando, trabajadores rechazan Multi-Rut de empresa Pixels"},"content":{"rendered":"<figure id=\"attachment_48756\" aria-describedby=\"caption-attachment-48756\" style=\"width: 529px\" class=\"wp-caption alignnone\"><a href=\"https:\/\/i0.wp.com\/www.eltrabajo.cl\/portal\/wp-content\/uploads\/2014\/07\/Marcha1.jpg\"><img data-recalc-dims=\"1\" loading=\"lazy\" decoding=\"async\" class=\"size-full wp-image-48756\" alt=\"PROTESTAN.- Durante la ma\u00f1ana de este jueves un grupo importante de trabajadores de la Empresa Pixels, a cargo de las obras de remodelaci\u00f3n del hospital psiqui\u00e1trico, realiz\u00f3 una jornada de paralizaci\u00f3n y manifestaci\u00f3n contra la empresa.\" src=\"https:\/\/i0.wp.com\/www.eltrabajo.cl\/portal\/wp-content\/uploads\/2014\/07\/Marcha1.jpg?resize=529%2C358\" width=\"529\" height=\"358\" srcset=\"https:\/\/i0.wp.com\/eltrabajo.cl\/portal\/wp-content\/uploads\/2014\/07\/Marcha1.jpg?w=529&amp;ssl=1 529w, https:\/\/i0.wp.com\/eltrabajo.cl\/portal\/wp-content\/uploads\/2014\/07\/Marcha1.jpg?resize=200%2C135&amp;ssl=1 200w, https:\/\/i0.wp.com\/eltrabajo.cl\/portal\/wp-content\/uploads\/2014\/07\/Marcha1.jpg?resize=300%2C203&amp;ssl=1 300w, https:\/\/i0.wp.com\/eltrabajo.cl\/portal\/wp-content\/uploads\/2014\/07\/Marcha1.jpg?resize=150%2C101&amp;ssl=1 150w, https:\/\/i0.wp.com\/eltrabajo.cl\/portal\/wp-content\/uploads\/2014\/07\/Marcha1.jpg?resize=400%2C270&amp;ssl=1 400w\" sizes=\"auto, (max-width: 529px) 100vw, 529px\" \/><\/a><figcaption id=\"caption-attachment-48756\" class=\"wp-caption-text\">PROTESTAN.- Durante la ma\u00f1ana de este jueves un grupo importante de trabajadores de la Empresa Pixels, a cargo de las obras de remodelaci\u00f3n del hospital psiqui\u00e1trico, realiz\u00f3 una jornada de paralizaci\u00f3n y manifestaci\u00f3n contra la empresa.<\/figcaption><\/figure>\n<p><strong>PUTAENDO<\/strong>.- Durante la ma\u00f1ana de este jueves un grupo importante de trabajadores de la Empresa Pixels, a cargo de las obras de remodelaci\u00f3n del hospital psiqui\u00e1trico, realiz\u00f3 una jornada de paralizaci\u00f3n y manifestaci\u00f3n contra la empresa, a la que acusan de no cumplir con los acuerdos tomados en mesas de negociaci\u00f3n sostenidas con los trabajadores, e incurrir en la pr\u00e1ctica del multi-Rut en perjuicio de la actividad sindical.<\/p>\n<p>Adem\u00e1s, seg\u00fan explic\u00f3 el dirigente del sindicado de la empresa Pixels, Rodrigo Gorigoit\u00eda, el motivo de esta paralizaci\u00f3n se debe tambi\u00e9n a exigir un aumento salarial y tambi\u00e9n para que la empresa asegure mejores condiciones sociales para los trabajadores, \u201cla empresa ha tenido un incumplimiento en forma clara y precisa con las mesas de conversaci\u00f3n que se han llevado a efecto y el tema es puntual, ya que aqu\u00ed tenemos el caso de una empresa que trabaja el multi-Rut y adem\u00e1s hubo un compromiso de trasladar \u00fanicamente a Pixels a todos los trabajadores que est\u00e1n contratados por otra empresa que pertenece a Pixels, ya que esta empresa titular es la que tiene a cargo las obras de remodelaci\u00f3n del hospital psiqui\u00e1trico\u201d.<\/p>\n<p><strong>PATIO TRASERO<\/strong><\/p>\n<p>Gorigoit\u00eda sostuvo adem\u00e1s, que la empresa se comprometi\u00f3 a dar una respuesta a un petitorio realizado por los trabajadores, consistente principalmente en mejoras salariales y sociales, puesto que argument\u00f3 que hoy un jornal gana s\u00f3lo $280.000 y al respecto el dirigente sindical fue tajante en se\u00f1alar que \u201caqu\u00ed vienen empresas a instalarse a Putaendo a generar descontento en los trabajadores y trabajos mal remunerados y por esta raz\u00f3n queremos dejar de ser el patio trasero de los empleos en Aconcagua\u201d.<\/p>\n<p>Debido a estos motivos los trabajadores piden un aumento en sus remuneraciones y mejoras en el equipamiento, pero principalmente que se termine con la pr\u00e1ctica del multi-Rut, ya que a juicio de Rodrigo Gorigoit\u00eda es un m\u00e9todo utilizado por las empresas para dividir a los trabajadores y de esa manera impedir o debilitar la actividad sindical.<\/p>\n<p><strong>\u00a0SALUD RESPONDE<\/strong><\/p>\n<p>Apenas enterado de esta situaci\u00f3n, el Director del Servicio de Salud Aconcagua, Alejandro C\u00e1rdenas, junto con reconocer que las demandas de los trabajadores son leg\u00edtimas, tom\u00f3 contacto con representantes de la empresa Pixels con la finalidad de solicitar que se inicie una jornada de negociaci\u00f3n con los trabajadores para llegar a un pronto acuerdo que permita poner fin a este conflicto.<\/p>\n<p>C\u00e1rdenas adem\u00e1s hizo un llamado a la comunidad a mantener la tranquilidad pues esta paralizaci\u00f3n no afecta el normal funcionamiento de los servicios que presta el Hospital Psiqui\u00e1trico de Putaendo, ya que se trata de una situaci\u00f3n que no se relaciona al quehacer diario del recinto de salud en su funcionamiento cl\u00ednico y administrativo ,\u201cuna cosa es la remodelaci\u00f3n del hospital y otra el funcionamiento asistencial y administrativo que brinda el hospital a todo el pa\u00eds, eso sigue con total normalidad, nosotros estamos en conversaciones con la empresa Pixels a objeto de que esto no se prolongue pero entendemos que la paralizaci\u00f3n de los trabajadores no est\u00e1 interfiriendo en el normal funcionamiento del establecimiento\u201d.<\/p>\n<p><strong>\u00a0FRACASA DI\u00c1LOGO<\/strong><\/p>\n<p>Pasadas las 14:30 horas de este jueves y luego que fracasaran las negociaciones entre los trabajadores y la empresa Pixels, m\u00e1s de 150 trabajadores marcharon desde el hospital psiqui\u00e1trico hasta el centro de la comuna de Putaendo.<\/p>\n<p>Rodrigo Gorigoit\u00eda sostuvo que las negociaciones fracasaron luego que la empresa amedrentara a los trabajadores con descontar el d\u00eda luego de haber paralizado las obras de reconstrucci\u00f3n del hospital psiqui\u00e1trico durante la ma\u00f1ana de este jueves, y tambi\u00e9n el dirigente asegur\u00f3 que la empresa les indic\u00f3 que habr\u00edan amonestaciones en contra de todos los trabajadores, por lo que luego de realizar una peque\u00f1a asamblea se decidi\u00f3 emprender rumbo hasta el centro de Putaendo para hacer presi\u00f3n con la finalidad que sus demandas sean escuchadas y para evitar todo tipo de amedrentamiento hacia los trabajadores por parte de la empresa.<\/p>\n<p><strong>\u00a0MARCHAN A PLAZA<\/strong><\/p>\n<p>Simb\u00f3licamente los trabajadores, en una marcha pac\u00edfica se instalaron en el frontis de la Municipalidad de Putaendo luego de recorrer la plaza de la comuna y en la ocasi\u00f3n Gorigoit\u00eda alent\u00f3 a los trabajadores a mantener la lucha y a no dejarse amedrentar por la empresa Pixels, reiterando las exigencias de finalizar con el multi-Rut, adem\u00e1s de advertir que si la empresa sanciona o despide a un s\u00f3lo trabajador, intensificar\u00e1n la movilizaci\u00f3n, lo que gener\u00f3 el espont\u00e1neo aplauso de los m\u00e1s de 150 trabajadores presentes.<\/p>\n<p>Carabineros se mantuvo a una distancia prudente de los manifestantes y custodiaron el edificio de la Municipalidad de Putaendo, pues seg\u00fan se\u00f1al\u00f3 el Capit\u00e1n Juan Vargas Silva, Subcomisario Administrativo de la Segunda Comisar\u00eda de San Felipe, manten\u00edan alguna informaci\u00f3n que los manifestantes eventualmente podr\u00edan ingresar a las dependencias del municipio, lo que afortunadamente no ocurri\u00f3, pues se trat\u00f3 de una manifestaci\u00f3n pac\u00edfica.<\/p>\n<p>El oficial valor\u00f3 el di\u00e1logo que el representante de los trabajadores mantuvo con Carabineros, ya que se les permiti\u00f3 manifestarse con orden y respeto, sin alterar el tr\u00e1nsito y despu\u00e9s de finalizada su marcha se retiraron pac\u00edficamente desde la plaza de Putaendo.<\/p>\n<p>Patricio Gallardo M.<\/p>\n<div class=\"tiled-gallery type-rectangular tiled-gallery-unresized\" data-original-width=\"640\" data-carousel-extra='null' itemscope itemtype=\"http:\/\/schema.org\/ImageGallery\" > <div class=\"gallery-row\" style=\"width: 640px; height: 217px;\" data-original-width=\"640\" data-original-height=\"217\" > <div class=\"gallery-group images-1\" style=\"width: 404px; height: 217px;\" data-original-width=\"404\" data-original-height=\"217\" > <div class=\"tiled-gallery-item tiled-gallery-item-large\" itemprop=\"associatedMedia\" itemscope itemtype=\"http:\/\/schema.org\/ImageObject\"> <a href=\"https:\/\/eltrabajo.cl\/portal\/marchando-trabajadores-rechazan-multi-rut-de-empresa-pixels\/marcha2-5\/\" border=\"0\" itemprop=\"url\"> <meta itemprop=\"width\" content=\"400\"> <meta itemprop=\"height\" content=\"213\"> <img decoding=\"async\" class=\"\" data-attachment-id=\"48758\" data-orig-file=\"https:\/\/eltrabajo.cl\/portal\/wp-content\/uploads\/2014\/07\/Marcha2.jpg\" data-orig-size=\"528,281\" data-comments-opened=\"1\" data-image-meta=\"{&quot;aperture&quot;:&quot;8&quot;,&quot;credit&quot;:&quot;&quot;,&quot;camera&quot;:&quot;Canon EOS REBEL T3&quot;,&quot;caption&quot;:&quot;&quot;,&quot;created_timestamp&quot;:&quot;1392221648&quot;,&quot;copyright&quot;:&quot;&quot;,&quot;focal_length&quot;:&quot;28&quot;,&quot;iso&quot;:&quot;100&quot;,&quot;shutter_speed&quot;:&quot;0.004&quot;,&quot;title&quot;:&quot;&quot;}\" data-image-title=\"Marcha2\" data-image-description=\"&lt;p&gt;ORDENADAMENTE.- Carabineros se mantuvo a una distancia prudente de los manifestantes y custodiaron el edificio de la Municipalidad de Putaendo.&lt;\/p&gt; \" data-medium-file=\"https:\/\/i0.wp.com\/eltrabajo.cl\/portal\/wp-content\/uploads\/2014\/07\/Marcha2.jpg?fit=300%2C159&#038;ssl=1\" data-large-file=\"https:\/\/i0.wp.com\/eltrabajo.cl\/portal\/wp-content\/uploads\/2014\/07\/Marcha2.jpg?fit=528%2C281&#038;ssl=1\" src=\"https:\/\/i0.wp.com\/eltrabajo.cl\/portal\/wp-content\/uploads\/2014\/07\/Marcha2.jpg?w=400&#038;h=213&#038;ssl=1\" srcset=\"https:\/\/i0.wp.com\/eltrabajo.cl\/portal\/wp-content\/uploads\/2014\/07\/Marcha2.jpg?w=528&amp;ssl=1 528w, https:\/\/i0.wp.com\/eltrabajo.cl\/portal\/wp-content\/uploads\/2014\/07\/Marcha2.jpg?resize=200%2C106&amp;ssl=1 200w, https:\/\/i0.wp.com\/eltrabajo.cl\/portal\/wp-content\/uploads\/2014\/07\/Marcha2.jpg?resize=300%2C159&amp;ssl=1 300w, https:\/\/i0.wp.com\/eltrabajo.cl\/portal\/wp-content\/uploads\/2014\/07\/Marcha2.jpg?resize=150%2C79&amp;ssl=1 150w, https:\/\/i0.wp.com\/eltrabajo.cl\/portal\/wp-content\/uploads\/2014\/07\/Marcha2.jpg?resize=400%2C212&amp;ssl=1 400w\" width=\"400\" height=\"213\" loading=\"lazy\" data-original-width=\"400\" data-original-height=\"213\" itemprop=\"http:\/\/schema.org\/image\" title=\"Marcha2\" alt=\"ORDENADAMENTE.- Carabineros se mantuvo a una distancia prudente de los manifestantes y custodiaron el edificio de la Municipalidad de Putaendo.\" style=\"width: 400px; height: 213px;\" \/> <\/a> <div class=\"tiled-gallery-caption\" itemprop=\"caption description\"> ORDENADAMENTE.- Carabineros se mantuvo a una distancia prudente de los manifestantes y custodiaron el edificio de la Municipalidad de Putaendo. <\/div> <\/div> <\/div> <!-- close group --> <div class=\"gallery-group images-1\" style=\"width: 236px; height: 217px;\" data-original-width=\"236\" data-original-height=\"217\" > <div class=\"tiled-gallery-item tiled-gallery-item-small\" itemprop=\"associatedMedia\" itemscope itemtype=\"http:\/\/schema.org\/ImageObject\"> <a href=\"https:\/\/eltrabajo.cl\/portal\/marchando-trabajadores-rechazan-multi-rut-de-empresa-pixels\/rodrigo-gorigoitia\/\" border=\"0\" itemprop=\"url\"> <meta itemprop=\"width\" content=\"232\"> <meta itemprop=\"height\" content=\"213\"> <img decoding=\"async\" class=\"\" data-attachment-id=\"48759\" data-orig-file=\"https:\/\/eltrabajo.cl\/portal\/wp-content\/uploads\/2014\/07\/RODRIGO-GORIGOITIA.jpg\" data-orig-size=\"529,484\" data-comments-opened=\"1\" data-image-meta=\"{&quot;aperture&quot;:&quot;4.5&quot;,&quot;credit&quot;:&quot;&quot;,&quot;camera&quot;:&quot;Canon EOS REBEL T3i&quot;,&quot;caption&quot;:&quot;&quot;,&quot;created_timestamp&quot;:&quot;1404985061&quot;,&quot;copyright&quot;:&quot;[wopmind]&quot;,&quot;focal_length&quot;:&quot;26&quot;,&quot;iso&quot;:&quot;100&quot;,&quot;shutter_speed&quot;:&quot;0.02&quot;,&quot;title&quot;:&quot;&quot;}\" data-image-title=\"RODRIGO GORIGOITIA\" data-image-description=\"&lt;p&gt;Rodrigo Gorigoit\u00eda, dirigente del sindicado de la empresa Pixels.&lt;\/p&gt; \" data-medium-file=\"https:\/\/i0.wp.com\/eltrabajo.cl\/portal\/wp-content\/uploads\/2014\/07\/RODRIGO-GORIGOITIA.jpg?fit=300%2C274&#038;ssl=1\" data-large-file=\"https:\/\/i0.wp.com\/eltrabajo.cl\/portal\/wp-content\/uploads\/2014\/07\/RODRIGO-GORIGOITIA.jpg?fit=529%2C484&#038;ssl=1\" src=\"https:\/\/i0.wp.com\/eltrabajo.cl\/portal\/wp-content\/uploads\/2014\/07\/RODRIGO-GORIGOITIA.jpg?w=232&#038;h=213&#038;ssl=1\" srcset=\"https:\/\/i0.wp.com\/eltrabajo.cl\/portal\/wp-content\/uploads\/2014\/07\/RODRIGO-GORIGOITIA.jpg?w=529&amp;ssl=1 529w, https:\/\/i0.wp.com\/eltrabajo.cl\/portal\/wp-content\/uploads\/2014\/07\/RODRIGO-GORIGOITIA.jpg?resize=163%2C150&amp;ssl=1 163w, https:\/\/i0.wp.com\/eltrabajo.cl\/portal\/wp-content\/uploads\/2014\/07\/RODRIGO-GORIGOITIA.jpg?resize=300%2C274&amp;ssl=1 300w, https:\/\/i0.wp.com\/eltrabajo.cl\/portal\/wp-content\/uploads\/2014\/07\/RODRIGO-GORIGOITIA.jpg?resize=150%2C137&amp;ssl=1 150w, https:\/\/i0.wp.com\/eltrabajo.cl\/portal\/wp-content\/uploads\/2014\/07\/RODRIGO-GORIGOITIA.jpg?resize=400%2C365&amp;ssl=1 400w\" width=\"232\" height=\"213\" loading=\"lazy\" data-original-width=\"232\" data-original-height=\"213\" itemprop=\"http:\/\/schema.org\/image\" title=\"RODRIGO GORIGOITIA\" alt=\"Rodrigo Gorigoit\u00eda, dirigente del sindicado de la empresa Pixels.\" style=\"width: 232px; height: 213px;\" \/> <\/a> <div class=\"tiled-gallery-caption\" itemprop=\"caption description\"> Rodrigo Gorigoit\u00eda, dirigente del sindicado de la empresa Pixels. <\/div> <\/div> <\/div> <!-- close group --> <\/div> <!-- close row --> <\/div>\n","protected":false},"excerpt":{"rendered":"<p>PUTAENDO.- Durante la ma\u00f1ana de este jueves un grupo importante de trabajadores de la Empresa Pixels, a cargo de las obras de remodelaci\u00f3n del hospital psiqui\u00e1trico, realiz\u00f3 una jornada de paralizaci\u00f3n y&#8230;<\/p>\n","protected":false},"author":482,"featured_media":48756,"comment_status":"open","ping_status":"closed","sticky":false,"template":"","format":"standard","meta":{"advanced_seo_description":"","jetpack_seo_html_title":"","jetpack_seo_noindex":false,"_jetpack_memberships_contains_paid_content":false,"footnotes":""},"categories":[15],"tags":[],"class_list":["post-48755","post","type-post","status-publish","format-standard","has-post-thumbnail","hentry","category-comunidad"],"jetpack_featured_media_url":"https:\/\/i0.wp.com\/eltrabajo.cl\/portal\/wp-content\/uploads\/2014\/07\/Marcha1.jpg?fit=529%2C358&ssl=1","jetpack_sharing_enabled":true,"jetpack_likes_enabled":true,"jetpack-related-posts":[],"_links":{"self":[{"href":"https:\/\/eltrabajo.cl\/portal\/wp-json\/wp\/v2\/posts\/48755","targetHints":{"allow":["GET"]}}],"collection":[{"href":"https:\/\/eltrabajo.cl\/portal\/wp-json\/wp\/v2\/posts"}],"about":[{"href":"https:\/\/eltrabajo.cl\/portal\/wp-json\/wp\/v2\/types\/post"}],"author":[{"embeddable":true,"href":"https:\/\/eltrabajo.cl\/portal\/wp-json\/wp\/v2\/users\/482"}],"replies":[{"embeddable":true,"href":"https:\/\/eltrabajo.cl\/portal\/wp-json\/wp\/v2\/comments?post=48755"}],"version-history":[{"count":0,"href":"https:\/\/eltrabajo.cl\/portal\/wp-json\/wp\/v2\/posts\/48755\/revisions"}],"wp:featuredmedia":[{"embeddable":true,"href":"https:\/\/eltrabajo.cl\/portal\/wp-json\/wp\/v2\/media\/48756"}],"wp:attachment":[{"href":"https:\/\/eltrabajo.cl\/portal\/wp-json\/wp\/v2\/media?parent=48755"}],"wp:term":[{"taxonomy":"category","embeddable":true,"href":"https:\/\/eltrabajo.cl\/portal\/wp-json\/wp\/v2\/categories?post=48755"},{"taxonomy":"post_tag","embeddable":true,"href":"https:\/\/eltrabajo.cl\/portal\/wp-json\/wp\/v2\/tags?post=48755"}],"curies":[{"name":"wp","href":"https:\/\/api.w.org\/{rel}","templated":true}]}}