{"id":48766,"date":"2014-07-11T09:12:51","date_gmt":"2014-07-11T13:12:51","guid":{"rendered":"http:\/\/www.eltrabajo.cl\/portal\/?p=48766"},"modified":"2014-07-11T09:12:51","modified_gmt":"2014-07-11T13:12:51","slug":"piden-30-anos-para-acusado-de-violar-hermanitas-de-6-y-8-anos","status":"publish","type":"post","link":"https:\/\/eltrabajo.cl\/portal\/piden-30-anos-para-acusado-de-violar-hermanitas-de-6-y-8-anos\/","title":{"rendered":"Piden 30 a\u00f1os para acusado de violar hermanitas de 6 y 8 a\u00f1os"},"content":{"rendered":"<figure id=\"attachment_48767\" aria-describedby=\"caption-attachment-48767\" style=\"width: 317px\" class=\"wp-caption alignleft\"><a href=\"https:\/\/i0.wp.com\/www.eltrabajo.cl\/portal\/wp-content\/uploads\/2014\/07\/Abusadas1.jpg\"><img data-recalc-dims=\"1\" loading=\"lazy\" decoding=\"async\" class=\" wp-image-48767 \" alt=\"Dos ni\u00f1as de seis y ocho a\u00f1os de edad habr\u00edan sido v\u00edctimas de violaci\u00f3n y abusos sexuales, sindicando como el presunto agresor al que entonces era la pareja de su madre. (Referencial).\" src=\"https:\/\/i0.wp.com\/www.eltrabajo.cl\/portal\/wp-content\/uploads\/2014\/07\/Abusadas1.jpg?resize=317%2C216\" width=\"317\" height=\"216\" srcset=\"https:\/\/i0.wp.com\/eltrabajo.cl\/portal\/wp-content\/uploads\/2014\/07\/Abusadas1.jpg?w=529&amp;ssl=1 529w, https:\/\/i0.wp.com\/eltrabajo.cl\/portal\/wp-content\/uploads\/2014\/07\/Abusadas1.jpg?resize=200%2C136&amp;ssl=1 200w, https:\/\/i0.wp.com\/eltrabajo.cl\/portal\/wp-content\/uploads\/2014\/07\/Abusadas1.jpg?resize=300%2C204&amp;ssl=1 300w, https:\/\/i0.wp.com\/eltrabajo.cl\/portal\/wp-content\/uploads\/2014\/07\/Abusadas1.jpg?resize=150%2C102&amp;ssl=1 150w, https:\/\/i0.wp.com\/eltrabajo.cl\/portal\/wp-content\/uploads\/2014\/07\/Abusadas1.jpg?resize=400%2C272&amp;ssl=1 400w\" sizes=\"auto, (max-width: 317px) 100vw, 317px\" \/><\/a><figcaption id=\"caption-attachment-48767\" class=\"wp-caption-text\">Dos ni\u00f1as de seis y ocho a\u00f1os de edad habr\u00edan sido v\u00edctimas de violaci\u00f3n y abusos sexuales, sindicando como el presunto agresor al que entonces era la pareja de su madre. (Referencial).<\/figcaption><\/figure>\n<p>Dos ni\u00f1as de seis y ocho a\u00f1os de edad habr\u00edan sido v\u00edctimas de violaci\u00f3n y abusos sexuales, sindicando como el presunto agresor al que entonces era la pareja de su madre, identificado como Manuel Victorino S.G.,. de 39 a\u00f1os, con quien viv\u00edan juntos en una vivienda ubicada en la comuna de Panquehue.<\/p>\n<p>Los hechos se fueron develando en el mes de mayo del 2013, cuando la madre de las menores se neg\u00f3 a mantener relaciones sexuales con su pareja en horas de la madrugada. Seg\u00fan el relato de la mujer proporcionado a la Brigada de Delitos Sexuales de la Polic\u00eda de Investigaciones de Los Andes, el imputado tras la negativa, se levant\u00f3 de la cama y al cabo de varios minutos posteriores se dirigi\u00f3 hasta la habitaci\u00f3n de las peque\u00f1as, quienes se encontraban durmiendo.<\/p>\n<p><strong>FUE SORPRENDIDO<\/strong><\/p>\n<p>En esos momentos la madre de las ni\u00f1as sorprendi\u00f3 a su pareja semidesnudo violando bucalmente a una de las ni\u00f1as, mientras les realizaba tocaciones en sus partes \u00edntimas.<\/p>\n<figure id=\"attachment_48768\" aria-describedby=\"caption-attachment-48768\" style=\"width: 190px\" class=\"wp-caption alignright\"><a href=\"https:\/\/i0.wp.com\/www.eltrabajo.cl\/portal\/wp-content\/uploads\/2014\/07\/Fiscal-Quevedo.jpg\"><img data-recalc-dims=\"1\" loading=\"lazy\" decoding=\"async\" class=\" wp-image-48768  \" alt=\"La Fiscal de Delitos Sexuales, Daniela Quevedo Henr\u00edquez indic\u00f3 a Diario El Trabajo que el imputado est\u00e1 siendo acusado de dos delitos de violaci\u00f3n y abuso sexual en contra de dos ni\u00f1as de 6 y 8 a\u00f1os de edad.\" src=\"https:\/\/i0.wp.com\/www.eltrabajo.cl\/portal\/wp-content\/uploads\/2014\/07\/Fiscal-Quevedo.jpg?resize=190%2C226\" width=\"190\" height=\"226\" srcset=\"https:\/\/i0.wp.com\/eltrabajo.cl\/portal\/wp-content\/uploads\/2014\/07\/Fiscal-Quevedo.jpg?w=529&amp;ssl=1 529w, https:\/\/i0.wp.com\/eltrabajo.cl\/portal\/wp-content\/uploads\/2014\/07\/Fiscal-Quevedo.jpg?resize=126%2C150&amp;ssl=1 126w, https:\/\/i0.wp.com\/eltrabajo.cl\/portal\/wp-content\/uploads\/2014\/07\/Fiscal-Quevedo.jpg?resize=252%2C300&amp;ssl=1 252w, https:\/\/i0.wp.com\/eltrabajo.cl\/portal\/wp-content\/uploads\/2014\/07\/Fiscal-Quevedo.jpg?resize=400%2C475&amp;ssl=1 400w\" sizes=\"auto, (max-width: 190px) 100vw, 190px\" \/><\/a><figcaption id=\"caption-attachment-48768\" class=\"wp-caption-text\">La Fiscal de Delitos Sexuales, Daniela Quevedo Henr\u00edquez indic\u00f3 a Diario El Trabajo que el imputado est\u00e1 siendo acusado de dos delitos de violaci\u00f3n y abuso sexual en contra de dos ni\u00f1as de 6 y 8 a\u00f1os de edad.<\/figcaption><\/figure>\n<p>Tras esta impactante escena, la mujer encar\u00f3 a este sujeto por lo que estaba realizando tomando su tel\u00e9fono celular con la intenci\u00f3n de denunciar a la Polic\u00eda, por lo que el sujeto se lo arrebat\u00f3 para luego escapar de la vivienda.<\/p>\n<p>Luego de ser denunciados estos hechos ante la Polic\u00eda, se descubri\u00f3 un segundo hecho de abuso sexual en contra de otra hija de la mujer de ocho a\u00f1os de edad por parte de Manuel, en un episodio cuando se trasladaban en un microb\u00fas desde San Felipe hacia Panquehue, por lo que fue detenido y formalizado, quedando hasta la fecha bajo la cautelar de Prisi\u00f3n Preventiva.<\/p>\n<p>No obstante estos hechos est\u00e1n siendo debatidos en el Tribunal Oral en lo Penal de San Felipe, donde la Fiscal Daniela Quevedo Henr\u00edquez est\u00e1 solicitando dos penas de 20 y 10 a\u00f1os de presidio por Violaci\u00f3n y Abuso sexual en contra de las dos ni\u00f1as.<\/p>\n<p>\u201cEstamos en pleno proceso de juicio y esperamos finalizar el pr\u00f3ximo d\u00eda lunes. Han declarado las v\u00edctimas junto a su madre, un perito psicol\u00f3gico del Cavas; una ginec\u00f3loga de Valpara\u00edso y funcionarios policiales. El relato de las menores sirve para generar convicci\u00f3n al tribunal para confirmar que efectivamente los hechos ocurrieron c\u00f3mo dicen las menores que ocurrieron, de que el imputado particip\u00f3 en los hechos y que no fueron inventados por las menores o un tercero, estas son vivencias que puede apreciar el propio tribunal a trav\u00e9s de los gestos que realizan, del estado de \u00e1nimo de las menores al relatar lo vivido\u201d, manifest\u00f3 la Fiscal Quevedo.<\/p>\n<p>Pablo Salinas Sald\u00edas<\/p>\n","protected":false},"excerpt":{"rendered":"<p>Dos ni\u00f1as de seis y ocho a\u00f1os de edad habr\u00edan sido v\u00edctimas de violaci\u00f3n y abusos sexuales, sindicando como el presunto agresor al que entonces era la pareja de su madre, identificado&#8230;<\/p>\n","protected":false},"author":482,"featured_media":48767,"comment_status":"open","ping_status":"closed","sticky":false,"template":"","format":"standard","meta":{"advanced_seo_description":"","jetpack_seo_html_title":"","jetpack_seo_noindex":false,"_jetpack_memberships_contains_paid_content":false,"footnotes":""},"categories":[21],"tags":[],"class_list":["post-48766","post","type-post","status-publish","format-standard","has-post-thumbnail","hentry","category-policial"],"jetpack_featured_media_url":"https:\/\/i0.wp.com\/eltrabajo.cl\/portal\/wp-content\/uploads\/2014\/07\/Abusadas1.jpg?fit=529%2C360&ssl=1","jetpack_sharing_enabled":true,"jetpack_likes_enabled":true,"jetpack-related-posts":[],"_links":{"self":[{"href":"https:\/\/eltrabajo.cl\/portal\/wp-json\/wp\/v2\/posts\/48766","targetHints":{"allow":["GET"]}}],"collection":[{"href":"https:\/\/eltrabajo.cl\/portal\/wp-json\/wp\/v2\/posts"}],"about":[{"href":"https:\/\/eltrabajo.cl\/portal\/wp-json\/wp\/v2\/types\/post"}],"author":[{"embeddable":true,"href":"https:\/\/eltrabajo.cl\/portal\/wp-json\/wp\/v2\/users\/482"}],"replies":[{"embeddable":true,"href":"https:\/\/eltrabajo.cl\/portal\/wp-json\/wp\/v2\/comments?post=48766"}],"version-history":[{"count":0,"href":"https:\/\/eltrabajo.cl\/portal\/wp-json\/wp\/v2\/posts\/48766\/revisions"}],"wp:featuredmedia":[{"embeddable":true,"href":"https:\/\/eltrabajo.cl\/portal\/wp-json\/wp\/v2\/media\/48767"}],"wp:attachment":[{"href":"https:\/\/eltrabajo.cl\/portal\/wp-json\/wp\/v2\/media?parent=48766"}],"wp:term":[{"taxonomy":"category","embeddable":true,"href":"https:\/\/eltrabajo.cl\/portal\/wp-json\/wp\/v2\/categories?post=48766"},{"taxonomy":"post_tag","embeddable":true,"href":"https:\/\/eltrabajo.cl\/portal\/wp-json\/wp\/v2\/tags?post=48766"}],"curies":[{"name":"wp","href":"https:\/\/api.w.org\/{rel}","templated":true}]}}