{"id":48772,"date":"2014-07-11T09:14:48","date_gmt":"2014-07-11T13:14:48","guid":{"rendered":"http:\/\/www.eltrabajo.cl\/portal\/?p=48772"},"modified":"2014-07-11T09:14:48","modified_gmt":"2014-07-11T13:14:48","slug":"corte-de-apelaciones-impidio-que-jueza-de-garantia-dejara-libre-asesina-confesa","status":"publish","type":"post","link":"https:\/\/eltrabajo.cl\/portal\/corte-de-apelaciones-impidio-que-jueza-de-garantia-dejara-libre-asesina-confesa\/","title":{"rendered":"Corte de Apelaciones impidi\u00f3 que Jueza de Garant\u00eda dejara libre asesina confesa"},"content":{"rendered":"<figure id=\"attachment_48773\" aria-describedby=\"caption-attachment-48773\" style=\"width: 529px\" class=\"wp-caption alignnone\"><a href=\"https:\/\/i0.wp.com\/www.eltrabajo.cl\/portal\/wp-content\/uploads\/2014\/07\/Asesina11.jpg\"><img data-recalc-dims=\"1\" loading=\"lazy\" decoding=\"async\" class=\"size-full wp-image-48773\" alt=\"QUED\u00d3 PRESA.- La Corte de Apelaciones de Valpara\u00edso revoc\u00f3 la libertad de Victoria Lazo Barrera, ordenando ingresar de inmediato a cumplir la cautelar de Prisi\u00f3n Preventiva.\" src=\"https:\/\/i0.wp.com\/www.eltrabajo.cl\/portal\/wp-content\/uploads\/2014\/07\/Asesina11.jpg?resize=529%2C388\" width=\"529\" height=\"388\" srcset=\"https:\/\/i0.wp.com\/eltrabajo.cl\/portal\/wp-content\/uploads\/2014\/07\/Asesina11.jpg?w=529&amp;ssl=1 529w, https:\/\/i0.wp.com\/eltrabajo.cl\/portal\/wp-content\/uploads\/2014\/07\/Asesina11.jpg?resize=200%2C146&amp;ssl=1 200w, https:\/\/i0.wp.com\/eltrabajo.cl\/portal\/wp-content\/uploads\/2014\/07\/Asesina11.jpg?resize=300%2C220&amp;ssl=1 300w, https:\/\/i0.wp.com\/eltrabajo.cl\/portal\/wp-content\/uploads\/2014\/07\/Asesina11.jpg?resize=150%2C110&amp;ssl=1 150w, https:\/\/i0.wp.com\/eltrabajo.cl\/portal\/wp-content\/uploads\/2014\/07\/Asesina11.jpg?resize=400%2C293&amp;ssl=1 400w\" sizes=\"auto, (max-width: 529px) 100vw, 529px\" \/><\/a><figcaption id=\"caption-attachment-48773\" class=\"wp-caption-text\">QUED\u00d3 PRESA.- La Corte de Apelaciones de Valpara\u00edso revoc\u00f3 la libertad de Victoria Lazo Barrera, ordenando ingresar de inmediato a cumplir la cautelar de Prisi\u00f3n Preventiva.<\/figcaption><\/figure>\n<p>En horas de la ma\u00f1ana de ayer jueves la Ilustr\u00edsima Corte de Apelaciones de Valpara\u00edso revoc\u00f3 la resoluci\u00f3n de la Jueza de Garant\u00eda Interina de San Felipe, Daniela Torres Flores, quien dej\u00f3 en libertad a una mujer formalizada por el delito de homicidio simple, ordenando de inmediato su ingreso para cumplir la cautelar de prisi\u00f3n preventiva tras permanecer en custodia de Gendarmer\u00eda.<\/p>\n<p>As\u00ed lo inform\u00f3 a Diario El Trabajo, el Fiscal Jefe del Ministerio P\u00fablico de San Felipe, Osvaldo Basso Cerda, luego de apelar verbalmente ante el Tribunal de Alzada para que desestimara la decisi\u00f3n de la Jueza Torres, de dejar en libertad y sin ning\u00fan tipo de cautelar a Victoria Alejandra Lazo Barrera, quien dio muerte de una apu\u00f1alada en el t\u00f3rax a Jorge Benavides Manr\u00edquez, con quien sostuvo una relaci\u00f3n extramarital por diez a\u00f1os en la comuna de Santa Mar\u00eda el pasado martes 8 de julio en el ante jard\u00edn de su vivienda en la poblaci\u00f3n Roberto Huerta.<\/p>\n<p>Tal como lo informamos en nuestra edici\u00f3n el d\u00eda de ayer jueves, la imputada confes\u00f3 haber sostenido una discusi\u00f3n con Jorge Benavides, quien irrumpi\u00f3 en su vivienda clandestinamente en estado de ebriedad. En esos momentos la acusada asegur\u00f3 haber tomado un cuchillo cocinero y propinarle un corte en el ment\u00f3n y una estocada del tipo homicida en el pecho a la altura del coraz\u00f3n, perdiendo la vida a los pocos minutos, alegando una leg\u00edtima defensa.<\/p>\n<p>Sin embargo, esto significa que la Ilustr\u00edsima Corte respalda los fundamentos de la acusaci\u00f3n que elev\u00f3 el Fiscal Basso, considerando que la imputada s\u00ed es un peligro para la sociedad por atentar contra la vida humana y un peligro de fuga a la hora de que se ejecute un juicio oral en su contra para esclarecer los hechos dentro de 120 d\u00edas decretados para la investigaci\u00f3n.<\/p>\n<p>Pablo Salinas Sald\u00edas<\/p>\n","protected":false},"excerpt":{"rendered":"<p>En horas de la ma\u00f1ana de ayer jueves la Ilustr\u00edsima Corte de Apelaciones de Valpara\u00edso revoc\u00f3 la resoluci\u00f3n de la Jueza de Garant\u00eda Interina de San Felipe, Daniela Torres Flores, quien dej\u00f3&#8230;<\/p>\n","protected":false},"author":482,"featured_media":48773,"comment_status":"open","ping_status":"closed","sticky":false,"template":"","format":"standard","meta":{"advanced_seo_description":"","jetpack_seo_html_title":"","jetpack_seo_noindex":false,"_jetpack_memberships_contains_paid_content":false,"footnotes":""},"categories":[21],"tags":[],"class_list":["post-48772","post","type-post","status-publish","format-standard","has-post-thumbnail","hentry","category-policial"],"jetpack_featured_media_url":"https:\/\/i0.wp.com\/eltrabajo.cl\/portal\/wp-content\/uploads\/2014\/07\/Asesina11.jpg?fit=529%2C388&ssl=1","jetpack_sharing_enabled":true,"jetpack_likes_enabled":true,"jetpack-related-posts":[],"_links":{"self":[{"href":"https:\/\/eltrabajo.cl\/portal\/wp-json\/wp\/v2\/posts\/48772","targetHints":{"allow":["GET"]}}],"collection":[{"href":"https:\/\/eltrabajo.cl\/portal\/wp-json\/wp\/v2\/posts"}],"about":[{"href":"https:\/\/eltrabajo.cl\/portal\/wp-json\/wp\/v2\/types\/post"}],"author":[{"embeddable":true,"href":"https:\/\/eltrabajo.cl\/portal\/wp-json\/wp\/v2\/users\/482"}],"replies":[{"embeddable":true,"href":"https:\/\/eltrabajo.cl\/portal\/wp-json\/wp\/v2\/comments?post=48772"}],"version-history":[{"count":0,"href":"https:\/\/eltrabajo.cl\/portal\/wp-json\/wp\/v2\/posts\/48772\/revisions"}],"wp:featuredmedia":[{"embeddable":true,"href":"https:\/\/eltrabajo.cl\/portal\/wp-json\/wp\/v2\/media\/48773"}],"wp:attachment":[{"href":"https:\/\/eltrabajo.cl\/portal\/wp-json\/wp\/v2\/media?parent=48772"}],"wp:term":[{"taxonomy":"category","embeddable":true,"href":"https:\/\/eltrabajo.cl\/portal\/wp-json\/wp\/v2\/categories?post=48772"},{"taxonomy":"post_tag","embeddable":true,"href":"https:\/\/eltrabajo.cl\/portal\/wp-json\/wp\/v2\/tags?post=48772"}],"curies":[{"name":"wp","href":"https:\/\/api.w.org\/{rel}","templated":true}]}}