{"id":48783,"date":"2014-07-14T09:18:26","date_gmt":"2014-07-14T13:18:26","guid":{"rendered":"http:\/\/www.eltrabajo.cl\/portal\/?p=48783"},"modified":"2014-07-14T09:18:26","modified_gmt":"2014-07-14T13:18:26","slug":"vecinos-rellenan-peligroso-desnivel-en-camino-de-cerro-el-llano","status":"publish","type":"post","link":"https:\/\/eltrabajo.cl\/portal\/vecinos-rellenan-peligroso-desnivel-en-camino-de-cerro-el-llano\/","title":{"rendered":"Vecinos rellenan peligroso desnivel en camino de Cerro El Llano"},"content":{"rendered":"<figure id=\"attachment_48784\" aria-describedby=\"caption-attachment-48784\" style=\"width: 529px\" class=\"wp-caption alignnone\"><a href=\"https:\/\/i0.wp.com\/www.eltrabajo.cl\/portal\/wp-content\/uploads\/2014\/07\/Llano1.jpg\"><img data-recalc-dims=\"1\" loading=\"lazy\" decoding=\"async\" class=\"size-full wp-image-48784\" alt=\"Fernando Irarr\u00e1zabal, Presidente de la Junta de Vecinos de Cerro El Llano, agradeci\u00f3 el trabajo de los vecinos.\" src=\"https:\/\/i0.wp.com\/www.eltrabajo.cl\/portal\/wp-content\/uploads\/2014\/07\/Llano1.jpg?resize=529%2C358\" width=\"529\" height=\"358\" srcset=\"https:\/\/i0.wp.com\/eltrabajo.cl\/portal\/wp-content\/uploads\/2014\/07\/Llano1.jpg?w=529&amp;ssl=1 529w, https:\/\/i0.wp.com\/eltrabajo.cl\/portal\/wp-content\/uploads\/2014\/07\/Llano1.jpg?resize=200%2C135&amp;ssl=1 200w, https:\/\/i0.wp.com\/eltrabajo.cl\/portal\/wp-content\/uploads\/2014\/07\/Llano1.jpg?resize=300%2C203&amp;ssl=1 300w, https:\/\/i0.wp.com\/eltrabajo.cl\/portal\/wp-content\/uploads\/2014\/07\/Llano1.jpg?resize=150%2C101&amp;ssl=1 150w, https:\/\/i0.wp.com\/eltrabajo.cl\/portal\/wp-content\/uploads\/2014\/07\/Llano1.jpg?resize=400%2C270&amp;ssl=1 400w\" sizes=\"auto, (max-width: 529px) 100vw, 529px\" \/><\/a><figcaption id=\"caption-attachment-48784\" class=\"wp-caption-text\">Fernando Irarr\u00e1zabal, Presidente de la Junta de Vecinos de Cerro El Llano, agradeci\u00f3 el trabajo de los vecinos.<\/figcaption><\/figure>\n<p><strong>PUTAENDO.<\/strong>&#8211; Finalmente los vecinos de Cerro El Llano se organizaron y con sus propias manos se dieron el trabajo de rellenar un desnivel a orilla de camino que pon\u00eda en riesgo a los automovilistas y peatones. Recordemos que ya el 10 de septiembre del a\u00f1o pasado, los vecinos del sector hicieron ver lo peligrosa de esta situaci\u00f3n, luego que al ser entregado el nuevo camino que conduce a Cerro El Llano, este desnivel gener\u00f3 un serio peligro para automovilistas y peatones, pues adem\u00e1s nunca existi\u00f3 una barrera de contenci\u00f3n, a pesar que esto fue solicitado por los vecinos a Vialidad en varias ocasiones y a trav\u00e9s de diferentes medios, pero literalmente la entidad hizo o\u00eddos sordos al reclamo de la comunidad y nunca se interes\u00f3 en solucionar esta situaci\u00f3n.<\/p>\n<p>Los vecinos se organizaron y colocaron una importante cantidad de piedras y poco a poco fueron rellenando este desnivel con tierra que fue aportada por la Municipalidad de Putaendo y la comunidad, entre los que se cuenta al Concejal Sergio Zamora, trabajaron durante tres d\u00edas para nivelar y compactar esa zona. Adem\u00e1s los vecinos ornamentaron el lugar con \u00e1rboles.<\/p>\n<p>Fernando Irarr\u00e1zabal, Presidente de la Junta de Vecinos de Cerro El Llano, agradeci\u00f3 el trabajo de los vecinos, el apoyo del Concejal Zamora y del municipio, adem\u00e1s critic\u00f3 duramente a la Direcci\u00f3n Provincial de Vialidad, ya que seguramente estaban esperando que ocurriera una tragedia para hacer reparaciones en ese sector, pues los fines de semana suben muchos veh\u00edculos hasta el Parque Escult\u00f3rico Cementerio de Carretas.<\/p>\n<p>Patricio Gallardo M.<\/p>\n<p>&nbsp;<\/p>\n","protected":false},"excerpt":{"rendered":"<p>PUTAENDO.&#8211; Finalmente los vecinos de Cerro El Llano se organizaron y con sus propias manos se dieron el trabajo de rellenar un desnivel a orilla de camino que pon\u00eda en riesgo a&#8230;<\/p>\n","protected":false},"author":482,"featured_media":48784,"comment_status":"open","ping_status":"closed","sticky":false,"template":"","format":"standard","meta":{"advanced_seo_description":"","jetpack_seo_html_title":"","jetpack_seo_noindex":false,"_jetpack_memberships_contains_paid_content":false,"footnotes":""},"categories":[15],"tags":[],"class_list":["post-48783","post","type-post","status-publish","format-standard","has-post-thumbnail","hentry","category-comunidad"],"jetpack_featured_media_url":"https:\/\/i0.wp.com\/eltrabajo.cl\/portal\/wp-content\/uploads\/2014\/07\/Llano1.jpg?fit=529%2C358&ssl=1","jetpack_sharing_enabled":true,"jetpack_likes_enabled":true,"jetpack-related-posts":[],"_links":{"self":[{"href":"https:\/\/eltrabajo.cl\/portal\/wp-json\/wp\/v2\/posts\/48783","targetHints":{"allow":["GET"]}}],"collection":[{"href":"https:\/\/eltrabajo.cl\/portal\/wp-json\/wp\/v2\/posts"}],"about":[{"href":"https:\/\/eltrabajo.cl\/portal\/wp-json\/wp\/v2\/types\/post"}],"author":[{"embeddable":true,"href":"https:\/\/eltrabajo.cl\/portal\/wp-json\/wp\/v2\/users\/482"}],"replies":[{"embeddable":true,"href":"https:\/\/eltrabajo.cl\/portal\/wp-json\/wp\/v2\/comments?post=48783"}],"version-history":[{"count":0,"href":"https:\/\/eltrabajo.cl\/portal\/wp-json\/wp\/v2\/posts\/48783\/revisions"}],"wp:featuredmedia":[{"embeddable":true,"href":"https:\/\/eltrabajo.cl\/portal\/wp-json\/wp\/v2\/media\/48784"}],"wp:attachment":[{"href":"https:\/\/eltrabajo.cl\/portal\/wp-json\/wp\/v2\/media?parent=48783"}],"wp:term":[{"taxonomy":"category","embeddable":true,"href":"https:\/\/eltrabajo.cl\/portal\/wp-json\/wp\/v2\/categories?post=48783"},{"taxonomy":"post_tag","embeddable":true,"href":"https:\/\/eltrabajo.cl\/portal\/wp-json\/wp\/v2\/tags?post=48783"}],"curies":[{"name":"wp","href":"https:\/\/api.w.org\/{rel}","templated":true}]}}