{"id":48786,"date":"2014-07-14T09:20:16","date_gmt":"2014-07-14T13:20:16","guid":{"rendered":"http:\/\/www.eltrabajo.cl\/portal\/?p=48786"},"modified":"2014-07-14T09:20:16","modified_gmt":"2014-07-14T13:20:16","slug":"buscan-nombres-de-andinos-destacados-ciudadanos-distinguidos-e-hijo-ilustre","status":"publish","type":"post","link":"https:\/\/eltrabajo.cl\/portal\/buscan-nombres-de-andinos-destacados-ciudadanos-distinguidos-e-hijo-ilustre\/","title":{"rendered":"Buscan nombres de Andinos destacados, Ciudadanos distinguidos e Hijo Ilustre"},"content":{"rendered":"<figure id=\"attachment_48787\" aria-describedby=\"caption-attachment-48787\" style=\"width: 317px\" class=\"wp-caption alignleft\"><a href=\"https:\/\/i0.wp.com\/www.eltrabajo.cl\/portal\/wp-content\/uploads\/2014\/07\/Luis-Rojas.jpg\"><img data-recalc-dims=\"1\" loading=\"lazy\" decoding=\"async\" class=\" wp-image-48787 \" alt=\"PROFESOR POSTULADO.- Luis Rojas ha tenido una activa participaci\u00f3n en el rescate del patrimonio cultural del Valle de Aconcagua.\" src=\"https:\/\/i0.wp.com\/www.eltrabajo.cl\/portal\/wp-content\/uploads\/2014\/07\/Luis-Rojas.jpg?resize=317%2C240\" width=\"317\" height=\"240\" srcset=\"https:\/\/i0.wp.com\/eltrabajo.cl\/portal\/wp-content\/uploads\/2014\/07\/Luis-Rojas.jpg?w=528&amp;ssl=1 528w, https:\/\/i0.wp.com\/eltrabajo.cl\/portal\/wp-content\/uploads\/2014\/07\/Luis-Rojas.jpg?resize=198%2C150&amp;ssl=1 198w, https:\/\/i0.wp.com\/eltrabajo.cl\/portal\/wp-content\/uploads\/2014\/07\/Luis-Rojas.jpg?resize=300%2C227&amp;ssl=1 300w, https:\/\/i0.wp.com\/eltrabajo.cl\/portal\/wp-content\/uploads\/2014\/07\/Luis-Rojas.jpg?resize=150%2C113&amp;ssl=1 150w, https:\/\/i0.wp.com\/eltrabajo.cl\/portal\/wp-content\/uploads\/2014\/07\/Luis-Rojas.jpg?resize=400%2C303&amp;ssl=1 400w\" sizes=\"auto, (max-width: 317px) 100vw, 317px\" \/><\/a><figcaption id=\"caption-attachment-48787\" class=\"wp-caption-text\">PROFESOR POSTULADO.- Luis Rojas ha tenido una activa participaci\u00f3n en el rescate del patrimonio cultural del Valle de Aconcagua.<\/figcaption><\/figure>\n<p><strong>LOS ANDES.<\/strong>&#8211; El Concejal Octavio Arellano inst\u00f3 al concejo municipal para que acoja la propuesta de la ciudadan\u00eda respecto a los nombres de las personas que este a\u00f1o sean designadas como Andinos Destacados, Ciudadanos Distinguidos e Hijo Ilustre de la ciudad en el marco del aniversario N\u00ba 223 de la ciudad de Los Andes.<\/p>\n<p>\u201cEn esta materia el concejo debe abrirse a considerar las propuestas de nominaciones que nos haga la comunidad, en cuando a la entrega de reconocimientos a vecinos e instituciones destacadas, por lo que invito a la comunidad para que me hagan llegar sus sugerencias en las diversas categor\u00edas a objeto de someterlas a la consideraci\u00f3n del concejo, acompa\u00f1ando en una carpeta los antecedentes que justifiquen cada nombre propuesto. Los propios vecinos son los que saben mejor que nadie quienes se la juegan d\u00eda a d\u00eda por su comunidad y que merecen ser reconocidos. As\u00ed podremos interpretar de mejor manera el sentir de la comunidad, abriendo un real espacio de participaci\u00f3n\u201d, expres\u00f3 el edil.<\/p>\n<p>El concejal agreg\u00f3 que \u201cel aniversario de la ciudad debe ser una fiesta de la comunidad, en que se rescate el esp\u00edritu de colaboraci\u00f3n de sus vecinos con el mejoramiento de la calidad de vida y la convivencia comunal, por lo que invito a los vecinos a participar en las sesiones del concejo, que son p\u00fablicas, siendo una buena pedagog\u00eda de la participaci\u00f3n en los asuntos locales que all\u00ed se plantean\u201d.<\/p>\n<p>En la categor\u00eda Hijo Ilustre de la comuna, el Concejal Arellano propuso al Concejo Municipal la nominaci\u00f3n del profesor Luis Rojas J\u00e9lvez, atendida su valiosa contribuci\u00f3n como profesor, ex-trabajador minero, ex-dirigente gremial de los trabajadores municipales, activo colaborador del Consejo de Monumentos Nacionales y durante los \u00faltimos a\u00f1os Secretario Municipal de Los Andes.<\/p>\n<p>En su propuesta, el concejal destac\u00f3 que Luis Rojas ha tenido una activa participaci\u00f3n en el rescate del patrimonio cultural del Valle de Aconcagua, colaborando en investigaciones hist\u00f3ricas como es el caso del rescate de la estaci\u00f3n de ferrocarriles y del mural de Gregorio De la Fuente, la defensa del ferrocarril transandino, siendo el gestor de la restauraci\u00f3n del mural de la estaci\u00f3n por el propio autor en la d\u00e9cada de los noventa. Tambi\u00e9n ha sido un activo promotor del rescate hist\u00f3rico de la presencia de la Premio Nobel Gabriela Mistral en la ciudad de Los Andes (1912-1918), de quien incluso est\u00e1 escribiendo un libro sobre Gabriela Mistral en este momento. Tambi\u00e9n ha hecho contribuciones a la defensa del medioambiente y en particular del uso de las aguas del R\u00edo Aconcagua, siendo gestor de la visita a esta ciudad del investigador Dr. Curry, quien promueve la protecci\u00f3n de las aguas mediante la alimentaci\u00f3n dirigida de las napas subterr\u00e1neas.<\/p>\n<p>&nbsp;<\/p>\n","protected":false},"excerpt":{"rendered":"<p>LOS ANDES.&#8211; El Concejal Octavio Arellano inst\u00f3 al concejo municipal para que acoja la propuesta de la ciudadan\u00eda respecto a los nombres de las personas que este a\u00f1o sean designadas como Andinos&#8230;<\/p>\n","protected":false},"author":482,"featured_media":48787,"comment_status":"open","ping_status":"closed","sticky":false,"template":"","format":"standard","meta":{"advanced_seo_description":"","jetpack_seo_html_title":"","jetpack_seo_noindex":false,"_jetpack_memberships_contains_paid_content":false,"footnotes":""},"categories":[15],"tags":[],"class_list":["post-48786","post","type-post","status-publish","format-standard","has-post-thumbnail","hentry","category-comunidad"],"jetpack_featured_media_url":"https:\/\/i0.wp.com\/eltrabajo.cl\/portal\/wp-content\/uploads\/2014\/07\/Luis-Rojas.jpg?fit=528%2C400&ssl=1","jetpack_sharing_enabled":true,"jetpack_likes_enabled":true,"jetpack-related-posts":[],"_links":{"self":[{"href":"https:\/\/eltrabajo.cl\/portal\/wp-json\/wp\/v2\/posts\/48786","targetHints":{"allow":["GET"]}}],"collection":[{"href":"https:\/\/eltrabajo.cl\/portal\/wp-json\/wp\/v2\/posts"}],"about":[{"href":"https:\/\/eltrabajo.cl\/portal\/wp-json\/wp\/v2\/types\/post"}],"author":[{"embeddable":true,"href":"https:\/\/eltrabajo.cl\/portal\/wp-json\/wp\/v2\/users\/482"}],"replies":[{"embeddable":true,"href":"https:\/\/eltrabajo.cl\/portal\/wp-json\/wp\/v2\/comments?post=48786"}],"version-history":[{"count":0,"href":"https:\/\/eltrabajo.cl\/portal\/wp-json\/wp\/v2\/posts\/48786\/revisions"}],"wp:featuredmedia":[{"embeddable":true,"href":"https:\/\/eltrabajo.cl\/portal\/wp-json\/wp\/v2\/media\/48787"}],"wp:attachment":[{"href":"https:\/\/eltrabajo.cl\/portal\/wp-json\/wp\/v2\/media?parent=48786"}],"wp:term":[{"taxonomy":"category","embeddable":true,"href":"https:\/\/eltrabajo.cl\/portal\/wp-json\/wp\/v2\/categories?post=48786"},{"taxonomy":"post_tag","embeddable":true,"href":"https:\/\/eltrabajo.cl\/portal\/wp-json\/wp\/v2\/tags?post=48786"}],"curies":[{"name":"wp","href":"https:\/\/api.w.org\/{rel}","templated":true}]}}