{"id":48797,"date":"2014-07-14T09:25:24","date_gmt":"2014-07-14T13:25:24","guid":{"rendered":"http:\/\/www.eltrabajo.cl\/portal\/?p=48797"},"modified":"2014-07-14T09:25:24","modified_gmt":"2014-07-14T13:25:24","slug":"familiares-vecinos-y-amigos-despiden-al-pequeno-kevin-munoz","status":"publish","type":"post","link":"https:\/\/eltrabajo.cl\/portal\/familiares-vecinos-y-amigos-despiden-al-pequeno-kevin-munoz\/","title":{"rendered":"Familiares, vecinos y amigos despiden al peque\u00f1o Kevin Mu\u00f1oz"},"content":{"rendered":"<figure id=\"attachment_48798\" aria-describedby=\"caption-attachment-48798\" style=\"width: 529px\" class=\"wp-caption alignnone\"><a href=\"https:\/\/i0.wp.com\/www.eltrabajo.cl\/portal\/wp-content\/uploads\/2014\/07\/Funerales1.jpg\"><img data-recalc-dims=\"1\" loading=\"lazy\" decoding=\"async\" class=\"size-full wp-image-48798\" alt=\"ADI\u00d3S AL ANGELITO.- Un emotivo funeral tuvo el peque\u00f1o Kevin Mu\u00f1oz Lobos, quien fue sepultado a eso del mediod\u00eda de este viernes en el cementerio parroquial.\" src=\"https:\/\/i0.wp.com\/www.eltrabajo.cl\/portal\/wp-content\/uploads\/2014\/07\/Funerales1.jpg?resize=529%2C369\" width=\"529\" height=\"369\" srcset=\"https:\/\/i0.wp.com\/eltrabajo.cl\/portal\/wp-content\/uploads\/2014\/07\/Funerales1.jpg?w=529&amp;ssl=1 529w, https:\/\/i0.wp.com\/eltrabajo.cl\/portal\/wp-content\/uploads\/2014\/07\/Funerales1.jpg?resize=200%2C139&amp;ssl=1 200w, https:\/\/i0.wp.com\/eltrabajo.cl\/portal\/wp-content\/uploads\/2014\/07\/Funerales1.jpg?resize=300%2C209&amp;ssl=1 300w, https:\/\/i0.wp.com\/eltrabajo.cl\/portal\/wp-content\/uploads\/2014\/07\/Funerales1.jpg?resize=150%2C104&amp;ssl=1 150w, https:\/\/i0.wp.com\/eltrabajo.cl\/portal\/wp-content\/uploads\/2014\/07\/Funerales1.jpg?resize=400%2C279&amp;ssl=1 400w\" sizes=\"auto, (max-width: 529px) 100vw, 529px\" \/><\/a><figcaption id=\"caption-attachment-48798\" class=\"wp-caption-text\">ADI\u00d3S AL ANGELITO.- Un emotivo funeral tuvo el peque\u00f1o Kevin Mu\u00f1oz Lobos, quien fue sepultado a eso del mediod\u00eda de este viernes en el cementerio parroquial.<\/figcaption><\/figure>\n<p><strong>PUTAENDO<\/strong>.- Un emotivo funeral tuvo el peque\u00f1o Kevin Mu\u00f1oz Lobos, quien fue sepultado a eso del mediod\u00eda de este viernes en el cementerio parroquial. Este peque\u00f1o que lamentablemente naci\u00f3 fallecido, fue velado en la casa de sus padres en Poblaci\u00f3n San Mart\u00edn y pasadas las 11:30 horas de este viernes, la peque\u00f1a urna fue trasladada hasta el cementerio parroquial acompa\u00f1ada de una gran caravana de veh\u00edculos.<\/p>\n<p>En el recinto, un pastor de la Iglesia Adventista fue el encargado de realizar un peque\u00f1o responso y posteriormente el abuelo del peque\u00f1o Kevin, Waldo Lobos, agradeci\u00f3 la presencia de todos quienes acompa\u00f1aron a esta familia en estos dif\u00edciles momentos. Susana Lobos y Daniel Mu\u00f1oz, estos j\u00f3venes padres hoy tratan de reponerse ante el dif\u00edcil momento vivido, que sin lugar a dudas es uno de los m\u00e1s terribles que se puedan vivir, pero tambi\u00e9n han reconocido y agradecido el tremendo cari\u00f1o y amor que sus familiares, vecinos, amigos y gran parte de la comuna les han hecho sentir en estos dif\u00edciles momentos.<\/p>\n<p>Patricio Gallardo M.<\/p>\n<p>&nbsp;<\/p>\n","protected":false},"excerpt":{"rendered":"<p>PUTAENDO.- Un emotivo funeral tuvo el peque\u00f1o Kevin Mu\u00f1oz Lobos, quien fue sepultado a eso del mediod\u00eda de este viernes en el cementerio parroquial. Este peque\u00f1o que lamentablemente naci\u00f3 fallecido, fue velado&#8230;<\/p>\n","protected":false},"author":482,"featured_media":48798,"comment_status":"open","ping_status":"closed","sticky":false,"template":"","format":"standard","meta":{"advanced_seo_description":"","jetpack_seo_html_title":"","jetpack_seo_noindex":false,"_jetpack_memberships_contains_paid_content":false,"footnotes":""},"categories":[15],"tags":[],"class_list":["post-48797","post","type-post","status-publish","format-standard","has-post-thumbnail","hentry","category-comunidad"],"jetpack_featured_media_url":"https:\/\/i0.wp.com\/eltrabajo.cl\/portal\/wp-content\/uploads\/2014\/07\/Funerales1.jpg?fit=529%2C369&ssl=1","jetpack_sharing_enabled":true,"jetpack_likes_enabled":true,"jetpack-related-posts":[],"_links":{"self":[{"href":"https:\/\/eltrabajo.cl\/portal\/wp-json\/wp\/v2\/posts\/48797","targetHints":{"allow":["GET"]}}],"collection":[{"href":"https:\/\/eltrabajo.cl\/portal\/wp-json\/wp\/v2\/posts"}],"about":[{"href":"https:\/\/eltrabajo.cl\/portal\/wp-json\/wp\/v2\/types\/post"}],"author":[{"embeddable":true,"href":"https:\/\/eltrabajo.cl\/portal\/wp-json\/wp\/v2\/users\/482"}],"replies":[{"embeddable":true,"href":"https:\/\/eltrabajo.cl\/portal\/wp-json\/wp\/v2\/comments?post=48797"}],"version-history":[{"count":0,"href":"https:\/\/eltrabajo.cl\/portal\/wp-json\/wp\/v2\/posts\/48797\/revisions"}],"wp:featuredmedia":[{"embeddable":true,"href":"https:\/\/eltrabajo.cl\/portal\/wp-json\/wp\/v2\/media\/48798"}],"wp:attachment":[{"href":"https:\/\/eltrabajo.cl\/portal\/wp-json\/wp\/v2\/media?parent=48797"}],"wp:term":[{"taxonomy":"category","embeddable":true,"href":"https:\/\/eltrabajo.cl\/portal\/wp-json\/wp\/v2\/categories?post=48797"},{"taxonomy":"post_tag","embeddable":true,"href":"https:\/\/eltrabajo.cl\/portal\/wp-json\/wp\/v2\/tags?post=48797"}],"curies":[{"name":"wp","href":"https:\/\/api.w.org\/{rel}","templated":true}]}}