{"id":48812,"date":"2014-07-14T09:35:06","date_gmt":"2014-07-14T13:35:06","guid":{"rendered":"http:\/\/www.eltrabajo.cl\/portal\/?p=48812"},"modified":"2014-07-14T09:35:06","modified_gmt":"2014-07-14T13:35:06","slug":"en-las-coimas-tambien-se-realizo-busqueda-de-bombero-desaparecido","status":"publish","type":"post","link":"https:\/\/eltrabajo.cl\/portal\/en-las-coimas-tambien-se-realizo-busqueda-de-bombero-desaparecido\/","title":{"rendered":"En Las Coimas tambi\u00e9n se realiz\u00f3 b\u00fasqueda de bombero desaparecido"},"content":{"rendered":"<figure id=\"attachment_48813\" aria-describedby=\"caption-attachment-48813\" style=\"width: 528px\" class=\"wp-caption alignnone\"><a href=\"https:\/\/i0.wp.com\/www.eltrabajo.cl\/portal\/wp-content\/uploads\/2014\/07\/Busqueda1.jpg\"><img data-recalc-dims=\"1\" loading=\"lazy\" decoding=\"async\" class=\"size-full wp-image-48813\" alt=\"LARGA B\u00daSQUEDA.- Durante este s\u00e1bado varios amigos y familiares realizaron una extensa b\u00fasqueda del joven Jonathan S\u00e1nchez Herrera, desaparecido desde el 28 de junio en la ciudad de San Felipe.\" src=\"https:\/\/i0.wp.com\/www.eltrabajo.cl\/portal\/wp-content\/uploads\/2014\/07\/Busqueda1.jpg?resize=528%2C304\" width=\"528\" height=\"304\" srcset=\"https:\/\/i0.wp.com\/eltrabajo.cl\/portal\/wp-content\/uploads\/2014\/07\/Busqueda1.jpg?w=528&amp;ssl=1 528w, https:\/\/i0.wp.com\/eltrabajo.cl\/portal\/wp-content\/uploads\/2014\/07\/Busqueda1.jpg?resize=200%2C115&amp;ssl=1 200w, https:\/\/i0.wp.com\/eltrabajo.cl\/portal\/wp-content\/uploads\/2014\/07\/Busqueda1.jpg?resize=300%2C172&amp;ssl=1 300w, https:\/\/i0.wp.com\/eltrabajo.cl\/portal\/wp-content\/uploads\/2014\/07\/Busqueda1.jpg?resize=150%2C86&amp;ssl=1 150w, https:\/\/i0.wp.com\/eltrabajo.cl\/portal\/wp-content\/uploads\/2014\/07\/Busqueda1.jpg?resize=400%2C230&amp;ssl=1 400w\" sizes=\"auto, (max-width: 528px) 100vw, 528px\" \/><\/a><figcaption id=\"caption-attachment-48813\" class=\"wp-caption-text\">LARGA B\u00daSQUEDA.- Durante este s\u00e1bado varios amigos y familiares realizaron una extensa b\u00fasqueda del joven Jonathan S\u00e1nchez Herrera, desaparecido desde el 28 de junio en la ciudad de San Felipe.<\/figcaption><\/figure>\n<p><strong>PUTAENDO<\/strong>.- Durante este s\u00e1bado varios amigos y familiares realizaron una extensa b\u00fasqueda del joven Jonathan S\u00e1nchez Herrera, desaparecido desde el 28 de junio en la ciudad de San Felipe. A trav\u00e9s de redes sociales se organiz\u00f3 esta b\u00fasqueda que comenz\u00f3 en el sector Hacienda de Quilpu\u00e9, el sector Algarrobal y hasta ah\u00ed llegaron varios voluntarios que comenzaron a rastrear los extensos sectores desde ese lugar hasta Vertedero La Hormiga.<\/p>\n<figure id=\"attachment_48814\" aria-describedby=\"caption-attachment-48814\" style=\"width: 370px\" class=\"wp-caption alignright\"><a href=\"https:\/\/i0.wp.com\/www.eltrabajo.cl\/portal\/wp-content\/uploads\/2014\/07\/Perros1.jpg\"><img data-recalc-dims=\"1\" loading=\"lazy\" decoding=\"async\" class=\" wp-image-48814 \" alt=\"SIN RASTRO.- A petici\u00f3n de la familia se solicit\u00f3 la presencia de la Unidad Canina Especializada de Los Andes, que estuvo a cargo de Jaime Arrieta.\" src=\"https:\/\/i0.wp.com\/www.eltrabajo.cl\/portal\/wp-content\/uploads\/2014\/07\/Perros1.jpg?resize=370%2C310\" width=\"370\" height=\"310\" srcset=\"https:\/\/i0.wp.com\/eltrabajo.cl\/portal\/wp-content\/uploads\/2014\/07\/Perros1.jpg?w=528&amp;ssl=1 528w, https:\/\/i0.wp.com\/eltrabajo.cl\/portal\/wp-content\/uploads\/2014\/07\/Perros1.jpg?resize=178%2C150&amp;ssl=1 178w, https:\/\/i0.wp.com\/eltrabajo.cl\/portal\/wp-content\/uploads\/2014\/07\/Perros1.jpg?resize=300%2C251&amp;ssl=1 300w, https:\/\/i0.wp.com\/eltrabajo.cl\/portal\/wp-content\/uploads\/2014\/07\/Perros1.jpg?resize=150%2C125&amp;ssl=1 150w, https:\/\/i0.wp.com\/eltrabajo.cl\/portal\/wp-content\/uploads\/2014\/07\/Perros1.jpg?resize=400%2C335&amp;ssl=1 400w\" sizes=\"auto, (max-width: 370px) 100vw, 370px\" \/><\/a><figcaption id=\"caption-attachment-48814\" class=\"wp-caption-text\">SIN RASTRO.- A petici\u00f3n de la familia se solicit\u00f3 la presencia de la Unidad Canina Especializada de Los Andes, que estuvo a cargo de Jaime Arrieta.<\/figcaption><\/figure>\n<p>A petici\u00f3n de la familia se solicit\u00f3 la presencia de la Unidad Canina Especializada de Los Andes, que estuvo a cargo de Jaime Arrieta, Director de Operaciones de esta unidad y que cont\u00f3 con el apoyo de dos binomios (perro y gu\u00eda) y ocho voluntarios de apoyo operativo, todos especializados en la b\u00fasqueda de personas extraviadas. Esta unidad, pasadas las 15:30 horas de este s\u00e1bado y de acuerdo a la informaci\u00f3n que manejaban familiares, se intern\u00f3 en el sector Las Coimas en un vasto y municiono rastreo que incluso contempl\u00f3 algunos piques abandonados.<\/p>\n<p>Las labores se extendieron hasta eso de las 19:00 horas sin resultados positivos. Hasta el cierre de esta edici\u00f3n, parte de los organizadores de esta b\u00fasqueda confirmaban que no obtuvieron resultados positivos y durante los pr\u00f3ximos d\u00edas evaluar\u00e1n la realizaci\u00f3n de otro rastreo en otros sectores que contemplar\u00edan cerros cercanos entre San Felipe, Putaendo y Santa Mar\u00eda, para tratar de obtener alguna pista que permita dar con el paradero de Jonathan S\u00e1nchez Herrera.<\/p>\n<p>Patricio Gallardo M.<\/p>\n","protected":false},"excerpt":{"rendered":"<p>PUTAENDO.- Durante este s\u00e1bado varios amigos y familiares realizaron una extensa b\u00fasqueda del joven Jonathan S\u00e1nchez Herrera, desaparecido desde el 28 de junio en la ciudad de San Felipe. A trav\u00e9s de&#8230;<\/p>\n","protected":false},"author":482,"featured_media":48813,"comment_status":"open","ping_status":"closed","sticky":false,"template":"","format":"standard","meta":{"advanced_seo_description":"","jetpack_seo_html_title":"","jetpack_seo_noindex":false,"_jetpack_memberships_contains_paid_content":false,"footnotes":""},"categories":[21],"tags":[],"class_list":["post-48812","post","type-post","status-publish","format-standard","has-post-thumbnail","hentry","category-policial"],"jetpack_featured_media_url":"https:\/\/i0.wp.com\/eltrabajo.cl\/portal\/wp-content\/uploads\/2014\/07\/Busqueda1.jpg?fit=528%2C304&ssl=1","jetpack_sharing_enabled":true,"jetpack_likes_enabled":true,"jetpack-related-posts":[],"_links":{"self":[{"href":"https:\/\/eltrabajo.cl\/portal\/wp-json\/wp\/v2\/posts\/48812","targetHints":{"allow":["GET"]}}],"collection":[{"href":"https:\/\/eltrabajo.cl\/portal\/wp-json\/wp\/v2\/posts"}],"about":[{"href":"https:\/\/eltrabajo.cl\/portal\/wp-json\/wp\/v2\/types\/post"}],"author":[{"embeddable":true,"href":"https:\/\/eltrabajo.cl\/portal\/wp-json\/wp\/v2\/users\/482"}],"replies":[{"embeddable":true,"href":"https:\/\/eltrabajo.cl\/portal\/wp-json\/wp\/v2\/comments?post=48812"}],"version-history":[{"count":0,"href":"https:\/\/eltrabajo.cl\/portal\/wp-json\/wp\/v2\/posts\/48812\/revisions"}],"wp:featuredmedia":[{"embeddable":true,"href":"https:\/\/eltrabajo.cl\/portal\/wp-json\/wp\/v2\/media\/48813"}],"wp:attachment":[{"href":"https:\/\/eltrabajo.cl\/portal\/wp-json\/wp\/v2\/media?parent=48812"}],"wp:term":[{"taxonomy":"category","embeddable":true,"href":"https:\/\/eltrabajo.cl\/portal\/wp-json\/wp\/v2\/categories?post=48812"},{"taxonomy":"post_tag","embeddable":true,"href":"https:\/\/eltrabajo.cl\/portal\/wp-json\/wp\/v2\/tags?post=48812"}],"curies":[{"name":"wp","href":"https:\/\/api.w.org\/{rel}","templated":true}]}}