{"id":48817,"date":"2014-07-14T09:36:51","date_gmt":"2014-07-14T13:36:51","guid":{"rendered":"http:\/\/www.eltrabajo.cl\/portal\/?p=48817"},"modified":"2014-07-14T09:36:51","modified_gmt":"2014-07-14T13:36:51","slug":"a-sus-88-anos-fallece-hilda-lolas-lolas","status":"publish","type":"post","link":"https:\/\/eltrabajo.cl\/portal\/a-sus-88-anos-fallece-hilda-lolas-lolas\/","title":{"rendered":"A sus 88 a\u00f1os fallece Hilda Lolas Lolas"},"content":{"rendered":"<figure id=\"attachment_48818\" aria-describedby=\"caption-attachment-48818\" style=\"width: 370px\" class=\"wp-caption alignleft\"><a href=\"https:\/\/i0.wp.com\/www.eltrabajo.cl\/portal\/wp-content\/uploads\/2014\/07\/Lolas1.jpg\"><img data-recalc-dims=\"1\" loading=\"lazy\" decoding=\"async\" class=\" wp-image-48818 \" alt=\"El periodista sanfelipe\u00f1o, Ricardo Ruiz Lolas, nos comparti\u00f3 esta foto de su querida madre, ahora en el Descanso Eterno.\" src=\"https:\/\/i0.wp.com\/www.eltrabajo.cl\/portal\/wp-content\/uploads\/2014\/07\/Lolas1.jpg?resize=370%2C280\" width=\"370\" height=\"280\" srcset=\"https:\/\/i0.wp.com\/eltrabajo.cl\/portal\/wp-content\/uploads\/2014\/07\/Lolas1.jpg?w=528&amp;ssl=1 528w, https:\/\/i0.wp.com\/eltrabajo.cl\/portal\/wp-content\/uploads\/2014\/07\/Lolas1.jpg?resize=198%2C150&amp;ssl=1 198w, https:\/\/i0.wp.com\/eltrabajo.cl\/portal\/wp-content\/uploads\/2014\/07\/Lolas1.jpg?resize=300%2C227&amp;ssl=1 300w, https:\/\/i0.wp.com\/eltrabajo.cl\/portal\/wp-content\/uploads\/2014\/07\/Lolas1.jpg?resize=150%2C113&amp;ssl=1 150w, https:\/\/i0.wp.com\/eltrabajo.cl\/portal\/wp-content\/uploads\/2014\/07\/Lolas1.jpg?resize=400%2C303&amp;ssl=1 400w\" sizes=\"auto, (max-width: 370px) 100vw, 370px\" \/><\/a><figcaption id=\"caption-attachment-48818\" class=\"wp-caption-text\">El periodista sanfelipe\u00f1o, Ricardo Ruiz Lolas, nos comparti\u00f3 esta foto de su querida madre, ahora en el Descanso Eterno.<\/figcaption><\/figure>\n<p>La mujer que durante 50 a\u00f1os fuera la esposa del connotado escritor y periodista chileno, Carlos Ruiz Zald\u00edvar, la se\u00f1ora Hilda Lolas Lolas, falleci\u00f3 este s\u00e1bado a las 18:00 horas por causas naturales a sus 88 a\u00f1os. Lolas era de origen palestino, ya que sus padres hab\u00edan emigrado desde Beityala, Palestina, hasta tierras chilenas.<\/p>\n<p>Su cuerpo est\u00e1 siendo velado en las instalaciones de la Iglesia La Merced, hoy lunes se realizar\u00e1 una Misa a las 16:00 horas en la Iglesia La Merced de San Felipe, para luego ser sepultada en el Cementerio Almendral.<\/p>\n<p>Quienes laboramos en Diario El Trabajo hoy ofrecemos nuestro respetuoso P\u00e9same a sus familiares y amigos.<\/p>\n<p>&nbsp;<\/p>\n","protected":false},"excerpt":{"rendered":"<p>La mujer que durante 50 a\u00f1os fuera la esposa del connotado escritor y periodista chileno, Carlos Ruiz Zald\u00edvar, la se\u00f1ora Hilda Lolas Lolas, falleci\u00f3 este s\u00e1bado a las 18:00 horas por causas&#8230;<\/p>\n","protected":false},"author":482,"featured_media":48818,"comment_status":"open","ping_status":"closed","sticky":false,"template":"","format":"standard","meta":{"advanced_seo_description":"","jetpack_seo_html_title":"","jetpack_seo_noindex":false,"_jetpack_memberships_contains_paid_content":false,"footnotes":""},"categories":[15],"tags":[],"class_list":["post-48817","post","type-post","status-publish","format-standard","has-post-thumbnail","hentry","category-comunidad"],"jetpack_featured_media_url":"https:\/\/i0.wp.com\/eltrabajo.cl\/portal\/wp-content\/uploads\/2014\/07\/Lolas1.jpg?fit=528%2C400&ssl=1","jetpack_sharing_enabled":true,"jetpack_likes_enabled":true,"jetpack-related-posts":[],"_links":{"self":[{"href":"https:\/\/eltrabajo.cl\/portal\/wp-json\/wp\/v2\/posts\/48817","targetHints":{"allow":["GET"]}}],"collection":[{"href":"https:\/\/eltrabajo.cl\/portal\/wp-json\/wp\/v2\/posts"}],"about":[{"href":"https:\/\/eltrabajo.cl\/portal\/wp-json\/wp\/v2\/types\/post"}],"author":[{"embeddable":true,"href":"https:\/\/eltrabajo.cl\/portal\/wp-json\/wp\/v2\/users\/482"}],"replies":[{"embeddable":true,"href":"https:\/\/eltrabajo.cl\/portal\/wp-json\/wp\/v2\/comments?post=48817"}],"version-history":[{"count":0,"href":"https:\/\/eltrabajo.cl\/portal\/wp-json\/wp\/v2\/posts\/48817\/revisions"}],"wp:featuredmedia":[{"embeddable":true,"href":"https:\/\/eltrabajo.cl\/portal\/wp-json\/wp\/v2\/media\/48818"}],"wp:attachment":[{"href":"https:\/\/eltrabajo.cl\/portal\/wp-json\/wp\/v2\/media?parent=48817"}],"wp:term":[{"taxonomy":"category","embeddable":true,"href":"https:\/\/eltrabajo.cl\/portal\/wp-json\/wp\/v2\/categories?post=48817"},{"taxonomy":"post_tag","embeddable":true,"href":"https:\/\/eltrabajo.cl\/portal\/wp-json\/wp\/v2\/tags?post=48817"}],"curies":[{"name":"wp","href":"https:\/\/api.w.org\/{rel}","templated":true}]}}