{"id":48821,"date":"2014-07-14T09:39:01","date_gmt":"2014-07-14T13:39:01","guid":{"rendered":"http:\/\/www.eltrabajo.cl\/portal\/?p=48821"},"modified":"2014-07-14T09:39:01","modified_gmt":"2014-07-14T13:39:01","slug":"humilde-vivienda-fue-consumida-por-el-fuego-en-el-algarrobal","status":"publish","type":"post","link":"https:\/\/eltrabajo.cl\/portal\/humilde-vivienda-fue-consumida-por-el-fuego-en-el-algarrobal\/","title":{"rendered":"Humilde vivienda fue consumida por el fuego en El Algarrobal"},"content":{"rendered":"<figure id=\"attachment_48822\" aria-describedby=\"caption-attachment-48822\" style=\"width: 529px\" class=\"wp-caption alignnone\"><a href=\"https:\/\/i0.wp.com\/www.eltrabajo.cl\/portal\/wp-content\/uploads\/2014\/07\/Fuego1.jpg\"><img data-recalc-dims=\"1\" loading=\"lazy\" decoding=\"async\" class=\"size-full wp-image-48822\" alt=\"Personal de Bomberos de San Felipe concurri\u00f3 hasta el lugar para apagar el incendio y evitar su propagaci\u00f3n hacia otras viviendas ubicadas en el cerro del sector El Algarrobal.\" src=\"https:\/\/i0.wp.com\/www.eltrabajo.cl\/portal\/wp-content\/uploads\/2014\/07\/Fuego1.jpg?resize=529%2C401\" width=\"529\" height=\"401\" srcset=\"https:\/\/i0.wp.com\/eltrabajo.cl\/portal\/wp-content\/uploads\/2014\/07\/Fuego1.jpg?w=529&amp;ssl=1 529w, https:\/\/i0.wp.com\/eltrabajo.cl\/portal\/wp-content\/uploads\/2014\/07\/Fuego1.jpg?resize=197%2C150&amp;ssl=1 197w, https:\/\/i0.wp.com\/eltrabajo.cl\/portal\/wp-content\/uploads\/2014\/07\/Fuego1.jpg?resize=300%2C227&amp;ssl=1 300w, https:\/\/i0.wp.com\/eltrabajo.cl\/portal\/wp-content\/uploads\/2014\/07\/Fuego1.jpg?resize=150%2C113&amp;ssl=1 150w, https:\/\/i0.wp.com\/eltrabajo.cl\/portal\/wp-content\/uploads\/2014\/07\/Fuego1.jpg?resize=400%2C303&amp;ssl=1 400w\" sizes=\"auto, (max-width: 529px) 100vw, 529px\" \/><\/a><figcaption id=\"caption-attachment-48822\" class=\"wp-caption-text\">Personal de Bomberos de San Felipe concurri\u00f3 hasta el lugar para apagar el incendio y evitar su propagaci\u00f3n hacia otras viviendas ubicadas en el cerro del sector El Algarrobal.<\/figcaption><\/figure>\n<p>Un matrimonio perdi\u00f3 su modesta vivienda de material ligero luego de ser consumida en segundos por un incendio que la dej\u00f3 convertida en cenizas, perdiendo todos los enseres del hogar y dejando a una familia literalmente en calle.<\/p>\n<p>El desastre se produjo a eso de las 09:00 horas del viernes cuando las llamas se propagaron por todo el inmueble, luego que la due\u00f1a de casa se encontraba a metros del lugar en el cerro del sector El Algarrobal y su esposo se dirig\u00eda a su lugar de trabajo.<\/p>\n<figure id=\"attachment_48823\" aria-describedby=\"caption-attachment-48823\" style=\"width: 370px\" class=\"wp-caption alignright\"><a href=\"https:\/\/i0.wp.com\/www.eltrabajo.cl\/portal\/wp-content\/uploads\/2014\/07\/Fuego2.jpg\"><img data-recalc-dims=\"1\" loading=\"lazy\" decoding=\"async\" class=\" wp-image-48823 \" alt=\"Convertida en cenizas qued\u00f3 la vivienda, dejando a una familia en la calle luego que las llamas consumieron en segundos todo lo que hallaron a su paso.\" src=\"https:\/\/i0.wp.com\/www.eltrabajo.cl\/portal\/wp-content\/uploads\/2014\/07\/Fuego2.jpg?resize=370%2C281\" width=\"370\" height=\"281\" srcset=\"https:\/\/i0.wp.com\/eltrabajo.cl\/portal\/wp-content\/uploads\/2014\/07\/Fuego2.jpg?w=529&amp;ssl=1 529w, https:\/\/i0.wp.com\/eltrabajo.cl\/portal\/wp-content\/uploads\/2014\/07\/Fuego2.jpg?resize=197%2C150&amp;ssl=1 197w, https:\/\/i0.wp.com\/eltrabajo.cl\/portal\/wp-content\/uploads\/2014\/07\/Fuego2.jpg?resize=300%2C227&amp;ssl=1 300w, https:\/\/i0.wp.com\/eltrabajo.cl\/portal\/wp-content\/uploads\/2014\/07\/Fuego2.jpg?resize=150%2C113&amp;ssl=1 150w, https:\/\/i0.wp.com\/eltrabajo.cl\/portal\/wp-content\/uploads\/2014\/07\/Fuego2.jpg?resize=400%2C303&amp;ssl=1 400w\" sizes=\"auto, (max-width: 370px) 100vw, 370px\" \/><\/a><figcaption id=\"caption-attachment-48823\" class=\"wp-caption-text\">Convertida en cenizas qued\u00f3 la vivienda, dejando a una familia en la calle luego que las llamas consumieron en segundos todo lo que hallaron a su paso.<\/figcaption><\/figure>\n<p>Al siniestro debi\u00f3 concurrir personal de Bomberos de San Felipe para apagar las llamas y lograr controlar el desastre, sin poder recuperar ninguna especie de la familia que fueron consumidas por completo.<\/p>\n<p>El Comandante de Bomberos, Cristian Palma, indic\u00f3 que la vivienda estaba construida de madera y planchas de zinc. Seg\u00fan lo indicado por sus propietarios, al interior se encontraba un brasero, pero tambi\u00e9n existe la posibilidad de un desperfecto el\u00e9ctrico que podr\u00eda haber provocado el incendio.<\/p>\n<p>\u00abHubo p\u00e9rdida en un 100% en la estructura y una gran cantidad de herramientas de propiedad de la familia avaluadas en un mill\u00f3n de pesos, entre ellos tres m\u00e1quinas soldadoras, esmeriles y taladros. Se redujo tambi\u00e9n una ampliaci\u00f3n al costado de la vivienda de madera. Nuestro Departamento T\u00e9cnico est\u00e1 trabajando para determinar el origen del fuego, porque los propietarios indicaron tener un brasero, exist\u00eda una cocina y tambi\u00e9n hab\u00edan artefactos el\u00e9ctricos, pero desde ya se descarta que el incendio haya sido intencional\u00bb, puntualiz\u00f3 el Comandante Palma.<\/p>\n<p>La familia, proveniente de Iquique, se hab\u00eda radicado hace m\u00e1s de tres a\u00f1os en el sector y lamentaron profundamente quedar en la calle luego que con mucho esfuerzo adquirieron sus bienes materiales para poder vivir dignamente y tener un hogar. Asimismo se hizo presente la Unidad de Emergencias de la Municipalidad de San Felipe que evalu\u00f3 la situaci\u00f3n a trav\u00e9s de la asistente social para entregar ayuda a la familia.<\/p>\n<p>Pablo Salinas Sald\u00edas<\/p>\n","protected":false},"excerpt":{"rendered":"<p>Un matrimonio perdi\u00f3 su modesta vivienda de material ligero luego de ser consumida en segundos por un incendio que la dej\u00f3 convertida en cenizas, perdiendo todos los enseres del hogar y dejando&#8230;<\/p>\n","protected":false},"author":482,"featured_media":48822,"comment_status":"open","ping_status":"closed","sticky":false,"template":"","format":"standard","meta":{"advanced_seo_description":"","jetpack_seo_html_title":"","jetpack_seo_noindex":false,"_jetpack_memberships_contains_paid_content":false,"footnotes":""},"categories":[21],"tags":[],"class_list":["post-48821","post","type-post","status-publish","format-standard","has-post-thumbnail","hentry","category-policial"],"jetpack_featured_media_url":"https:\/\/i0.wp.com\/eltrabajo.cl\/portal\/wp-content\/uploads\/2014\/07\/Fuego1.jpg?fit=529%2C401&ssl=1","jetpack_sharing_enabled":true,"jetpack_likes_enabled":true,"jetpack-related-posts":[],"_links":{"self":[{"href":"https:\/\/eltrabajo.cl\/portal\/wp-json\/wp\/v2\/posts\/48821","targetHints":{"allow":["GET"]}}],"collection":[{"href":"https:\/\/eltrabajo.cl\/portal\/wp-json\/wp\/v2\/posts"}],"about":[{"href":"https:\/\/eltrabajo.cl\/portal\/wp-json\/wp\/v2\/types\/post"}],"author":[{"embeddable":true,"href":"https:\/\/eltrabajo.cl\/portal\/wp-json\/wp\/v2\/users\/482"}],"replies":[{"embeddable":true,"href":"https:\/\/eltrabajo.cl\/portal\/wp-json\/wp\/v2\/comments?post=48821"}],"version-history":[{"count":0,"href":"https:\/\/eltrabajo.cl\/portal\/wp-json\/wp\/v2\/posts\/48821\/revisions"}],"wp:featuredmedia":[{"embeddable":true,"href":"https:\/\/eltrabajo.cl\/portal\/wp-json\/wp\/v2\/media\/48822"}],"wp:attachment":[{"href":"https:\/\/eltrabajo.cl\/portal\/wp-json\/wp\/v2\/media?parent=48821"}],"wp:term":[{"taxonomy":"category","embeddable":true,"href":"https:\/\/eltrabajo.cl\/portal\/wp-json\/wp\/v2\/categories?post=48821"},{"taxonomy":"post_tag","embeddable":true,"href":"https:\/\/eltrabajo.cl\/portal\/wp-json\/wp\/v2\/tags?post=48821"}],"curies":[{"name":"wp","href":"https:\/\/api.w.org\/{rel}","templated":true}]}}