{"id":48833,"date":"2014-07-15T09:22:10","date_gmt":"2014-07-15T13:22:10","guid":{"rendered":"http:\/\/www.eltrabajo.cl\/portal\/?p=48833"},"modified":"2014-07-15T09:22:10","modified_gmt":"2014-07-15T13:22:10","slug":"molestia-porque-funcionarios-municipales-realizaban-labores-en-san-felipe","status":"publish","type":"post","link":"https:\/\/eltrabajo.cl\/portal\/molestia-porque-funcionarios-municipales-realizaban-labores-en-san-felipe\/","title":{"rendered":"Molestia porque funcionarios municipales realizaban labores en San Felipe"},"content":{"rendered":"<figure id=\"attachment_48834\" aria-describedby=\"caption-attachment-48834\" style=\"width: 529px\" class=\"wp-caption alignnone\"><a href=\"https:\/\/i0.wp.com\/www.eltrabajo.cl\/portal\/wp-content\/uploads\/2014\/07\/Arbol2.jpg\"><img data-recalc-dims=\"1\" loading=\"lazy\" decoding=\"async\" class=\"size-full wp-image-48834\" alt=\"El edil adem\u00e1s indic\u00f3 que el trabajo no se hizo en una casa particular, sino que fue una petici\u00f3n realizada por Vialidad.\" src=\"https:\/\/i0.wp.com\/www.eltrabajo.cl\/portal\/wp-content\/uploads\/2014\/07\/Arbol2.jpg?resize=529%2C358\" width=\"529\" height=\"358\" srcset=\"https:\/\/i0.wp.com\/eltrabajo.cl\/portal\/wp-content\/uploads\/2014\/07\/Arbol2.jpg?w=529&amp;ssl=1 529w, https:\/\/i0.wp.com\/eltrabajo.cl\/portal\/wp-content\/uploads\/2014\/07\/Arbol2.jpg?resize=200%2C135&amp;ssl=1 200w, https:\/\/i0.wp.com\/eltrabajo.cl\/portal\/wp-content\/uploads\/2014\/07\/Arbol2.jpg?resize=300%2C203&amp;ssl=1 300w, https:\/\/i0.wp.com\/eltrabajo.cl\/portal\/wp-content\/uploads\/2014\/07\/Arbol2.jpg?resize=150%2C101&amp;ssl=1 150w, https:\/\/i0.wp.com\/eltrabajo.cl\/portal\/wp-content\/uploads\/2014\/07\/Arbol2.jpg?resize=400%2C270&amp;ssl=1 400w\" sizes=\"auto, (max-width: 529px) 100vw, 529px\" \/><\/a><figcaption id=\"caption-attachment-48834\" class=\"wp-caption-text\">El edil adem\u00e1s indic\u00f3 que el trabajo no se hizo en una casa particular, sino que fue una petici\u00f3n realizada por Vialidad.<\/figcaption><\/figure>\n<p><strong>PUTAENDO<\/strong>.- Un lector de nuestro medio hizo llegar su malestar a trav\u00e9s de esta foto-denuncia, luego de constatar que funcionarios municipales de Putaendo desempe\u00f1aron trabajos durante toda la ma\u00f1ana de este lunes para cortar un \u00e1rbol en la ciudad de San Felipe.<\/p>\n<figure id=\"attachment_48835\" aria-describedby=\"caption-attachment-48835\" style=\"width: 370px\" class=\"wp-caption alignright\"><a href=\"https:\/\/i0.wp.com\/www.eltrabajo.cl\/portal\/wp-content\/uploads\/2014\/07\/Arbol1.jpg\"><img data-recalc-dims=\"1\" loading=\"lazy\" decoding=\"async\" class=\" wp-image-48835 \" alt=\"Un lector de nuestro medio hizo llegar su malestar a trav\u00e9s de esta foto-denuncia, luego de constatar que funcionarios municipales de Putaendo desempe\u00f1aron trabajos durante toda la ma\u00f1ana de este lunes para cortar un \u00e1rbol en la ciudad de San Felipe.\" src=\"https:\/\/i0.wp.com\/www.eltrabajo.cl\/portal\/wp-content\/uploads\/2014\/07\/Arbol1.jpg?resize=370%2C251\" width=\"370\" height=\"251\" srcset=\"https:\/\/i0.wp.com\/eltrabajo.cl\/portal\/wp-content\/uploads\/2014\/07\/Arbol1.jpg?w=529&amp;ssl=1 529w, https:\/\/i0.wp.com\/eltrabajo.cl\/portal\/wp-content\/uploads\/2014\/07\/Arbol1.jpg?resize=200%2C135&amp;ssl=1 200w, https:\/\/i0.wp.com\/eltrabajo.cl\/portal\/wp-content\/uploads\/2014\/07\/Arbol1.jpg?resize=300%2C203&amp;ssl=1 300w, https:\/\/i0.wp.com\/eltrabajo.cl\/portal\/wp-content\/uploads\/2014\/07\/Arbol1.jpg?resize=150%2C101&amp;ssl=1 150w, https:\/\/i0.wp.com\/eltrabajo.cl\/portal\/wp-content\/uploads\/2014\/07\/Arbol1.jpg?resize=400%2C270&amp;ssl=1 400w\" sizes=\"auto, (max-width: 370px) 100vw, 370px\" \/><\/a><figcaption id=\"caption-attachment-48835\" class=\"wp-caption-text\">Un lector de nuestro medio hizo llegar su malestar a trav\u00e9s de esta foto-denuncia, luego de constatar que funcionarios municipales de Putaendo desempe\u00f1aron trabajos durante toda la ma\u00f1ana de este lunes para cortar un \u00e1rbol en la ciudad de San Felipe.<\/figcaption><\/figure>\n<p>A trav\u00e9s de su tel\u00e9fono celular y mediante la aplicaci\u00f3n Whatsapp, este lector nos envi\u00f3 al fotograf\u00eda e indic\u00f3 que le parece dif\u00edcil de entender que en varias ocasiones el Alcalde Guillermo Reyes instara a los vecinos a cortar \u00e1rboles, argumentando que los funcionarios municipales de la comuna no dan abasto para realizar estos trabajos, en circunstancias que fueron varias las personas que vieron a conocidos funcionarios municipales de Putaendo realizando en San Felipe los mismos trabajos que el alcalde asegura que no pueden hacer en Putaendo.<\/p>\n<p><strong>\u00a0ALCALDE RESPONDE<\/strong><\/p>\n<p>Acogiendo el derecho que nuestros lectores tienen para plantear temas como este, contactamos telef\u00f3nicamente al Alcalde Guillermo Reyes, quien se encuentra haciendo uso de su feriado legal y al ser consultado por nuestro medio, sostuvo que luego de realizar las consultas pertinentes comprob\u00f3 que fue una petici\u00f3n realizada por la Direcci\u00f3n Provincial de Vialidad para que el cami\u00f3n pluma pudiera cortar un \u00e1lamo de grandes proporciones que ya ha generado problemas a las dependencias de esa entidad, ubicadas a escasos metros de Puente Enc\u00f3n en San Felipe.<\/p>\n<p>El edil adem\u00e1s indic\u00f3 que el trabajo no se hizo en una casa particular, sino que fue una petici\u00f3n realizada por Vialidad, entidad a la cual la Municipalidad de Putaendo ha recurrido constantemente para solicitar colaboraci\u00f3n con otras maquinarias para ser ocupadas en la comuna. Reyes se\u00f1al\u00f3 que como es su costumbre, act\u00faa con la mayor transparencia y entiende la preocupaci\u00f3n y reclamo del vecino, pero sostuvo que es un tema puntual y s\u00f3lo excepcional por tratarse de Vialidad.<\/p>\n<p>Patricio Gallardo M.<\/p>\n","protected":false},"excerpt":{"rendered":"<p>PUTAENDO.- Un lector de nuestro medio hizo llegar su malestar a trav\u00e9s de esta foto-denuncia, luego de constatar que funcionarios municipales de Putaendo desempe\u00f1aron trabajos durante toda la ma\u00f1ana de este lunes&#8230;<\/p>\n","protected":false},"author":482,"featured_media":48834,"comment_status":"open","ping_status":"closed","sticky":false,"template":"","format":"standard","meta":{"advanced_seo_description":"","jetpack_seo_html_title":"","jetpack_seo_noindex":false,"_jetpack_memberships_contains_paid_content":false,"footnotes":""},"categories":[15],"tags":[],"class_list":["post-48833","post","type-post","status-publish","format-standard","has-post-thumbnail","hentry","category-comunidad"],"jetpack_featured_media_url":"https:\/\/i0.wp.com\/eltrabajo.cl\/portal\/wp-content\/uploads\/2014\/07\/Arbol2.jpg?fit=529%2C358&ssl=1","jetpack_sharing_enabled":true,"jetpack_likes_enabled":true,"jetpack-related-posts":[],"_links":{"self":[{"href":"https:\/\/eltrabajo.cl\/portal\/wp-json\/wp\/v2\/posts\/48833","targetHints":{"allow":["GET"]}}],"collection":[{"href":"https:\/\/eltrabajo.cl\/portal\/wp-json\/wp\/v2\/posts"}],"about":[{"href":"https:\/\/eltrabajo.cl\/portal\/wp-json\/wp\/v2\/types\/post"}],"author":[{"embeddable":true,"href":"https:\/\/eltrabajo.cl\/portal\/wp-json\/wp\/v2\/users\/482"}],"replies":[{"embeddable":true,"href":"https:\/\/eltrabajo.cl\/portal\/wp-json\/wp\/v2\/comments?post=48833"}],"version-history":[{"count":0,"href":"https:\/\/eltrabajo.cl\/portal\/wp-json\/wp\/v2\/posts\/48833\/revisions"}],"wp:featuredmedia":[{"embeddable":true,"href":"https:\/\/eltrabajo.cl\/portal\/wp-json\/wp\/v2\/media\/48834"}],"wp:attachment":[{"href":"https:\/\/eltrabajo.cl\/portal\/wp-json\/wp\/v2\/media?parent=48833"}],"wp:term":[{"taxonomy":"category","embeddable":true,"href":"https:\/\/eltrabajo.cl\/portal\/wp-json\/wp\/v2\/categories?post=48833"},{"taxonomy":"post_tag","embeddable":true,"href":"https:\/\/eltrabajo.cl\/portal\/wp-json\/wp\/v2\/tags?post=48833"}],"curies":[{"name":"wp","href":"https:\/\/api.w.org\/{rel}","templated":true}]}}