{"id":48838,"date":"2014-07-15T09:23:07","date_gmt":"2014-07-15T13:23:07","guid":{"rendered":"http:\/\/www.eltrabajo.cl\/portal\/?p=48838"},"modified":"2014-07-15T09:23:07","modified_gmt":"2014-07-15T13:23:07","slug":"termino-entrega-de-cheques-fondeve-a-organizaciones-territoriales","status":"publish","type":"post","link":"https:\/\/eltrabajo.cl\/portal\/termino-entrega-de-cheques-fondeve-a-organizaciones-territoriales\/","title":{"rendered":"Termin\u00f3 entrega de cheques Fondeve a organizaciones territoriales"},"content":{"rendered":"<figure id=\"attachment_48839\" aria-describedby=\"caption-attachment-48839\" style=\"width: 529px\" class=\"wp-caption alignnone\"><a href=\"https:\/\/i0.wp.com\/www.eltrabajo.cl\/portal\/wp-content\/uploads\/2014\/07\/Cheque1.jpg\"><img data-recalc-dims=\"1\" loading=\"lazy\" decoding=\"async\" class=\"size-full wp-image-48839\" alt=\"\u00daLTIMO CHEQUE.- Tal como lo muestra esta gr\u00e1fica, el Alcalde Mario Marillanca puso en manos de la Presidente de de Santa Teresa, Maritza Robles, el \u00faltimo cheque del fondo concursable.\" src=\"https:\/\/i0.wp.com\/www.eltrabajo.cl\/portal\/wp-content\/uploads\/2014\/07\/Cheque1.jpg?resize=529%2C383\" width=\"529\" height=\"383\" srcset=\"https:\/\/i0.wp.com\/eltrabajo.cl\/portal\/wp-content\/uploads\/2014\/07\/Cheque1.jpg?w=529&amp;ssl=1 529w, https:\/\/i0.wp.com\/eltrabajo.cl\/portal\/wp-content\/uploads\/2014\/07\/Cheque1.jpg?resize=200%2C144&amp;ssl=1 200w, https:\/\/i0.wp.com\/eltrabajo.cl\/portal\/wp-content\/uploads\/2014\/07\/Cheque1.jpg?resize=300%2C217&amp;ssl=1 300w, https:\/\/i0.wp.com\/eltrabajo.cl\/portal\/wp-content\/uploads\/2014\/07\/Cheque1.jpg?resize=150%2C108&amp;ssl=1 150w, https:\/\/i0.wp.com\/eltrabajo.cl\/portal\/wp-content\/uploads\/2014\/07\/Cheque1.jpg?resize=400%2C289&amp;ssl=1 400w\" sizes=\"auto, (max-width: 529px) 100vw, 529px\" \/><\/a><figcaption id=\"caption-attachment-48839\" class=\"wp-caption-text\">\u00daLTIMO CHEQUE.- Tal como lo muestra esta gr\u00e1fica, el Alcalde Mario Marillanca puso en manos de la Presidente de de Santa Teresa, Maritza Robles, el \u00faltimo cheque del fondo concursable.<\/figcaption><\/figure>\n<p><strong>LLAY LLAY.<\/strong>&#8211; En Santa Teresa termin\u00f3 la entrega de los cheques Fondeve 2014 para juntas de vecinos. Este viernes el Alcalde Mario Marillanca puso en manos de la Presidente de de Santa Teresa, Maritza Robles, el \u00faltimo cheque del fondo concursable y que en esta ocasi\u00f3n los vecinos lo han destinado a mejorar la calidad de vida de los socios de la organizaci\u00f3n vecinal.<\/p>\n<p>\u201cEl cheque fue por u monto de $518.000 y lo destinamos para hacer baile entretenido y a\u00e9robica, ya que antes se realizaban clases, pero los interesados ten\u00edan que pagar la clase; ahora s\u00f3lo van a pagar $500\u201d, dijo Robles.<\/p>\n<p>Entre el 7 y el 14 de julio se entregaron diez cheques Fondeve a distintas juntas de vecinos de la zona rural y urbana de la comuna.<\/p>\n<p><strong>CALENDARIZADA<\/strong><\/p>\n<p>La gira de los cheques Fondeve estuvo calendarizada para cada d\u00eda de esa semana y a partir de las 17:00 horas: el lunes 7 la entrega de los fondos para las organizaciones vecinales de Las Pe\u00f1as y Santa Rosa; el martes 8 el turno fue para los vecinos de Mina el Sauce y La Estancilla; el mi\u00e9rcoles 9 se entregaron los fondos a la Junta de vecinos Jos\u00e9 Miguel Carrera y 28 de Marzo; el jueves 10 de julio recibieron el Fondeve Villa Amanecer y Leucot\u00f3n y, cerrando el viernes 11 julio en la sede vecinal de Pedro Aguirre Cerda y Villa Chagres.<\/p>\n<p>El monto total de los Fondeve del 2014 asciende a aproximadamente a $8 millones y cada unidad vecinal pod\u00eda postular un proyecto hasta $850.000 con un 10% de aporte propio. Estas subvenciones est\u00e1n contempladas dentro del presupuesto municipal del que dispone la Municipalidad cada a\u00f1o en virtud de la Ley 19.418, se\u00f1alado en el T\u00edtulo V, P\u00e1rrafo 3\u00b0, art. 43\u00b0, donde dice: \u201cCr\u00e9ase, en cada municipalidad, un Fondo de Desarrollo Vecinal, que tendr\u00e1 por objeto apoyar proyectos espec\u00edficos de desarrollo comunitario presentados por las juntas de vecinos\u201d.<\/p>\n<p>&nbsp;<\/p>\n","protected":false},"excerpt":{"rendered":"<p>LLAY LLAY.&#8211; En Santa Teresa termin\u00f3 la entrega de los cheques Fondeve 2014 para juntas de vecinos. Este viernes el Alcalde Mario Marillanca puso en manos de la Presidente de de Santa&#8230;<\/p>\n","protected":false},"author":482,"featured_media":48839,"comment_status":"open","ping_status":"closed","sticky":false,"template":"","format":"standard","meta":{"advanced_seo_description":"","jetpack_seo_html_title":"","jetpack_seo_noindex":false,"_jetpack_memberships_contains_paid_content":false,"footnotes":""},"categories":[15],"tags":[],"class_list":["post-48838","post","type-post","status-publish","format-standard","has-post-thumbnail","hentry","category-comunidad"],"jetpack_featured_media_url":"https:\/\/i0.wp.com\/eltrabajo.cl\/portal\/wp-content\/uploads\/2014\/07\/Cheque1.jpg?fit=529%2C383&ssl=1","jetpack_sharing_enabled":true,"jetpack_likes_enabled":true,"jetpack-related-posts":[],"_links":{"self":[{"href":"https:\/\/eltrabajo.cl\/portal\/wp-json\/wp\/v2\/posts\/48838","targetHints":{"allow":["GET"]}}],"collection":[{"href":"https:\/\/eltrabajo.cl\/portal\/wp-json\/wp\/v2\/posts"}],"about":[{"href":"https:\/\/eltrabajo.cl\/portal\/wp-json\/wp\/v2\/types\/post"}],"author":[{"embeddable":true,"href":"https:\/\/eltrabajo.cl\/portal\/wp-json\/wp\/v2\/users\/482"}],"replies":[{"embeddable":true,"href":"https:\/\/eltrabajo.cl\/portal\/wp-json\/wp\/v2\/comments?post=48838"}],"version-history":[{"count":0,"href":"https:\/\/eltrabajo.cl\/portal\/wp-json\/wp\/v2\/posts\/48838\/revisions"}],"wp:featuredmedia":[{"embeddable":true,"href":"https:\/\/eltrabajo.cl\/portal\/wp-json\/wp\/v2\/media\/48839"}],"wp:attachment":[{"href":"https:\/\/eltrabajo.cl\/portal\/wp-json\/wp\/v2\/media?parent=48838"}],"wp:term":[{"taxonomy":"category","embeddable":true,"href":"https:\/\/eltrabajo.cl\/portal\/wp-json\/wp\/v2\/categories?post=48838"},{"taxonomy":"post_tag","embeddable":true,"href":"https:\/\/eltrabajo.cl\/portal\/wp-json\/wp\/v2\/tags?post=48838"}],"curies":[{"name":"wp","href":"https:\/\/api.w.org\/{rel}","templated":true}]}}