{"id":48841,"date":"2014-07-15T09:26:34","date_gmt":"2014-07-15T13:26:34","guid":{"rendered":"http:\/\/www.eltrabajo.cl\/portal\/?p=48841"},"modified":"2014-07-15T09:26:34","modified_gmt":"2014-07-15T13:26:34","slug":"pedro-choro-estay-galardonado-por-consejo-regional-de-valparaiso","status":"publish","type":"post","link":"https:\/\/eltrabajo.cl\/portal\/pedro-choro-estay-galardonado-por-consejo-regional-de-valparaiso\/","title":{"rendered":"Pedro \u2018Choro\u2019 Estay galardonado por Consejo Regional de Valpara\u00edso"},"content":{"rendered":"<figure id=\"attachment_48842\" aria-describedby=\"caption-attachment-48842\" style=\"width: 529px\" class=\"wp-caption alignnone\"><a href=\"https:\/\/i0.wp.com\/www.eltrabajo.cl\/portal\/wp-content\/uploads\/2014\/07\/Choro1.jpg\"><img data-recalc-dims=\"1\" loading=\"lazy\" decoding=\"async\" class=\"size-full wp-image-48842\" alt=\"ORGULLO PROVINCIAL.- Posan para las c\u00e1maras de Diario El Trabajo los cores Iv\u00e1n reyes; Rolando Stevenson; Pedro Estay y el Gobernador Eduardo Le\u00f3n.\" src=\"https:\/\/i0.wp.com\/www.eltrabajo.cl\/portal\/wp-content\/uploads\/2014\/07\/Choro1.jpg?resize=529%2C358\" width=\"529\" height=\"358\" srcset=\"https:\/\/i0.wp.com\/eltrabajo.cl\/portal\/wp-content\/uploads\/2014\/07\/Choro1.jpg?w=529&amp;ssl=1 529w, https:\/\/i0.wp.com\/eltrabajo.cl\/portal\/wp-content\/uploads\/2014\/07\/Choro1.jpg?resize=200%2C135&amp;ssl=1 200w, https:\/\/i0.wp.com\/eltrabajo.cl\/portal\/wp-content\/uploads\/2014\/07\/Choro1.jpg?resize=300%2C203&amp;ssl=1 300w, https:\/\/i0.wp.com\/eltrabajo.cl\/portal\/wp-content\/uploads\/2014\/07\/Choro1.jpg?resize=150%2C101&amp;ssl=1 150w, https:\/\/i0.wp.com\/eltrabajo.cl\/portal\/wp-content\/uploads\/2014\/07\/Choro1.jpg?resize=400%2C270&amp;ssl=1 400w\" sizes=\"auto, (max-width: 529px) 100vw, 529px\" \/><\/a><figcaption id=\"caption-attachment-48842\" class=\"wp-caption-text\">ORGULLO PROVINCIAL.- Posan para las c\u00e1maras de Diario El Trabajo los cores Iv\u00e1n reyes; Rolando Stevenson; Pedro Estay y el Gobernador Eduardo Le\u00f3n.<\/figcaption><\/figure>\n<p>En la sesi\u00f3n de honor extraordinaria que conmemor\u00f3 los 21 a\u00f1os del Consejo Regional de Valpara\u00edso, se homenaje\u00f3 a personas e instituciones destacadas de la Quinta Regi\u00f3n, donde sobresali\u00f3 la presencia de un conocido personaje putaendino Pedro \u2018Choro\u2019 Estay, quien deslumbr\u00f3 a las autoridades presentes con un verseado discurso en nombre de todos los premiados.<\/p>\n<figure id=\"attachment_48843\" aria-describedby=\"caption-attachment-48843\" style=\"width: 370px\" class=\"wp-caption alignright\"><a href=\"https:\/\/i0.wp.com\/www.eltrabajo.cl\/portal\/wp-content\/uploads\/2014\/07\/Choro2.jpg\"><img data-recalc-dims=\"1\" loading=\"lazy\" decoding=\"async\" class=\" wp-image-48843 \" alt=\"GENIO Y FIGURA.- Pedro Choro Estay, como lo muestra esta gr\u00e1fica, fue el im\u00e1n que atrajo las miradas y o\u00eddo del p\u00fablico, compartiendo de sus tesoros art\u00edsticos con ellos.\" src=\"https:\/\/i0.wp.com\/www.eltrabajo.cl\/portal\/wp-content\/uploads\/2014\/07\/Choro2.jpg?resize=370%2C176\" width=\"370\" height=\"176\" srcset=\"https:\/\/i0.wp.com\/eltrabajo.cl\/portal\/wp-content\/uploads\/2014\/07\/Choro2.jpg?w=529&amp;ssl=1 529w, https:\/\/i0.wp.com\/eltrabajo.cl\/portal\/wp-content\/uploads\/2014\/07\/Choro2.jpg?resize=200%2C95&amp;ssl=1 200w, https:\/\/i0.wp.com\/eltrabajo.cl\/portal\/wp-content\/uploads\/2014\/07\/Choro2.jpg?resize=300%2C142&amp;ssl=1 300w, https:\/\/i0.wp.com\/eltrabajo.cl\/portal\/wp-content\/uploads\/2014\/07\/Choro2.jpg?resize=150%2C71&amp;ssl=1 150w, https:\/\/i0.wp.com\/eltrabajo.cl\/portal\/wp-content\/uploads\/2014\/07\/Choro2.jpg?resize=400%2C190&amp;ssl=1 400w\" sizes=\"auto, (max-width: 370px) 100vw, 370px\" \/><\/a><figcaption id=\"caption-attachment-48843\" class=\"wp-caption-text\">GENIO Y FIGURA.- Pedro Choro Estay, como lo muestra esta gr\u00e1fica, fue el im\u00e1n que atrajo las miradas y o\u00eddo del p\u00fablico, compartiendo de sus tesoros art\u00edsticos con ellos.<\/figcaption><\/figure>\n<p>La sesi\u00f3n de consejo extraordinario se llev\u00f3 a cabo en el teatro del Parque Cultural de Valpara\u00edso y cont\u00f3 con la presencia de un importante n\u00famero de autoridades locales, provinciales y regionales, quienes valoraron la transcendental contribuci\u00f3n de los homenajeados en el desarrollo social, econ\u00f3mico y cultural de la regi\u00f3n.<\/p>\n<p>Particularmente Estay fue distinguido en representaci\u00f3n de la Provincia de San Felipe, recibiendo su premio por parte del Consejero Regional Mario Sottolichio, no obstante tambi\u00e9n fue saludado por el Gobernador Eduardo Le\u00f3n y los dem\u00e1s cores de la provincia, como Rolando Stevenson e Iv\u00e1n Reyes, un saludo transversal que da cuenta de la importante valoraci\u00f3n de uno de nuestros insignes payadores y cantores a lo divino como es Pedro \u2018Choro\u2019 Estay.<\/p>\n<p><strong>ARTISTA DE LUJO<\/strong><\/p>\n<p>Por su parte, funcionarios de la Municipalidad de Putaendo en representaci\u00f3n del Acalde Guillermo Reyes, trasladaron y acompa\u00f1aron a Pedro Estay, quien se mostr\u00f3 muy agradecido con el municipio y con el Consejo Regional por el apoyo que a\u00f1o tras a\u00f1o le brindan para realizar el Encuentro Nacional de Payadores que se efect\u00faa con gran \u00e9xito en la comuna de Putaendo.<\/p>\n<p>En la ocasi\u00f3n, hizo uso de la palabra la Presidente del Consejo Regional, Sandra Miranda, quien destac\u00f3 entre otras cosas la aprobaci\u00f3n de m\u00e1s de $200 millones por parte del Consejo Regional para realizar el estudio de pre-factibilidad del Proyecto Habitaci\u00f3n extensi\u00f3n Metro Valpara\u00edso-Quillota-Calera\u2019. Adem\u00e1s, en sentidas palabras record\u00f3 la memoria del ex-Core Carlos Alarc\u00f3n, conocido comunicador quien falleciera el pasado mes de abril a la edad de 52 a\u00f1os.<\/p>\n<p>&nbsp;<\/p>\n","protected":false},"excerpt":{"rendered":"<p>En la sesi\u00f3n de honor extraordinaria que conmemor\u00f3 los 21 a\u00f1os del Consejo Regional de Valpara\u00edso, se homenaje\u00f3 a personas e instituciones destacadas de la Quinta Regi\u00f3n, donde sobresali\u00f3 la presencia de&#8230;<\/p>\n","protected":false},"author":482,"featured_media":48842,"comment_status":"open","ping_status":"closed","sticky":false,"template":"","format":"standard","meta":{"advanced_seo_description":"","jetpack_seo_html_title":"","jetpack_seo_noindex":false,"_jetpack_memberships_contains_paid_content":false,"footnotes":""},"categories":[15],"tags":[],"class_list":["post-48841","post","type-post","status-publish","format-standard","has-post-thumbnail","hentry","category-comunidad"],"jetpack_featured_media_url":"https:\/\/i0.wp.com\/eltrabajo.cl\/portal\/wp-content\/uploads\/2014\/07\/Choro1.jpg?fit=529%2C358&ssl=1","jetpack_sharing_enabled":true,"jetpack_likes_enabled":true,"jetpack-related-posts":[],"_links":{"self":[{"href":"https:\/\/eltrabajo.cl\/portal\/wp-json\/wp\/v2\/posts\/48841","targetHints":{"allow":["GET"]}}],"collection":[{"href":"https:\/\/eltrabajo.cl\/portal\/wp-json\/wp\/v2\/posts"}],"about":[{"href":"https:\/\/eltrabajo.cl\/portal\/wp-json\/wp\/v2\/types\/post"}],"author":[{"embeddable":true,"href":"https:\/\/eltrabajo.cl\/portal\/wp-json\/wp\/v2\/users\/482"}],"replies":[{"embeddable":true,"href":"https:\/\/eltrabajo.cl\/portal\/wp-json\/wp\/v2\/comments?post=48841"}],"version-history":[{"count":0,"href":"https:\/\/eltrabajo.cl\/portal\/wp-json\/wp\/v2\/posts\/48841\/revisions"}],"wp:featuredmedia":[{"embeddable":true,"href":"https:\/\/eltrabajo.cl\/portal\/wp-json\/wp\/v2\/media\/48842"}],"wp:attachment":[{"href":"https:\/\/eltrabajo.cl\/portal\/wp-json\/wp\/v2\/media?parent=48841"}],"wp:term":[{"taxonomy":"category","embeddable":true,"href":"https:\/\/eltrabajo.cl\/portal\/wp-json\/wp\/v2\/categories?post=48841"},{"taxonomy":"post_tag","embeddable":true,"href":"https:\/\/eltrabajo.cl\/portal\/wp-json\/wp\/v2\/tags?post=48841"}],"curies":[{"name":"wp","href":"https:\/\/api.w.org\/{rel}","templated":true}]}}