{"id":48849,"date":"2014-07-15T09:34:04","date_gmt":"2014-07-15T13:34:04","guid":{"rendered":"http:\/\/www.eltrabajo.cl\/portal\/?p=48849"},"modified":"2014-07-15T09:34:04","modified_gmt":"2014-07-15T13:34:04","slug":"arrancan-campanas-para-ayudar-a-matrimonio-que-lo-perdio-todo-en-incendio","status":"publish","type":"post","link":"https:\/\/eltrabajo.cl\/portal\/arrancan-campanas-para-ayudar-a-matrimonio-que-lo-perdio-todo-en-incendio\/","title":{"rendered":"Arrancan campa\u00f1as para ayudar a matrimonio que lo perdi\u00f3 todo en incendio"},"content":{"rendered":"<figure id=\"attachment_48850\" aria-describedby=\"caption-attachment-48850\" style=\"width: 529px\" class=\"wp-caption alignnone\"><a href=\"https:\/\/i0.wp.com\/www.eltrabajo.cl\/portal\/wp-content\/uploads\/2014\/07\/Ruinas1.jpg\"><img data-recalc-dims=\"1\" loading=\"lazy\" decoding=\"async\" class=\"size-full wp-image-48850\" alt=\"SIN NADA.- As\u00ed qued\u00f3 este matrimonio vecino de Algarrobal, luego que el fuego les dejara sin sus pertenencias y en completa bancarrota.\" src=\"https:\/\/i0.wp.com\/www.eltrabajo.cl\/portal\/wp-content\/uploads\/2014\/07\/Ruinas1.jpg?resize=529%2C358\" width=\"529\" height=\"358\" srcset=\"https:\/\/i0.wp.com\/eltrabajo.cl\/portal\/wp-content\/uploads\/2014\/07\/Ruinas1.jpg?w=529&amp;ssl=1 529w, https:\/\/i0.wp.com\/eltrabajo.cl\/portal\/wp-content\/uploads\/2014\/07\/Ruinas1.jpg?resize=200%2C135&amp;ssl=1 200w, https:\/\/i0.wp.com\/eltrabajo.cl\/portal\/wp-content\/uploads\/2014\/07\/Ruinas1.jpg?resize=300%2C203&amp;ssl=1 300w, https:\/\/i0.wp.com\/eltrabajo.cl\/portal\/wp-content\/uploads\/2014\/07\/Ruinas1.jpg?resize=150%2C101&amp;ssl=1 150w, https:\/\/i0.wp.com\/eltrabajo.cl\/portal\/wp-content\/uploads\/2014\/07\/Ruinas1.jpg?resize=400%2C270&amp;ssl=1 400w\" sizes=\"auto, (max-width: 529px) 100vw, 529px\" \/><\/a><figcaption id=\"caption-attachment-48850\" class=\"wp-caption-text\">SIN NADA.- As\u00ed qued\u00f3 este matrimonio vecino de Algarrobal, luego que el fuego les dejara sin sus pertenencias y en completa bancarrota.<\/figcaption><\/figure>\n<p>Como cada matrimonio en la vida, siempre se vive so\u00f1ando, planificando, ahorrando y hasta sacrific\u00e1ndonos mutuamente para lograr cumplir nuestros proyectos de pareja, es vertiginoso c\u00famulo de planes tambi\u00e9n los ten\u00edan en desarrollo Mario Antonio Pereira Tapia de 48 a\u00f1os, y su esposa Ana Mar\u00eda Fabres Vargas, quienes a ra\u00edz de un voraz incendio en su humilde vivienda llegaron a perderlo todo.<\/p>\n<p>Diario El Trabajo visit\u00f3 este lunes el lugar del siniestro a fin de conocer la historia de estos vecinos del sector Algarrobal Allende, poste 46, y tambi\u00e9n de arrancar as\u00ed con una campa\u00f1a provincial para convocar las fuerzas vivas y que estas respondan ojala positivamente.<\/p>\n<p><strong>\u00a0CACHORRITOS\u00a0FALLECIDOS<\/strong><\/p>\n<p>Seg\u00fan lo registrado por nuestras c\u00e1maras, en el sitio donde estuvo la casita de ambos, s\u00f3lo encontramos restos de varias computadoras con las que ellos planeaban abrir un peque\u00f1o ciber-caf\u00e9; una impresora quemada; decenas de herramientas de trabajo totalmente calcinadas y las cenizas de cinco cachorritos de perro; su madre y una gata, mascotas que no lograron salir del infernal incendio. Nuestro medio habl\u00f3 con Ana Mar\u00eda Fabres Vargas sobre lo ocurrido.<\/p>\n<p><strong>&#8211; \u00bfC\u00f3mo ocurri\u00f3 esto y qu\u00e9 se hizo para controlarlo?<\/strong><\/p>\n<p>&#8211; \u00abYo estaba fuera de la casa, todo ocurri\u00f3 muy r\u00e1pido, mi hermano Sandro fue quien me dio aviso, \u00e9l mismo arriesg\u00f3 su vida para rescatar del fuego nuestros conejos, gatos, perros y gallinas\u00bb.<\/p>\n<p><strong>&#8211; \u00bfQu\u00e9 perdieron en esta tragedia?<\/strong><\/p>\n<p>&#8211; \u00abLo perdimos todos, hasta $600.000 en efectivo que ten\u00edamos guardados para pagar los derechos de explotaci\u00f3n de una peque\u00f1a mina en el sector, mis computadoras; todos los utensilios de la casa, ni ropa ni zapatos, s\u00f3lo quedamos con lo puesto\u00bb.<\/p>\n<p><strong>&#8211; \u00bfQui\u00e9nes les han ayudado hasta el momento?<\/strong><\/p>\n<p>&#8211; \u00abQuienes nos han ayudado son los mimos vecinos, gente pobres como nosotros, hasta el momento no hay ayuda del gobierno de ning\u00fan tipo, s\u00f3lo una entrevista que nos hizo gente del municipio y una espuma, en la Iglesia Man\u00e1 s\u00ed nos regalaron una cama y colch\u00f3n, el resto s\u00f3lo es ayuda muy poca, pero valiosa de los vecinos\u00bb.<\/p>\n<p><strong>\u00a0\u00abPEDIMOS AYUDA\u00bb<\/strong><\/p>\n<p>Por su parte el esposo de esta mujer, Mario Antonio Pereira Tapia, quien se desempe\u00f1a como maestro constructor, nos habl\u00f3 tambi\u00e9n de lo que perdi\u00f3 en este incendio.<\/p>\n<p><strong>&#8211; \u00bfC\u00f3mo es su vida ahora que lo perdi\u00f3 todo?<\/strong><\/p>\n<p>&#8211; \u00abYo estoy apenas saliendo del shock que me ha generado este incendio, perd\u00ed todas mis herramientas, las manuales y el\u00e9ctricas, taladros, las tres m\u00e1quinas de soldar; seguetas, cable el\u00e9ctrico, no me qued\u00f3 una sola herramienta \u00fatil, no puedo trabajar ahora, porque un carpintero sin herramientas no es nada\u00bb.<\/p>\n<p><strong>&#8211; \u00bfA qui\u00e9nes piensa pedir ayuda?<\/strong><\/p>\n<p>&#8211; \u00abYo pertenezco al \u2018C\u00edrculo Especialistas Sodimac Constructor\u2019, me gustar\u00eda saber si esta empresa tiene herramientas da\u00f1adas que se puedan reparar y me puedan servir para rehacer mi vida laboral de alguna manera\u00bb.<\/p>\n<p><strong>&#8211; \u00bfQu\u00e9 necesitan para salir adelante?<\/strong><\/p>\n<p>&#8211; \u00abYo tambi\u00e9n le pido a las autoridades; a las iglesias; al comercio en general, as\u00ed como hubo ayuda para nuestros hermanos del puerto, hoy yo estoy solicitando la ayuda para nosotros, somos s\u00f3lo dos personas que aceptar\u00e1n lo que nos puedan dar\u00bb.<\/p>\n<p><strong>CAMPA\u00d1AS\u00a0SOLIDARIAS<\/strong><\/p>\n<p>Diario El Trabajo habl\u00f3 con personeros de la Iglesia evang\u00e9lica Man\u00e1 de San Felipe, propiamente con el pastor Rommel Moreno, quien desde el momento del siniestro coordino entregar una cama y colch\u00f3n a los afectados, tambi\u00e9n anunci\u00f3 que durante toda esta semana estar\u00e1n desarrollando una campa\u00f1a solidaria para ayudar a Mario Antonio y Ana Mar\u00eda.<\/p>\n<p>\u00abEllos son miembros regulares de nuestra iglesia, b\u00e1sicamente queremos ayudar en alimentos, ropa, frazadas y utensilios de cocina, as\u00ed como materiales de construcci\u00f3n, en la parte espiritual desde hace meses ya venimos tambi\u00e9n aport\u00e1ndoles del amor de Cristo en sus vidas\u00bb, coment\u00f3 Morenos.<\/p>\n<p>\u00abAqu\u00ed lo que hay que hacer es cerrar filas, ser solidarios, nuestras puertas siempre estar\u00e1n abiertas para esta clase de emergencias\u00bb, coment\u00f3 Francisco Romero, di\u00e1cono de la Iglesia Man\u00e1, recinto religioso ubicado en Manso de Velasco N\u00ba98.<\/p>\n<p>Por su parte Juan Gonz\u00e1lez, administrador de Carnes Kar de San Felipe, tambi\u00e9n levant\u00f3 su mano para anunciar otra campa\u00f1a solidaria en beneficio de estos vecinos de Algarrobal. Nosotros, mis compa\u00f1eros de trabajo y nuestros clientes, siempre decimos presente cuando se puede ayudar, si pudimos llenar camiones de ayuda humanitaria para nuestros hermanos del puerto, tambi\u00e9n podremos ayudar a esta familia de Algarrobal.<\/p>\n<p>Los interesados en aportar recursos para este matrimonio, pueden llamar a los tel\u00e9fonos 7522 1821 de la Iglesia Man\u00e1, ubicada en Manso de Velasco N\u00ba98, o bien llamando directamente a los afectados al fono: 7709 5880 o al (34) 234 3511 de Carnes Kar.<\/p>\n<p>Roberto Gonz\u00e1lez Short<\/p>\n<p>rgonzalez@eltrabajo.cl<\/p>\n<div class=\"tiled-gallery type-rectangular tiled-gallery-unresized\" data-original-width=\"640\" data-carousel-extra='null' itemscope itemtype=\"http:\/\/schema.org\/ImageGallery\" > <div class=\"gallery-row\" style=\"width: 640px; height: 470px;\" data-original-width=\"640\" data-original-height=\"470\" > <div class=\"gallery-group images-1\" style=\"width: 372px; height: 470px;\" data-original-width=\"372\" data-original-height=\"470\" > <div class=\"tiled-gallery-item tiled-gallery-item-large\" itemprop=\"associatedMedia\" itemscope itemtype=\"http:\/\/schema.org\/ImageObject\"> <a href=\"https:\/\/eltrabajo.cl\/portal\/arrancan-campanas-para-ayudar-a-matrimonio-que-lo-perdio-todo-en-incendio\/ruinas2\/\" border=\"0\" itemprop=\"url\"> <meta itemprop=\"width\" content=\"368\"> <meta itemprop=\"height\" content=\"466\"> <img decoding=\"async\" class=\"\" data-attachment-id=\"48855\" data-orig-file=\"https:\/\/eltrabajo.cl\/portal\/wp-content\/uploads\/2014\/07\/Ruinas2.jpg\" data-orig-size=\"529,669\" data-comments-opened=\"1\" data-image-meta=\"{&quot;aperture&quot;:&quot;7.1&quot;,&quot;credit&quot;:&quot;&quot;,&quot;camera&quot;:&quot;Canon EOS REBEL T1i&quot;,&quot;caption&quot;:&quot;&quot;,&quot;created_timestamp&quot;:&quot;1405340987&quot;,&quot;copyright&quot;:&quot;&quot;,&quot;focal_length&quot;:&quot;18&quot;,&quot;iso&quot;:&quot;400&quot;,&quot;shutter_speed&quot;:&quot;0.005&quot;,&quot;title&quot;:&quot;&quot;}\" data-image-title=\"Ruinas2\" data-image-description=\"&lt;p&gt;ARRUINADOS.- De las computadoras que ser\u00edan usadas en un ciber-caf\u00e9, propiedad de ambos, s\u00f3lo quedaron las cajas vac\u00edas y calcinadas, pues el fuego no perdon\u00f3 nada a su paso.&lt;\/p&gt; \" data-medium-file=\"https:\/\/i0.wp.com\/eltrabajo.cl\/portal\/wp-content\/uploads\/2014\/07\/Ruinas2.jpg?fit=237%2C300&#038;ssl=1\" data-large-file=\"https:\/\/i0.wp.com\/eltrabajo.cl\/portal\/wp-content\/uploads\/2014\/07\/Ruinas2.jpg?fit=529%2C669&#038;ssl=1\" src=\"https:\/\/i0.wp.com\/eltrabajo.cl\/portal\/wp-content\/uploads\/2014\/07\/Ruinas2.jpg?w=368&#038;h=466&#038;ssl=1\" srcset=\"https:\/\/i0.wp.com\/eltrabajo.cl\/portal\/wp-content\/uploads\/2014\/07\/Ruinas2.jpg?w=529&amp;ssl=1 529w, https:\/\/i0.wp.com\/eltrabajo.cl\/portal\/wp-content\/uploads\/2014\/07\/Ruinas2.jpg?resize=118%2C150&amp;ssl=1 118w, https:\/\/i0.wp.com\/eltrabajo.cl\/portal\/wp-content\/uploads\/2014\/07\/Ruinas2.jpg?resize=237%2C300&amp;ssl=1 237w, https:\/\/i0.wp.com\/eltrabajo.cl\/portal\/wp-content\/uploads\/2014\/07\/Ruinas2.jpg?resize=400%2C505&amp;ssl=1 400w\" width=\"368\" height=\"466\" loading=\"lazy\" data-original-width=\"368\" data-original-height=\"466\" itemprop=\"http:\/\/schema.org\/image\" title=\"Ruinas2\" alt=\"ARRUINADOS.- De las computadoras que ser\u00edan usadas en un ciber-caf\u00e9, propiedad de ambos, s\u00f3lo quedaron las cajas vac\u00edas y calcinadas, pues el fuego no perdon\u00f3 nada a su paso.\" style=\"width: 368px; height: 466px;\" \/> <\/a> <div class=\"tiled-gallery-caption\" itemprop=\"caption description\"> ARRUINADOS.- De las computadoras que ser\u00edan usadas en un ciber-caf\u00e9, propiedad de ambos, s\u00f3lo quedaron las cajas vac\u00edas y calcinadas, pues el fuego no perdon\u00f3 nada a su paso. <\/div> <\/div> <\/div> <!-- close group --> <div class=\"gallery-group images-2\" style=\"width: 268px; height: 470px;\" data-original-width=\"268\" data-original-height=\"470\" > <div class=\"tiled-gallery-item tiled-gallery-item-large\" itemprop=\"associatedMedia\" itemscope itemtype=\"http:\/\/schema.org\/ImageObject\"> <a href=\"https:\/\/eltrabajo.cl\/portal\/arrancan-campanas-para-ayudar-a-matrimonio-que-lo-perdio-todo-en-incendio\/pastores1-2\/\" border=\"0\" itemprop=\"url\"> <meta itemprop=\"width\" content=\"264\"> <meta itemprop=\"height\" content=\"170\"> <img decoding=\"async\" class=\"\" data-attachment-id=\"48854\" data-orig-file=\"https:\/\/eltrabajo.cl\/portal\/wp-content\/uploads\/2014\/07\/Pastores1.jpg\" data-orig-size=\"528,340\" data-comments-opened=\"1\" data-image-meta=\"{&quot;aperture&quot;:&quot;4&quot;,&quot;credit&quot;:&quot;&quot;,&quot;camera&quot;:&quot;Canon EOS REBEL T1i&quot;,&quot;caption&quot;:&quot;&quot;,&quot;created_timestamp&quot;:&quot;1405352983&quot;,&quot;copyright&quot;:&quot;&quot;,&quot;focal_length&quot;:&quot;24&quot;,&quot;iso&quot;:&quot;400&quot;,&quot;shutter_speed&quot;:&quot;0.008&quot;,&quot;title&quot;:&quot;&quot;}\" data-image-title=\"Pastores1\" data-image-description=\"&lt;p&gt;HERMANDAD PUESTA A PRUEBA.- El di\u00e1cono Francisco Romero y el pastor Rommel Moreno, ambos de la Iglesia Man\u00e1, dijeron presente a fin de solidarizarse con esta familia de Algarrobal.&lt;\/p&gt; \" data-medium-file=\"https:\/\/i0.wp.com\/eltrabajo.cl\/portal\/wp-content\/uploads\/2014\/07\/Pastores1.jpg?fit=300%2C193&#038;ssl=1\" data-large-file=\"https:\/\/i0.wp.com\/eltrabajo.cl\/portal\/wp-content\/uploads\/2014\/07\/Pastores1.jpg?fit=528%2C340&#038;ssl=1\" src=\"https:\/\/i0.wp.com\/eltrabajo.cl\/portal\/wp-content\/uploads\/2014\/07\/Pastores1.jpg?w=264&#038;h=170&#038;ssl=1\" srcset=\"https:\/\/i0.wp.com\/eltrabajo.cl\/portal\/wp-content\/uploads\/2014\/07\/Pastores1.jpg?w=528&amp;ssl=1 528w, https:\/\/i0.wp.com\/eltrabajo.cl\/portal\/wp-content\/uploads\/2014\/07\/Pastores1.jpg?resize=200%2C128&amp;ssl=1 200w, https:\/\/i0.wp.com\/eltrabajo.cl\/portal\/wp-content\/uploads\/2014\/07\/Pastores1.jpg?resize=300%2C193&amp;ssl=1 300w, https:\/\/i0.wp.com\/eltrabajo.cl\/portal\/wp-content\/uploads\/2014\/07\/Pastores1.jpg?resize=150%2C96&amp;ssl=1 150w, https:\/\/i0.wp.com\/eltrabajo.cl\/portal\/wp-content\/uploads\/2014\/07\/Pastores1.jpg?resize=400%2C257&amp;ssl=1 400w\" width=\"264\" height=\"170\" loading=\"lazy\" data-original-width=\"264\" data-original-height=\"170\" itemprop=\"http:\/\/schema.org\/image\" title=\"Pastores1\" alt=\"HERMANDAD PUESTA A PRUEBA.- El di\u00e1cono Francisco Romero y el pastor Rommel Moreno, ambos de la Iglesia Man\u00e1, dijeron presente a fin de solidarizarse con esta familia de Algarrobal.\" style=\"width: 264px; height: 170px;\" \/> <\/a> <div class=\"tiled-gallery-caption\" itemprop=\"caption description\"> HERMANDAD PUESTA A PRUEBA.- El di\u00e1cono Francisco Romero y el pastor Rommel Moreno, ambos de la Iglesia Man\u00e1, dijeron presente a fin de solidarizarse con esta familia de Algarrobal. <\/div> <\/div> <div class=\"tiled-gallery-item tiled-gallery-item-large\" itemprop=\"associatedMedia\" itemscope itemtype=\"http:\/\/schema.org\/ImageObject\"> <a href=\"https:\/\/eltrabajo.cl\/portal\/arrancan-campanas-para-ayudar-a-matrimonio-que-lo-perdio-todo-en-incendio\/mario-pereira\/\" border=\"0\" itemprop=\"url\"> <meta itemprop=\"width\" content=\"264\"> <meta itemprop=\"height\" content=\"292\"> <img decoding=\"async\" class=\"\" data-attachment-id=\"48853\" data-orig-file=\"https:\/\/eltrabajo.cl\/portal\/wp-content\/uploads\/2014\/07\/Mario-Pereira.jpg\" data-orig-size=\"529,585\" data-comments-opened=\"1\" data-image-meta=\"{&quot;aperture&quot;:&quot;11&quot;,&quot;credit&quot;:&quot;&quot;,&quot;camera&quot;:&quot;Canon EOS REBEL T1i&quot;,&quot;caption&quot;:&quot;&quot;,&quot;created_timestamp&quot;:&quot;1405341044&quot;,&quot;copyright&quot;:&quot;&quot;,&quot;focal_length&quot;:&quot;27&quot;,&quot;iso&quot;:&quot;400&quot;,&quot;shutter_speed&quot;:&quot;0.005&quot;,&quot;title&quot;:&quot;&quot;}\" data-image-title=\"Mario Pereira\" data-image-description=\"&lt;p&gt;Mario Antonio Pereira Tapia, maestro constructor que lo perdi\u00f3 todo.&lt;\/p&gt; \" data-medium-file=\"https:\/\/i0.wp.com\/eltrabajo.cl\/portal\/wp-content\/uploads\/2014\/07\/Mario-Pereira.jpg?fit=271%2C300&#038;ssl=1\" data-large-file=\"https:\/\/i0.wp.com\/eltrabajo.cl\/portal\/wp-content\/uploads\/2014\/07\/Mario-Pereira.jpg?fit=529%2C585&#038;ssl=1\" src=\"https:\/\/i0.wp.com\/eltrabajo.cl\/portal\/wp-content\/uploads\/2014\/07\/Mario-Pereira.jpg?w=264&#038;h=292&#038;ssl=1\" srcset=\"https:\/\/i0.wp.com\/eltrabajo.cl\/portal\/wp-content\/uploads\/2014\/07\/Mario-Pereira.jpg?w=529&amp;ssl=1 529w, https:\/\/i0.wp.com\/eltrabajo.cl\/portal\/wp-content\/uploads\/2014\/07\/Mario-Pereira.jpg?resize=135%2C150&amp;ssl=1 135w, https:\/\/i0.wp.com\/eltrabajo.cl\/portal\/wp-content\/uploads\/2014\/07\/Mario-Pereira.jpg?resize=271%2C300&amp;ssl=1 271w, https:\/\/i0.wp.com\/eltrabajo.cl\/portal\/wp-content\/uploads\/2014\/07\/Mario-Pereira.jpg?resize=400%2C442&amp;ssl=1 400w\" width=\"264\" height=\"292\" loading=\"lazy\" data-original-width=\"264\" data-original-height=\"292\" itemprop=\"http:\/\/schema.org\/image\" title=\"Mario Pereira\" alt=\"Mario Antonio Pereira Tapia, maestro constructor que lo perdi\u00f3 todo.\" style=\"width: 264px; height: 292px;\" \/> <\/a> <div class=\"tiled-gallery-caption\" itemprop=\"caption description\"> Mario Antonio Pereira Tapia, maestro constructor que lo perdi\u00f3 todo. <\/div> <\/div> <\/div> <!-- close group --> <\/div> <!-- close row --> <div class=\"gallery-row\" style=\"width: 640px; height: 423px;\" data-original-width=\"640\" data-original-height=\"423\" > <div class=\"gallery-group images-2\" style=\"width: 217px; height: 423px;\" data-original-width=\"217\" data-original-height=\"423\" > <div class=\"tiled-gallery-item tiled-gallery-item-small\" itemprop=\"associatedMedia\" itemscope itemtype=\"http:\/\/schema.org\/ImageObject\"> <a href=\"https:\/\/eltrabajo.cl\/portal\/arrancan-campanas-para-ayudar-a-matrimonio-que-lo-perdio-todo-en-incendio\/ana-maria\/\" border=\"0\" itemprop=\"url\"> <meta itemprop=\"width\" content=\"213\"> <meta itemprop=\"height\" content=\"208\"> <img decoding=\"async\" class=\"\" data-attachment-id=\"48851\" data-orig-file=\"https:\/\/eltrabajo.cl\/portal\/wp-content\/uploads\/2014\/07\/Ana-Maria.jpg\" data-orig-size=\"529,517\" data-comments-opened=\"1\" data-image-meta=\"{&quot;aperture&quot;:&quot;5&quot;,&quot;credit&quot;:&quot;&quot;,&quot;camera&quot;:&quot;Canon EOS REBEL T1i&quot;,&quot;caption&quot;:&quot;&quot;,&quot;created_timestamp&quot;:&quot;1405341754&quot;,&quot;copyright&quot;:&quot;&quot;,&quot;focal_length&quot;:&quot;39&quot;,&quot;iso&quot;:&quot;400&quot;,&quot;shutter_speed&quot;:&quot;0.016666666666667&quot;,&quot;title&quot;:&quot;&quot;}\" data-image-title=\"Ana Maria\" data-image-description=\"&lt;p&gt;Ana Mar\u00eda Fabres Vargas, clama a los vecinos y autoridades por una ayuda digna.&lt;\/p&gt; \" data-medium-file=\"https:\/\/i0.wp.com\/eltrabajo.cl\/portal\/wp-content\/uploads\/2014\/07\/Ana-Maria.jpg?fit=300%2C293&#038;ssl=1\" data-large-file=\"https:\/\/i0.wp.com\/eltrabajo.cl\/portal\/wp-content\/uploads\/2014\/07\/Ana-Maria.jpg?fit=529%2C517&#038;ssl=1\" src=\"https:\/\/i0.wp.com\/eltrabajo.cl\/portal\/wp-content\/uploads\/2014\/07\/Ana-Maria.jpg?w=213&#038;h=208&#038;ssl=1\" srcset=\"https:\/\/i0.wp.com\/eltrabajo.cl\/portal\/wp-content\/uploads\/2014\/07\/Ana-Maria.jpg?w=529&amp;ssl=1 529w, https:\/\/i0.wp.com\/eltrabajo.cl\/portal\/wp-content\/uploads\/2014\/07\/Ana-Maria.jpg?resize=153%2C150&amp;ssl=1 153w, https:\/\/i0.wp.com\/eltrabajo.cl\/portal\/wp-content\/uploads\/2014\/07\/Ana-Maria.jpg?resize=300%2C293&amp;ssl=1 300w, https:\/\/i0.wp.com\/eltrabajo.cl\/portal\/wp-content\/uploads\/2014\/07\/Ana-Maria.jpg?resize=150%2C146&amp;ssl=1 150w, https:\/\/i0.wp.com\/eltrabajo.cl\/portal\/wp-content\/uploads\/2014\/07\/Ana-Maria.jpg?resize=400%2C390&amp;ssl=1 400w\" width=\"213\" height=\"208\" loading=\"lazy\" data-original-width=\"213\" data-original-height=\"208\" itemprop=\"http:\/\/schema.org\/image\" title=\"Ana Maria\" alt=\"Ana Mar\u00eda Fabres Vargas, clama a los vecinos y autoridades por una ayuda digna.\" style=\"width: 213px; height: 208px;\" \/> <\/a> <div class=\"tiled-gallery-caption\" itemprop=\"caption description\"> Ana Mar\u00eda Fabres Vargas, clama a los vecinos y autoridades por una ayuda digna. <\/div> <\/div> <div class=\"tiled-gallery-item tiled-gallery-item-small\" itemprop=\"associatedMedia\" itemscope itemtype=\"http:\/\/schema.org\/ImageObject\"> <a href=\"https:\/\/eltrabajo.cl\/portal\/arrancan-campanas-para-ayudar-a-matrimonio-que-lo-perdio-todo-en-incendio\/sandro-fabres\/\" border=\"0\" itemprop=\"url\"> <meta itemprop=\"width\" content=\"213\"> <meta itemprop=\"height\" content=\"207\"> <img decoding=\"async\" class=\"\" data-attachment-id=\"48856\" data-orig-file=\"https:\/\/eltrabajo.cl\/portal\/wp-content\/uploads\/2014\/07\/Sandro-Fabres.jpg\" data-orig-size=\"529,513\" data-comments-opened=\"1\" data-image-meta=\"{&quot;aperture&quot;:&quot;5&quot;,&quot;credit&quot;:&quot;&quot;,&quot;camera&quot;:&quot;Canon EOS REBEL T1i&quot;,&quot;caption&quot;:&quot;&quot;,&quot;created_timestamp&quot;:&quot;1405342910&quot;,&quot;copyright&quot;:&quot;&quot;,&quot;focal_length&quot;:&quot;40&quot;,&quot;iso&quot;:&quot;400&quot;,&quot;shutter_speed&quot;:&quot;0.008&quot;,&quot;title&quot;:&quot;&quot;}\" data-image-title=\"Sandro Fabres\" data-image-description=\"&lt;p&gt;H\u00c9ROE LOCAL.- Sandro Fabres, hermano de Ana mar\u00eda, arriesg\u00f3 su vida para rescatar las mascotas de su hermana.&lt;\/p&gt; \" data-medium-file=\"https:\/\/i0.wp.com\/eltrabajo.cl\/portal\/wp-content\/uploads\/2014\/07\/Sandro-Fabres.jpg?fit=300%2C290&#038;ssl=1\" data-large-file=\"https:\/\/i0.wp.com\/eltrabajo.cl\/portal\/wp-content\/uploads\/2014\/07\/Sandro-Fabres.jpg?fit=529%2C513&#038;ssl=1\" src=\"https:\/\/i0.wp.com\/eltrabajo.cl\/portal\/wp-content\/uploads\/2014\/07\/Sandro-Fabres.jpg?w=213&#038;h=207&#038;ssl=1\" srcset=\"https:\/\/i0.wp.com\/eltrabajo.cl\/portal\/wp-content\/uploads\/2014\/07\/Sandro-Fabres.jpg?w=529&amp;ssl=1 529w, https:\/\/i0.wp.com\/eltrabajo.cl\/portal\/wp-content\/uploads\/2014\/07\/Sandro-Fabres.jpg?resize=154%2C150&amp;ssl=1 154w, https:\/\/i0.wp.com\/eltrabajo.cl\/portal\/wp-content\/uploads\/2014\/07\/Sandro-Fabres.jpg?resize=300%2C290&amp;ssl=1 300w, https:\/\/i0.wp.com\/eltrabajo.cl\/portal\/wp-content\/uploads\/2014\/07\/Sandro-Fabres.jpg?resize=150%2C145&amp;ssl=1 150w, https:\/\/i0.wp.com\/eltrabajo.cl\/portal\/wp-content\/uploads\/2014\/07\/Sandro-Fabres.jpg?resize=400%2C387&amp;ssl=1 400w\" width=\"213\" height=\"207\" loading=\"lazy\" data-original-width=\"213\" data-original-height=\"207\" itemprop=\"http:\/\/schema.org\/image\" title=\"Sandro Fabres\" alt=\"H\u00c9ROE LOCAL.- Sandro Fabres, hermano de Ana mar\u00eda, arriesg\u00f3 su vida para rescatar las mascotas de su hermana.\" style=\"width: 213px; height: 207px;\" \/> <\/a> <div class=\"tiled-gallery-caption\" itemprop=\"caption description\"> H\u00c9ROE LOCAL.- Sandro Fabres, hermano de Ana mar\u00eda, arriesg\u00f3 su vida para rescatar las mascotas de su hermana. <\/div> <\/div> <\/div> <!-- close group --> <div class=\"gallery-group images-1\" style=\"width: 423px; height: 423px;\" data-original-width=\"423\" data-original-height=\"423\" > <div class=\"tiled-gallery-item tiled-gallery-item-large\" itemprop=\"associatedMedia\" itemscope itemtype=\"http:\/\/schema.org\/ImageObject\"> <a href=\"https:\/\/eltrabajo.cl\/portal\/arrancan-campanas-para-ayudar-a-matrimonio-que-lo-perdio-todo-en-incendio\/juan-gonzalez_-3\/\" border=\"0\" itemprop=\"url\"> <meta itemprop=\"width\" content=\"419\"> <meta itemprop=\"height\" content=\"419\"> <img decoding=\"async\" class=\"\" data-attachment-id=\"48852\" data-orig-file=\"https:\/\/eltrabajo.cl\/portal\/wp-content\/uploads\/2014\/07\/Juan-Gonzalez_.jpg\" data-orig-size=\"529,529\" data-comments-opened=\"1\" data-image-meta=\"{&quot;aperture&quot;:&quot;3.1&quot;,&quot;credit&quot;:&quot;&quot;,&quot;camera&quot;:&quot;DSC-H100&quot;,&quot;caption&quot;:&quot;&quot;,&quot;created_timestamp&quot;:&quot;1326734942&quot;,&quot;copyright&quot;:&quot;Copyright 2009&quot;,&quot;focal_length&quot;:&quot;4.5&quot;,&quot;iso&quot;:&quot;100&quot;,&quot;shutter_speed&quot;:&quot;0.025&quot;,&quot;title&quot;:&quot;&quot;}\" data-image-title=\"Juan Gonzalez_\" data-image-description=\"&lt;p&gt;Juan Gonz\u00e1lez, administrador de Carnes Kar de San Felipe.&lt;\/p&gt; \" data-medium-file=\"https:\/\/i0.wp.com\/eltrabajo.cl\/portal\/wp-content\/uploads\/2014\/07\/Juan-Gonzalez_.jpg?fit=300%2C300&#038;ssl=1\" data-large-file=\"https:\/\/i0.wp.com\/eltrabajo.cl\/portal\/wp-content\/uploads\/2014\/07\/Juan-Gonzalez_.jpg?fit=529%2C529&#038;ssl=1\" src=\"https:\/\/i0.wp.com\/eltrabajo.cl\/portal\/wp-content\/uploads\/2014\/07\/Juan-Gonzalez_.jpg?w=419&#038;h=419&#038;crop=1&#038;ssl=1\" srcset=\"https:\/\/i0.wp.com\/eltrabajo.cl\/portal\/wp-content\/uploads\/2014\/07\/Juan-Gonzalez_.jpg?w=529&amp;ssl=1 529w, https:\/\/i0.wp.com\/eltrabajo.cl\/portal\/wp-content\/uploads\/2014\/07\/Juan-Gonzalez_.jpg?resize=150%2C150&amp;ssl=1 150w, https:\/\/i0.wp.com\/eltrabajo.cl\/portal\/wp-content\/uploads\/2014\/07\/Juan-Gonzalez_.jpg?resize=300%2C300&amp;ssl=1 300w, https:\/\/i0.wp.com\/eltrabajo.cl\/portal\/wp-content\/uploads\/2014\/07\/Juan-Gonzalez_.jpg?resize=400%2C400&amp;ssl=1 400w\" width=\"419\" height=\"419\" loading=\"lazy\" data-original-width=\"419\" data-original-height=\"419\" itemprop=\"http:\/\/schema.org\/image\" title=\"Juan Gonzalez_\" alt=\"Juan Gonz\u00e1lez, administrador de Carnes Kar de San Felipe.\" style=\"width: 419px; height: 419px;\" \/> <\/a> <div class=\"tiled-gallery-caption\" itemprop=\"caption description\"> Juan Gonz\u00e1lez, administrador de Carnes Kar de San Felipe. <\/div> <\/div> <\/div> <!-- close group --> <\/div> <!-- close row --> <\/div>\n","protected":false},"excerpt":{"rendered":"<p>Como cada matrimonio en la vida, siempre se vive so\u00f1ando, planificando, ahorrando y hasta sacrific\u00e1ndonos mutuamente para lograr cumplir nuestros proyectos de pareja, es vertiginoso c\u00famulo de planes tambi\u00e9n los ten\u00edan en&#8230;<\/p>\n","protected":false},"author":482,"featured_media":48850,"comment_status":"open","ping_status":"closed","sticky":false,"template":"","format":"standard","meta":{"advanced_seo_description":"","jetpack_seo_html_title":"","jetpack_seo_noindex":false,"_jetpack_memberships_contains_paid_content":false,"footnotes":""},"categories":[15],"tags":[],"class_list":["post-48849","post","type-post","status-publish","format-standard","has-post-thumbnail","hentry","category-comunidad"],"jetpack_featured_media_url":"https:\/\/i0.wp.com\/eltrabajo.cl\/portal\/wp-content\/uploads\/2014\/07\/Ruinas1.jpg?fit=529%2C358&ssl=1","jetpack_sharing_enabled":true,"jetpack_likes_enabled":true,"jetpack-related-posts":[],"_links":{"self":[{"href":"https:\/\/eltrabajo.cl\/portal\/wp-json\/wp\/v2\/posts\/48849","targetHints":{"allow":["GET"]}}],"collection":[{"href":"https:\/\/eltrabajo.cl\/portal\/wp-json\/wp\/v2\/posts"}],"about":[{"href":"https:\/\/eltrabajo.cl\/portal\/wp-json\/wp\/v2\/types\/post"}],"author":[{"embeddable":true,"href":"https:\/\/eltrabajo.cl\/portal\/wp-json\/wp\/v2\/users\/482"}],"replies":[{"embeddable":true,"href":"https:\/\/eltrabajo.cl\/portal\/wp-json\/wp\/v2\/comments?post=48849"}],"version-history":[{"count":0,"href":"https:\/\/eltrabajo.cl\/portal\/wp-json\/wp\/v2\/posts\/48849\/revisions"}],"wp:featuredmedia":[{"embeddable":true,"href":"https:\/\/eltrabajo.cl\/portal\/wp-json\/wp\/v2\/media\/48850"}],"wp:attachment":[{"href":"https:\/\/eltrabajo.cl\/portal\/wp-json\/wp\/v2\/media?parent=48849"}],"wp:term":[{"taxonomy":"category","embeddable":true,"href":"https:\/\/eltrabajo.cl\/portal\/wp-json\/wp\/v2\/categories?post=48849"},{"taxonomy":"post_tag","embeddable":true,"href":"https:\/\/eltrabajo.cl\/portal\/wp-json\/wp\/v2\/tags?post=48849"}],"curies":[{"name":"wp","href":"https:\/\/api.w.org\/{rel}","templated":true}]}}