{"id":48865,"date":"2014-07-15T09:38:57","date_gmt":"2014-07-15T13:38:57","guid":{"rendered":"http:\/\/www.eltrabajo.cl\/portal\/?p=48865"},"modified":"2014-07-15T09:38:57","modified_gmt":"2014-07-15T13:38:57","slug":"lo-apunalan-para-robarle-celular-y-una-cajetilla-de-cigarrillos","status":"publish","type":"post","link":"https:\/\/eltrabajo.cl\/portal\/lo-apunalan-para-robarle-celular-y-una-cajetilla-de-cigarrillos\/","title":{"rendered":"Lo apu\u00f1alan para robarle celular y una cajetilla de cigarrillos"},"content":{"rendered":"<figure id=\"attachment_48866\" aria-describedby=\"caption-attachment-48866\" style=\"width: 370px\" class=\"wp-caption alignleft\"><a href=\"https:\/\/i0.wp.com\/www.eltrabajo.cl\/portal\/wp-content\/uploads\/2014\/07\/Cortaplumas1.jpg\"><img data-recalc-dims=\"1\" loading=\"lazy\" decoding=\"async\" class=\" wp-image-48866 \" alt=\"El tribunal resolvi\u00f3 dejar al menor s\u00f3lo con la medida cautelar de Firma diaria en el Ministerio P\u00fablico y Prohibici\u00f3n de acercarse a la v\u00edctima y a su amiga.\" src=\"https:\/\/i0.wp.com\/www.eltrabajo.cl\/portal\/wp-content\/uploads\/2014\/07\/Cortaplumas1.jpg?resize=370%2C264\" width=\"370\" height=\"264\" srcset=\"https:\/\/i0.wp.com\/eltrabajo.cl\/portal\/wp-content\/uploads\/2014\/07\/Cortaplumas1.jpg?w=529&amp;ssl=1 529w, https:\/\/i0.wp.com\/eltrabajo.cl\/portal\/wp-content\/uploads\/2014\/07\/Cortaplumas1.jpg?resize=200%2C142&amp;ssl=1 200w, https:\/\/i0.wp.com\/eltrabajo.cl\/portal\/wp-content\/uploads\/2014\/07\/Cortaplumas1.jpg?resize=300%2C213&amp;ssl=1 300w, https:\/\/i0.wp.com\/eltrabajo.cl\/portal\/wp-content\/uploads\/2014\/07\/Cortaplumas1.jpg?resize=150%2C106&amp;ssl=1 150w, https:\/\/i0.wp.com\/eltrabajo.cl\/portal\/wp-content\/uploads\/2014\/07\/Cortaplumas1.jpg?resize=400%2C285&amp;ssl=1 400w\" sizes=\"auto, (max-width: 370px) 100vw, 370px\" \/><\/a><figcaption id=\"caption-attachment-48866\" class=\"wp-caption-text\">El tribunal resolvi\u00f3 dejar al menor s\u00f3lo con la medida cautelar de Firma diaria en el Ministerio P\u00fablico y Prohibici\u00f3n de acercarse a la v\u00edctima y a su amiga.<\/figcaption><\/figure>\n<p><strong>LOS ANDES<\/strong>.- Con cortes en su brazo izquierdo y otras lesiones menores, result\u00f3 un adolescente de 16 a\u00f1os que fue asaltado por un joven de su misma edad cuando se encontraba en compa\u00f1\u00eda de una amiga en una plazoleta de Villa El Horizonte. El hecho se produjo pasada la una de la ma\u00f1ana, cuando en la plazoleta ubicada en Calle Vicente Huidobro se encontraba la v\u00edctima J.P.P.N. en compa\u00f1\u00eda de una amiga.<\/p>\n<p>En esos momentos se produjo un corte de luz en el sector y al regresar la iluminaci\u00f3n de los postes se les acerc\u00f3 un joven, quien les pidi\u00f3 cigarrillos. El afectado le convido uno, pero luego el otro joven tom\u00f3 una botella y lo golpe\u00f3 en la cabeza, para luego extraer de entre sus ropas un cortaplumas y comenzar a lanzarle cortes.<\/p>\n<p>En esos instantes la amiga del joven agredido intent\u00f3 ayudarlo, siendo tambi\u00e9n atacada por el asaltante, ante lo cual debi\u00f3 defenderse con la patineta. Finalmente el agresor le exigi\u00f3 a la v\u00edctima la entrega de todas sus especies de valor, debiendo esta pasarle el paquete de cigarrillos y su tel\u00e9fono celular. Acto seguido el asaltante se dio a la fuga en compa\u00f1\u00eda de un segundo sujeto que lo acompa\u00f1aba y que no particip\u00f3 en la agresi\u00f3n.<\/p>\n<p>En tanto, el joven asaltado se fue a la casa de su amiga donde se dio cuenta que hab\u00eda sufrido cortes en el brazo y codo izquierdo, adem\u00e1s de hematomas en otras partes del cuerpo. Como la amiga del joven ubicaba al agresor por haber sido polola de una ex-amiga, llamaron a Carabineros denunciando el hecho e informando la identidad del agresor. De esta manera personal del Cuadrante 3 lleg\u00f3 hasta esa poblaci\u00f3n y un patrullaje detuvo al asaltante que fue identificado con las iniciales F.B.I.R., de 16 a\u00f1os.<\/p>\n<p>El joven fue puesto a disposici\u00f3n del Tribunal de Garant\u00eda de Los Andes donde el Fiscal Alberto Gertosio lo formaliz\u00f3 por el delito de Robo con violencia, solicitando la medida cautelar de Arresto domiciliario nocturno. Sin embargo, el defensor Juan Jos\u00e9 Diez se opuso a la cautelar, argumentando que se trat\u00f3 de una ri\u00f1a entre adolescentes y que su representado fue atacado con una patineta por la presunta v\u00edctima y como defensa us\u00f3 el cortaplumas.<\/p>\n<p>Ante estos hechos, el tribunal resolvi\u00f3 dejar al menor s\u00f3lo con la medida cautelar de Firma diaria en el Ministerio P\u00fablico y Prohibici\u00f3n de acercarse a la v\u00edctima y a su amiga, estableciendo un plazo de investigaci\u00f3n de 60 d\u00edas.<\/p>\n<p>&nbsp;<\/p>\n","protected":false},"excerpt":{"rendered":"<p>LOS ANDES.- Con cortes en su brazo izquierdo y otras lesiones menores, result\u00f3 un adolescente de 16 a\u00f1os que fue asaltado por un joven de su misma edad cuando se encontraba en&#8230;<\/p>\n","protected":false},"author":482,"featured_media":48866,"comment_status":"open","ping_status":"closed","sticky":false,"template":"","format":"standard","meta":{"advanced_seo_description":"","jetpack_seo_html_title":"","jetpack_seo_noindex":false,"_jetpack_memberships_contains_paid_content":false,"footnotes":""},"categories":[21],"tags":[],"class_list":["post-48865","post","type-post","status-publish","format-standard","has-post-thumbnail","hentry","category-policial"],"jetpack_featured_media_url":"https:\/\/i0.wp.com\/eltrabajo.cl\/portal\/wp-content\/uploads\/2014\/07\/Cortaplumas1.jpg?fit=529%2C377&ssl=1","jetpack_sharing_enabled":true,"jetpack_likes_enabled":true,"jetpack-related-posts":[],"_links":{"self":[{"href":"https:\/\/eltrabajo.cl\/portal\/wp-json\/wp\/v2\/posts\/48865","targetHints":{"allow":["GET"]}}],"collection":[{"href":"https:\/\/eltrabajo.cl\/portal\/wp-json\/wp\/v2\/posts"}],"about":[{"href":"https:\/\/eltrabajo.cl\/portal\/wp-json\/wp\/v2\/types\/post"}],"author":[{"embeddable":true,"href":"https:\/\/eltrabajo.cl\/portal\/wp-json\/wp\/v2\/users\/482"}],"replies":[{"embeddable":true,"href":"https:\/\/eltrabajo.cl\/portal\/wp-json\/wp\/v2\/comments?post=48865"}],"version-history":[{"count":0,"href":"https:\/\/eltrabajo.cl\/portal\/wp-json\/wp\/v2\/posts\/48865\/revisions"}],"wp:featuredmedia":[{"embeddable":true,"href":"https:\/\/eltrabajo.cl\/portal\/wp-json\/wp\/v2\/media\/48866"}],"wp:attachment":[{"href":"https:\/\/eltrabajo.cl\/portal\/wp-json\/wp\/v2\/media?parent=48865"}],"wp:term":[{"taxonomy":"category","embeddable":true,"href":"https:\/\/eltrabajo.cl\/portal\/wp-json\/wp\/v2\/categories?post=48865"},{"taxonomy":"post_tag","embeddable":true,"href":"https:\/\/eltrabajo.cl\/portal\/wp-json\/wp\/v2\/tags?post=48865"}],"curies":[{"name":"wp","href":"https:\/\/api.w.org\/{rel}","templated":true}]}}